{"id":1829,"date":"2018-07-14T00:47:24","date_gmt":"2018-07-14T03:47:24","guid":{"rendered":"http:\/\/argentinatermal.com.ar\/?p=1829"},"modified":"2018-07-14T00:47:24","modified_gmt":"2018-07-14T03:47:24","slug":"termatalia-brasil-2018-celebrara-el-1o-encuentro-latinoamericano-de-termalismo","status":"publish","type":"post","link":"https:\/\/argentinatermal.com.ar\/?p=1829","title":{"rendered":"Termatalia Brasil 2018 celebrar\u00e1 el 1\u00ba Encuentro Latinoamericano de Termalismo"},"content":{"rendered":"<ul>\n<li class=\"subtit\"><strong><em>&gt;&gt; Se celebrar\u00e1 el viernes 14 de septiembre en el marco del 13\u00ba Encuentro Internacional sobre Agua y Salud que se celebra entre el 12 y el 14 de septiembre<\/em><\/strong><\/li>\n<\/ul>\n<table border=\"0\" width=\"100%\" cellspacing=\"0\" cellpadding=\"0\">\n<tbody>\n<tr>\n<td class=\"noticia\">\n<div>Termatalia Brasil 2018 se celebrar\u00e1 entre el 12 y el 14 de septiembre en el Centro de Convenciones Maestra del Hotel Recanto Cataratas de Foz do Igua\u00e7u, en el Estado de Paran\u00e1, bajo el lema \u201cLa Energ\u00eda de las Aguas\u201d. El objetivo de la Feria Internacional de Turismo Termal, Salud y Bienestar ser\u00e1 actuar como agente dinamizador del sector del turismo de salud a nivel mundial poniendo el foco principal en la puesta en valor de recursos naturales como el Agua.<\/div>\n<div><\/div>\n<div>El negocio y el conocimiento son los dos grandes ejes de Termatalia Brasil que convocar\u00e1 a profesionales de una treintena de pa\u00edses de Euroasia y Am\u00e9rica Latina. Esta feria se ha posicionado como un importante centro de capacitaci\u00f3n profesional y, adem\u00e1s de los cursos especializados, la formaci\u00f3n en esta cita se engloba en el denominado Encuentro Internacional sobre Agua y Salud, que celebra su d\u00e9cimo tercera edici\u00f3n convertido en uno de los foros sobre turismo de salud m\u00e1s importantes del Mundo, presentar\u00e1 los proyectos m\u00e1s innovadores en el desarrollo del turismo de salud y bienestar a nivel mundial.<\/div>\n<div><\/div>\n<div>La principal novedad de esta edici\u00f3n ser\u00e1 la celebraci\u00f3n del 1\u00ba Encuentro Latinoamericano de Termalismo, previsto para la ma\u00f1ana del viernes 14 de septiembre y en el que se abordar\u00e1n temas como el Termalismo Social en los Sistemas de Salud P\u00fablica o las Terapias Termales en Am\u00e9rica Latina, entre otros. Este encuentro contar\u00e1 con la colaboraci\u00f3n de la Universidad Federal de Integraci\u00f3n Latinoamericana, UNILA, con sede en Foz do Igua\u00e7u.<\/div>\n<div><\/div>\n<div>Este 1\u00ba encuentro contar\u00e1 con la participaci\u00f3n de profesionales de pa\u00edses como Espa\u00f1a, Brasil, M\u00e9xico, Argentina, Colombia, Ecuador o Costa Rica. Entre los temas que se abordar\u00e1n destaca el termalismo social, las terapias termales o el desarrollo de la ofertas complementaria en destinos de salud y bienestar.<\/div>\n<div><\/div>\n<div>El Encuentro Internacional sobre Agua y Salud acoger\u00e1 cuatro sesiones m\u00e1s que abordar\u00e1n el turismo de salud desde distintas \u00f3pticas (Sesi\u00f3n sobre Gesti\u00f3n, Innovaci\u00f3n y Sostenibilidad; Sesi\u00f3n sobre Gesti\u00f3n e Integraci\u00f3n del Wellness y los recursos naturales; Encuentro de Ciudades y Villas Termales y Sesi\u00f3n sobre Hidrolog\u00eda M\u00e9dica).<\/div>\n<div><\/div>\n<div>Consulte programa actualizado en: <a title=\"\" href=\"http:\/\/termatalia.com\/lat6.php\" target=\"_blank\" rel=\"noopener\">http:\/\/termatalia.com\/lat6.php\u00a0<\/a><\/div>\n<div><\/div>\n<div>Inscripciones en Ficha adjunta.<\/div>\n<div><\/div>\n<\/td>\n<\/tr>\n<\/tbody>\n<\/table>\n<p class=\"rojogrueso\">Documentos relacionados<\/p>\n<table border=\"0\" width=\"288\" cellspacing=\"0\" cellpadding=\"0\" align=\"center\">\n<tbody>\n<tr>\n<td width=\"82\"><img decoding=\"async\" src=\"http:\/\/www.termatalia.com\/img\/iconos\/word.png\" border=\"0\" \/><\/td>\n<td style=\"text-align: justify\" width=\"206\"><a href=\"http:\/\/www.termatalia.com\/xerp\/noticias\/descargar.php?id=71&amp;tit=FICHA%20INSCRIPCI%C3%93N%20ENCUENTRO\">FICHA INSCRIPCI\u00d3N ENCUENTRO<\/a><\/td>\n<\/tr>\n<\/tbody>\n<\/table>\n","protected":false},"excerpt":{"rendered":"<p>&gt;&gt; Se celebrar\u00e1 el viernes 14 de septiembre en el marco del 13\u00ba Encuentro Internacional sobre Agua y Salud que se celebra entre el 12 y el 14 de septiembre Termatalia Brasil 2018 se celebrar\u00e1 entre el 12 y el 14 de septiembre en el Centro de Convenciones Maestra del Hotel Recanto Cataratas de Foz [&hellip;]<\/p>\n","protected":false},"author":1,"featured_media":1830,"comment_status":"open","ping_status":"open","sticky":false,"template":"","format":"standard","meta":{"footnotes":""},"categories":[30,22],"tags":[],"class_list":["post-1829","post","type-post","status-publish","format-standard","has-post-thumbnail","hentry","category-temas-relacionados","category-turismo-sostenible"],"_links":{"self":[{"href":"https:\/\/argentinatermal.com.ar\/index.php?rest_route=\/wp\/v2\/posts\/1829","targetHints":{"allow":["GET"]}}],"collection":[{"href":"https:\/\/argentinatermal.com.ar\/index.php?rest_route=\/wp\/v2\/posts"}],"about":[{"href":"https:\/\/argentinatermal.com.ar\/index.php?rest_route=\/wp\/v2\/types\/post"}],"author":[{"embeddable":true,"href":"https:\/\/argentinatermal.com.ar\/index.php?rest_route=\/wp\/v2\/users\/1"}],"replies":[{"embeddable":true,"href":"https:\/\/argentinatermal.com.ar\/index.php?rest_route=%2Fwp%2Fv2%2Fcomments&post=1829"}],"version-history":[{"count":1,"href":"https:\/\/argentinatermal.com.ar\/index.php?rest_route=\/wp\/v2\/posts\/1829\/revisions"}],"predecessor-version":[{"id":1831,"href":"https:\/\/argentinatermal.com.ar\/index.php?rest_route=\/wp\/v2\/posts\/1829\/revisions\/1831"}],"wp:featuredmedia":[{"embeddable":true,"href":"https:\/\/argentinatermal.com.ar\/index.php?rest_route=\/wp\/v2\/media\/1830"}],"wp:attachment":[{"href":"https:\/\/argentinatermal.com.ar\/index.php?rest_route=%2Fwp%2Fv2%2Fmedia&parent=1829"}],"wp:term":[{"taxonomy":"category","embeddable":true,"href":"https:\/\/argentinatermal.com.ar\/index.php?rest_route=%2Fwp%2Fv2%2Fcategories&post=1829"},{"taxonomy":"post_tag","embeddable":true,"href":"https:\/\/argentinatermal.com.ar\/index.php?rest_route=%2Fwp%2Fv2%2Ftags&post=1829"}],"curies":[{"name":"wp","href":"https:\/\/api.w.org\/{rel}","templated":true}]}}