{"id":1842,"date":"2018-07-17T12:09:02","date_gmt":"2018-07-17T15:09:02","guid":{"rendered":"http:\/\/argentinatermal.com.ar\/?p=1842"},"modified":"2018-07-17T12:09:02","modified_gmt":"2018-07-17T15:09:02","slug":"en-espana-falta-la-voluntad-politica-que-facilite-el-confort-necesario-para-invertir-en-agua","status":"publish","type":"post","link":"https:\/\/argentinatermal.com.ar\/?p=1842","title":{"rendered":"\u00abEn Espa\u00f1a, falta la voluntad pol\u00edtica que facilite el confort necesario para invertir en agua\u00bb"},"content":{"rendered":"<p><a class=\"alinks-link\" title=\"Ver noticias de la Comunidad Valenciana\" href=\"https:\/\/www.iagua.es\/comunidad-valenciana\">Valencia<\/a> fue escenario el pasado 25 de junio la presentaci\u00f3n del iAgua Magazine 19. El evento tuvo lugar en el marco de la la Conferencia Internacional sobre <a class=\"alinks-link\" title=\"Ver m\u00e1s noticias sobre Reutilizaci\u00f3n\" href=\"https:\/\/www.iagua.es\/noticias\/reutilizacion\">Reutilizaci\u00f3n<\/a> y Reciclaje organizada por la International Desalination Association (IDA).<\/p>\n<p>La jornada cont\u00f3 con un Di\u00e1logo iAgua, protagonizado por F\u00e9lix Parra, Director General de <a class=\"alinks-link\" title=\"Aqualia\" href=\"https:\/\/www.iagua.es\/aqualia\">Aqualia<\/a>, y Alejandro Maceira, Director de iAgua.<\/p>\n<p>Durante la charla, Parra aventur\u00f3 los temas prioritarios en materia de agua a abordar en la nueva etapa pol\u00edtica con Pedro S\u00e1nchez al frente.<\/p>\n<p>Entre ellos, destac\u00f3 la apuesta por poner el ciclo urbano del agua en primera l\u00ednea de asuntos a atender por las administraciones p\u00fablicas o la necesidad de una voluntad de inversi\u00f3n en infraestructuras a trav\u00e9s de mayor impuso pol\u00edtico y un mejor marco regulatorio que lo facilite.<\/p>\n<p>Fuente:\u00a0www.iagua.es<\/p>\n<p><iframe title=\"&quot;En Espa\u00f1a, falta la voluntad pol\u00edtica que facilite el confort necesario para invertir en agua&quot;\" width=\"640\" height=\"360\" src=\"https:\/\/www.youtube.com\/embed\/CHKt8YPBrtM?feature=oembed\" frameborder=\"0\" allow=\"accelerometer; autoplay; clipboard-write; encrypted-media; gyroscope; picture-in-picture; web-share\" referrerpolicy=\"strict-origin-when-cross-origin\" allowfullscreen><\/iframe><\/p>\n","protected":false},"excerpt":{"rendered":"<p>Valencia fue escenario el pasado 25 de junio la presentaci\u00f3n del iAgua Magazine 19. El evento tuvo lugar en el marco de la la Conferencia Internacional sobre Reutilizaci\u00f3n y Reciclaje organizada por la International Desalination Association (IDA). La jornada cont\u00f3 con un Di\u00e1logo iAgua, protagonizado por F\u00e9lix Parra, Director General de Aqualia, y Alejandro Maceira, [&hellip;]<\/p>\n","protected":false},"author":1,"featured_media":1843,"comment_status":"open","ping_status":"open","sticky":false,"template":"","format":"standard","meta":{"footnotes":""},"categories":[3,28],"tags":[],"class_list":["post-1842","post","type-post","status-publish","format-standard","has-post-thumbnail","hentry","category-multimedia","category-portales-de-servicios-e-informacion"],"_links":{"self":[{"href":"https:\/\/argentinatermal.com.ar\/index.php?rest_route=\/wp\/v2\/posts\/1842","targetHints":{"allow":["GET"]}}],"collection":[{"href":"https:\/\/argentinatermal.com.ar\/index.php?rest_route=\/wp\/v2\/posts"}],"about":[{"href":"https:\/\/argentinatermal.com.ar\/index.php?rest_route=\/wp\/v2\/types\/post"}],"author":[{"embeddable":true,"href":"https:\/\/argentinatermal.com.ar\/index.php?rest_route=\/wp\/v2\/users\/1"}],"replies":[{"embeddable":true,"href":"https:\/\/argentinatermal.com.ar\/index.php?rest_route=%2Fwp%2Fv2%2Fcomments&post=1842"}],"version-history":[{"count":1,"href":"https:\/\/argentinatermal.com.ar\/index.php?rest_route=\/wp\/v2\/posts\/1842\/revisions"}],"predecessor-version":[{"id":1844,"href":"https:\/\/argentinatermal.com.ar\/index.php?rest_route=\/wp\/v2\/posts\/1842\/revisions\/1844"}],"wp:featuredmedia":[{"embeddable":true,"href":"https:\/\/argentinatermal.com.ar\/index.php?rest_route=\/wp\/v2\/media\/1843"}],"wp:attachment":[{"href":"https:\/\/argentinatermal.com.ar\/index.php?rest_route=%2Fwp%2Fv2%2Fmedia&parent=1842"}],"wp:term":[{"taxonomy":"category","embeddable":true,"href":"https:\/\/argentinatermal.com.ar\/index.php?rest_route=%2Fwp%2Fv2%2Fcategories&post=1842"},{"taxonomy":"post_tag","embeddable":true,"href":"https:\/\/argentinatermal.com.ar\/index.php?rest_route=%2Fwp%2Fv2%2Ftags&post=1842"}],"curies":[{"name":"wp","href":"https:\/\/api.w.org\/{rel}","templated":true}]}}