{"id":1850,"date":"2018-07-19T19:04:44","date_gmt":"2018-07-19T22:04:44","guid":{"rendered":"http:\/\/argentinatermal.com.ar\/?p=1850"},"modified":"2018-07-19T19:04:44","modified_gmt":"2018-07-19T22:04:44","slug":"costa-rica-sera-sede-del-congreso-internacional-de-bienestar-y-spa","status":"publish","type":"post","link":"https:\/\/argentinatermal.com.ar\/?p=1850","title":{"rendered":"Costa Rica ser\u00e1 sede del Congreso Internacional de Bienestar y Spa"},"content":{"rendered":"<p style=\"text-align: justify\">Bajo el lema \u201cvivir mas y mejor, la naturaleza como gu\u00eda\u201d, del 31 de agosto al 02 de setiembre, La Fortuna de San Carlos ser\u00e1 el escenario del I Congreso Internacional de Bienestar y Spa, una iniciativa que busca consolidar este nicho dentro de la oferta tur\u00edstica nacional y la capacitaci\u00f3n del sector a nivel regional, desde una zona reconocida mundialmente por sus aguas termales, como un destino de bienestar.<\/p>\n<p style=\"text-align: justify\"><a href=\"http:\/\/argentinatermal.com.ar\/wp-content\/uploads\/2018\/07\/Congreso.png\"><img decoding=\"async\" class=\"size-medium wp-image-1851 alignleft\" src=\"http:\/\/argentinatermal.com.ar\/wp-content\/uploads\/2018\/07\/Congreso-300x300.png\" alt=\"\" width=\"300\" height=\"300\" srcset=\"https:\/\/argentinatermal.com.ar\/wp-content\/uploads\/2018\/07\/Congreso-300x300.png 300w, https:\/\/argentinatermal.com.ar\/wp-content\/uploads\/2018\/07\/Congreso-150x150.png 150w, https:\/\/argentinatermal.com.ar\/wp-content\/uploads\/2018\/07\/Congreso-768x768.png 768w, https:\/\/argentinatermal.com.ar\/wp-content\/uploads\/2018\/07\/Congreso-696x696.png 696w, https:\/\/argentinatermal.com.ar\/wp-content\/uploads\/2018\/07\/Congreso-420x420.png 420w, https:\/\/argentinatermal.com.ar\/wp-content\/uploads\/2018\/07\/Congreso.png 800w\" sizes=\"(max-width: 300px) 100vw, 300px\" \/><\/a><\/p>\n<p style=\"text-align: justify\">Esto en un encuentro internacional que re\u00fane a l\u00edderes y expertos internacionales del sector Wellness para hablar sobre los retos y oportunidades, conocer mejor las tendencias globales y dar forma de manera positiva a la econom\u00eda de bienestar mundial de $ 3.7 trillones en el 2015,\u00a0 de acuerdo con datos del Global Wellness Institute<\/p>\n<p style=\"text-align: justify\">\u201cEste evento congregar\u00e1 a ocho expositores provenientes de varios pa\u00edses, quienes durante tres d\u00edas de conferencias, paneles, actividades sensoriales y conversatorios expondr\u00e1n acerca de lo m\u00e1s novedoso, relacionado con el wellness a nivel global y su impacto en Costa Rica, en una actividad que le permitir\u00e1 al asistente\u00a0 reconocer lo que mueve el presente y futuro de la industria para\u00a0 mejorar la oferta e impulsar la \u00a0innovaci\u00f3n con sello propio\u201d, indic\u00f3 Stephanie Villegas, del comit\u00e9 organizador.<\/p>\n<p style=\"text-align: justify\">Organiza Costa Rica Wellness Development en colaboraci\u00f3n con la Asociaci\u00f3n Latinoamericana de Spa, la Asociaci\u00f3n Costarricense de Turismo de Bienestar, el Instituto Nacional de Aprendizaje, el Instituto Costarricense de Turismo y CANATUR, INTECO, Instituciones que tendr\u00e1n adem\u00e1s participaci\u00f3n en un foro a desarrollarse durante el Congreso, con el objetivo de analizar el rol del gobierno ante el nuevo paradigma del bienestary la necesidad de cooperaci\u00f3n entre el sector publico y privado para crear normativas que garanticen la calidad de los servicios brindados en el sector.<\/p>\n<p style=\"text-align: justify\">Este es el encuentro m\u00e1s importante del sector Wellness en Latinoam\u00e9rica, evento que tambi\u00e9n contar\u00e1 con una cata de aguas y con la feria Pymes Bienestar y Spa.<\/p>\n<p style=\"text-align: justify\">Adjuntamos datos de los conferencistas y los temas a desarrollar.<\/p>\n<p style=\"text-align: justify\">https:\/\/www.facebook.com\/CongresoInternacionaldeBienestarySpa\/<\/p>\n<p style=\"text-align: justify\">Para obtener mayor informaci\u00f3n sobre el Congreso Internacional de Bienestar y Spa, puede visitar el sitio web: <a href=\"https:\/\/cibscr.com\/\">https:\/\/cibscr.com<\/a> o escribir al correo <a href=\"mailto:puravida@cibscr.com\">puravida@cibscr.com<\/a>.<\/p>\n","protected":false},"excerpt":{"rendered":"<p>Bajo el lema \u201cvivir mas y mejor, la naturaleza como gu\u00eda\u201d, del 31 de agosto al 02 de setiembre, La Fortuna de San Carlos ser\u00e1 el escenario del I Congreso Internacional de Bienestar y Spa, una iniciativa que busca consolidar este nicho dentro de la oferta tur\u00edstica nacional y la capacitaci\u00f3n del sector a nivel [&hellip;]<\/p>\n","protected":false},"author":1,"featured_media":1852,"comment_status":"open","ping_status":"open","sticky":false,"template":"","format":"standard","meta":{"footnotes":""},"categories":[31,29,12,28,30,15],"tags":[],"class_list":["post-1850","post","type-post","status-publish","format-standard","has-post-thumbnail","hentry","category-colaboradores","category-datos-utiles","category-internacionales","category-portales-de-servicios-e-informacion","category-temas-relacionados","category-turismo-de-bienestar"],"_links":{"self":[{"href":"https:\/\/argentinatermal.com.ar\/index.php?rest_route=\/wp\/v2\/posts\/1850","targetHints":{"allow":["GET"]}}],"collection":[{"href":"https:\/\/argentinatermal.com.ar\/index.php?rest_route=\/wp\/v2\/posts"}],"about":[{"href":"https:\/\/argentinatermal.com.ar\/index.php?rest_route=\/wp\/v2\/types\/post"}],"author":[{"embeddable":true,"href":"https:\/\/argentinatermal.com.ar\/index.php?rest_route=\/wp\/v2\/users\/1"}],"replies":[{"embeddable":true,"href":"https:\/\/argentinatermal.com.ar\/index.php?rest_route=%2Fwp%2Fv2%2Fcomments&post=1850"}],"version-history":[{"count":1,"href":"https:\/\/argentinatermal.com.ar\/index.php?rest_route=\/wp\/v2\/posts\/1850\/revisions"}],"predecessor-version":[{"id":1853,"href":"https:\/\/argentinatermal.com.ar\/index.php?rest_route=\/wp\/v2\/posts\/1850\/revisions\/1853"}],"wp:featuredmedia":[{"embeddable":true,"href":"https:\/\/argentinatermal.com.ar\/index.php?rest_route=\/wp\/v2\/media\/1852"}],"wp:attachment":[{"href":"https:\/\/argentinatermal.com.ar\/index.php?rest_route=%2Fwp%2Fv2%2Fmedia&parent=1850"}],"wp:term":[{"taxonomy":"category","embeddable":true,"href":"https:\/\/argentinatermal.com.ar\/index.php?rest_route=%2Fwp%2Fv2%2Fcategories&post=1850"},{"taxonomy":"post_tag","embeddable":true,"href":"https:\/\/argentinatermal.com.ar\/index.php?rest_route=%2Fwp%2Fv2%2Ftags&post=1850"}],"curies":[{"name":"wp","href":"https:\/\/api.w.org\/{rel}","templated":true}]}}