{"id":1912,"date":"2018-08-13T20:13:44","date_gmt":"2018-08-13T23:13:44","guid":{"rendered":"http:\/\/argentinatermal.com.ar\/?p=1912"},"modified":"2018-08-13T20:14:04","modified_gmt":"2018-08-13T23:14:04","slug":"nuestro-sector-es-el-unico-con-la-posibilidad-de-llegar-a-donde-no-llegan-otros-sectores","status":"publish","type":"post","link":"https:\/\/argentinatermal.com.ar\/?p=1912","title":{"rendered":"\u201cNuestro sector es el \u00fanico con la posibilidad de llegar a donde no llegan otros sectores\u201d"},"content":{"rendered":"<p><strong>147\u00aa ASAMBLEA DEL CFT<\/strong><\/p>\n<p>As\u00ed lo asegur\u00f3 el ministro de Turismo de la Naci\u00f3n, Gustavo Santos durante la reuni\u00f3n del Consejo Federal de Turismo que convoc\u00f3 a las m\u00e1ximas autoridades del sector de 22 provincias de nuestro pa\u00eds, en la ciudad de San Miguel de Tucum\u00e1n.<\/p>\n<p>El ministro de Turismo de la Naci\u00f3n, Gustavo Santos; encabez\u00f3, junto al gobernador de la provincia de Tucum\u00e1n, Juan Manzur y el ministro de Transporte, Guillermo Dietrich, la 147\u00aa asamblea del Consejo Federal de Turismo (CFT), que sesion\u00f3 hoy en la capital de la provincia y cont\u00f3 con la participaci\u00f3n de los m\u00e1ximos responsables del sector. Estuvieron presentes tambi\u00e9n el presidente del Ente Aut\u00e1rquico Tucum\u00e1n Turismo, Sebasti\u00e1n Giobellina; el presidente del Consejo Federal de Turismo y del Ente de Turismo de la Ciudad de Buenos Aires, Gonzalo Robredo; y el presidente de la C\u00e1mara Argentina de Turismo, Aldo El\u00edas.<\/p>\n<p>Santos afirm\u00f3 que \u201ceste es un gran equipo que coopera por una misma causa: el turismo argentino, con el foco puesto en el desarrollo end\u00f3geno de las econom\u00edas y el arraigo de nuestra gente\u201d. Finaliz\u00f3 incentivando a los presentes: \u201cNuestro sector es el \u00fanico con la posibilidad de llegar a donde no llegan otros sectores, sigamos trabajando juntos, por y para el turismo\u201d.<\/p>\n<p>El gobernador Manzur le dio la bienvenida a todos los presentes en nombre del Gobierno de Tucum\u00e1n y mostr\u00f3 su satisfacci\u00f3n por recibir a los representantes de turismo de las provincias. Expres\u00f3 la necesidad de \u201csumar esfuerzos, ya que nadie puede solo, y de aportar desde el lugar que cada uno puede. Estos encuentros logran movilizar lo mejor del ser humano y m\u00e1s a\u00fan en este sector donde el trabajo genera bienestar para nuestra gente\u201d.<\/p>\n<p>El ministro de Transporte de la Naci\u00f3n, Guillermo Dietrich, particip\u00f3 en la Asamblea brindando una presentaci\u00f3n sobre traslados a\u00e9reos y terrestres, aeropuertos provinciales, normativas, obras e inversiones. All\u00ed agradeci\u00f3 a Santos \u201cpor abrirnos las puertas para que podamos participar\u201d. \u201cGracias a la Revoluci\u00f3n de los Aviones fue posible que lleguemos hoy a la tarde y nos vayamos ma\u00f1ana temprano\u201d, concluy\u00f3.<\/p>\n<p>Por \u00faltimo Giobellina manifest\u00f3: \u201cTrabajar junto al ministro Santos y su Gabinete en nuestra provincia nos motiva a continuar haci\u00e9ndolo de manera consensuada. Pudimos mostrar el resultado de esta colaboraci\u00f3n con lo generado en el Centro de Interpretaci\u00f3n de Quilmes y ello nos anima a continuar mejorando nuestra oferta provincial, con la certeza de alcanzar a\u00fan mejores objetivos con mayor intensidad y articulaci\u00f3n.\u201d.<\/p>\n<p>Tambi\u00e9n participaron del Ministerio de Turismo de la Naci\u00f3n, el secretario de Desarrollo y Promoci\u00f3n Tur\u00edstica, Alejandro Lastra; los subsecretarios de Innovaci\u00f3n Tecnolog\u00eda y Calidad, Pablo Casals; de Desarrollo, Mariano Ovejero y de Promoci\u00f3n Fernando Garc\u00eda Soria; y el director del Consejo Federal de Turismo, Claudio Massetti.<\/p>\n<p>Durante el evento se firmaron dos convenios de colaboraci\u00f3n entre el Ministerio de Turismo de la Naci\u00f3n y las provincias de Salta y Corrientes, para el desarrollo del Plan Federal de Turismo Social. Contemplan el otorgamiento por parte del Mintur de plazas de las Unidades Tur\u00edsticas de Embalse y Chapadmalal para que cada provincia disponga de las mismas y las asigne, seg\u00fan el requerimiento de las Municipalidades, a escuelas, centros de jubilados y particulares.<\/p>\n<p>En la Asamblea se realizaron presentaciones de diversas \u00e1reas del Ministerio de Turismo -Estad\u00edstica, Desarrollo y Prestaciones Tur\u00edsticas-, se trataron casos de Buenas Pr\u00e1cticas y hubo reuniones de las Comisiones de trabajo de Conectividad y Ferias, con una exposici\u00f3n de los resultados y avances logrados en ellas. Tambi\u00e9n se realiz\u00f3 un taller del Instituto Nacional de Promoci\u00f3n Tur\u00edstica y una presentaci\u00f3n de la C\u00e1mara Argentina de Turismo.<\/p>\n<p>Como parte del viaje del Ministro Santos a la provincia, realiz\u00f3 una visita a la Ciudad Sagrada de Quilmes donde transit\u00f3 por los vestigios del Pueblo Originario y el Centro de Interpretaci\u00f3n inaugurado en febrero de este a\u00f1o con aportes del Ministerio de Turismo de la Naci\u00f3n. El recorrido estuvo a cargo de gu\u00edas de sitio que junto a lugare\u00f1os que mostraron las bondades del destino y su cultura ancestral.<\/p>\n<p>Asimismo, mantuvo una reuni\u00f3n con los representantes del sector privado tur\u00edstico liderado por el presidente de la C\u00e1mara de Turismo de Tucum\u00e1n, H\u00e9ctor Vi\u00f1uales, que abarcan distintos segmentos como hoteler\u00eda y gastronom\u00eda, agencias de viajes y congresos, para responder inquietudes y fomentar el trabajo mancomunado.<\/p>\n<p>FUENTE: MINISTERIO DE TURISMO DE LA NACI\u00d3N<\/p>\n<p>https:\/\/youtu.be\/wrYdDx4OMyU<\/p>\n","protected":false},"excerpt":{"rendered":"<p>147\u00aa ASAMBLEA DEL CFT As\u00ed lo asegur\u00f3 el ministro de Turismo de la Naci\u00f3n, Gustavo Santos durante la reuni\u00f3n del Consejo Federal de Turismo que convoc\u00f3 a las m\u00e1ximas autoridades del sector de 22 provincias de nuestro pa\u00eds, en la ciudad de San Miguel de Tucum\u00e1n. El ministro de Turismo de la Naci\u00f3n, Gustavo Santos; [&hellip;]<\/p>\n","protected":false},"author":1,"featured_media":1913,"comment_status":"open","ping_status":"open","sticky":false,"template":"","format":"standard","meta":{"footnotes":""},"categories":[7,23,3],"tags":[],"class_list":["post-1912","post","type-post","status-publish","format-standard","has-post-thumbnail","hentry","category-argentina","category-entrevistas","category-multimedia"],"_links":{"self":[{"href":"https:\/\/argentinatermal.com.ar\/index.php?rest_route=\/wp\/v2\/posts\/1912","targetHints":{"allow":["GET"]}}],"collection":[{"href":"https:\/\/argentinatermal.com.ar\/index.php?rest_route=\/wp\/v2\/posts"}],"about":[{"href":"https:\/\/argentinatermal.com.ar\/index.php?rest_route=\/wp\/v2\/types\/post"}],"author":[{"embeddable":true,"href":"https:\/\/argentinatermal.com.ar\/index.php?rest_route=\/wp\/v2\/users\/1"}],"replies":[{"embeddable":true,"href":"https:\/\/argentinatermal.com.ar\/index.php?rest_route=%2Fwp%2Fv2%2Fcomments&post=1912"}],"version-history":[{"count":1,"href":"https:\/\/argentinatermal.com.ar\/index.php?rest_route=\/wp\/v2\/posts\/1912\/revisions"}],"predecessor-version":[{"id":1914,"href":"https:\/\/argentinatermal.com.ar\/index.php?rest_route=\/wp\/v2\/posts\/1912\/revisions\/1914"}],"wp:featuredmedia":[{"embeddable":true,"href":"https:\/\/argentinatermal.com.ar\/index.php?rest_route=\/wp\/v2\/media\/1913"}],"wp:attachment":[{"href":"https:\/\/argentinatermal.com.ar\/index.php?rest_route=%2Fwp%2Fv2%2Fmedia&parent=1912"}],"wp:term":[{"taxonomy":"category","embeddable":true,"href":"https:\/\/argentinatermal.com.ar\/index.php?rest_route=%2Fwp%2Fv2%2Fcategories&post=1912"},{"taxonomy":"post_tag","embeddable":true,"href":"https:\/\/argentinatermal.com.ar\/index.php?rest_route=%2Fwp%2Fv2%2Ftags&post=1912"}],"curies":[{"name":"wp","href":"https:\/\/api.w.org\/{rel}","templated":true}]}}