{"id":1916,"date":"2018-08-14T11:03:21","date_gmt":"2018-08-14T14:03:21","guid":{"rendered":"http:\/\/argentinatermal.com.ar\/?p=1916"},"modified":"2018-08-14T11:19:02","modified_gmt":"2018-08-14T14:19:02","slug":"portal-argentina-termal-estara-cubriendo-termatalia-2018-foz-de-iguazu-brasil","status":"publish","type":"post","link":"https:\/\/argentinatermal.com.ar\/?p=1916","title":{"rendered":"Portal: Argentina Termal estar\u00e1 cubriendo Termatalia 2018 Foz de Iguaz\u00fa, Brasil"},"content":{"rendered":"<p style=\"text-align: justify\">Una vez m\u00e1s, estaremos cubriendo como medio especializado (<strong>Media Partners Termatalia)<\/strong>\u00a0en el mayor evento mundial sobre termalismo, salud y bienestar, Termatalia 2018 en Foz de Iguaz\u00fa, Brasil.<\/p>\n<p><a href=\"http:\/\/argentinatermal.com.ar\/wp-content\/uploads\/2018\/08\/dosier.jpg\"><img decoding=\"async\" class=\"size-medium wp-image-1917 alignleft\" src=\"http:\/\/argentinatermal.com.ar\/wp-content\/uploads\/2018\/08\/dosier-211x300.jpg\" alt=\"\" width=\"211\" height=\"300\" srcset=\"https:\/\/argentinatermal.com.ar\/wp-content\/uploads\/2018\/08\/dosier-211x300.jpg 211w, https:\/\/argentinatermal.com.ar\/wp-content\/uploads\/2018\/08\/dosier-295x420.jpg 295w, https:\/\/argentinatermal.com.ar\/wp-content\/uploads\/2018\/08\/dosier.jpg 453w\" sizes=\"(max-width: 211px) 100vw, 211px\" \/><\/a><\/p>\n<p style=\"text-align: justify\">Queremos agradecer por la invitaci\u00f3n, al comit\u00e9 ejecutivo de Termatalia, al Director gerente de Expourense Don. Alejandro R. Carvallo y a la directora adjunta de asuntos internacionales Sra. Emma Gonz\u00e1lez, quienes a\u00f1o a a\u00f1o conf\u00edan en nuestro trabajo, lo cual consideran valioso desde la difusi\u00f3n del termalismo no solo en nuestro pa\u00eds, Argentina, sino tambi\u00e9n reproduciendo noticias de relevancia\u00a0 internacional.<\/p>\n<p style=\"text-align: justify\">El encuentro de negocios y conocimientos tendr\u00e1 en esta ocasi\u00f3n el lema: \u00a8La energ\u00eda de las aguas\u00a8 y se desarrollar\u00e1 entre los d\u00edas 12 al 16 de Septiembre de corriente a\u00f1o en la ciudad de Foz de Iguaz\u00fa, creando as\u00ed el puente termal entre Eurasia y Am\u00e9rica.<\/p>\n<p style=\"text-align: justify\">El evento contar\u00e1 con \u00e1reas muy interesantes para el sector, entre ellas estar\u00e1n las acciones de negocio donde los expositores y\/o visitantes tendr\u00e1n la oportunidad de mantener citas de trabajo, como as\u00ed tambi\u00e9n consultas con profesionales especializados en el rubro.<\/p>\n<p style=\"text-align: justify\">En el mismo recinto se contar\u00e1 con espacios dedicados al bienestar, alimentaci\u00f3n saludable, tratamientos dermatol\u00f3gicos entre otras novedades.<\/p>\n<p style=\"text-align: justify\">Y por supuesto se contar\u00e1 con un bar de agua, donde se podr\u00e1 degustar distintas marcas de aguas de pa\u00edses participantes, que se estima en algo m\u00e1s de 30 que se dar\u00e1n cita a este importante encuentro.<\/p>\n<p style=\"text-align: justify\">La cita sin dudas ser\u00e1 de conocimientos, dado que habr\u00e1 disertantes de ambos continente, exponiendo trabajos cient\u00edficos y de experiencias volcadas al mundo de la salud y bienestar.<\/p>\n<p style=\"text-align: justify\">Desde ya muchas gracias al comit\u00e9 ejecutivo de Termatalia, por confiar en nuestra labor y desde ya que saludamos a los anfitriones de este majestuoso encuentro, sr Gilmar Piolla y a todo su equipo local que seguramente nos mostraran lo mejor del turismo termal y todo lo concerniente a la energ\u00eda de la aguas tal es el lema aprovechando una de las siete maravillas del mundo como lo son las Catarata del Iguazu.<\/p>\n<p style=\"text-align: justify\">Saludamos atentamente.<\/p>\n<p style=\"text-align: justify\">\u00a0 \u00a0 \u00a0 \u00a0 \u00a0 \u00a0 \u00a0 \u00a0 \u00a0 \u00a0 \u00a0 \u00a0 \u00a0 \u00a0 \u00a0 \u00a0 \u00a0 \u00a0 \u00a0 \u00a0 \u00a0Rolando S\u00e1nchez<\/p>\n<p style=\"text-align: justify\">\u00a0 \u00a0 \u00a0 \u00a0 \u00a0 \u00a0 \u00a0 \u00a0 \u00a0 \u00a0 \u00a0 \u00a0 \u00a0 \u00a0 \u00a0 \u00a0 \u00a0 \u00a0 \u00a0 \u00a0 \u00a0 \u00a0 \u00a0\u00a0Director<\/p>\n","protected":false},"excerpt":{"rendered":"<p>Una vez m\u00e1s, estaremos cubriendo como medio especializado (Media Partners Termatalia)\u00a0en el mayor evento mundial sobre termalismo, salud y bienestar, Termatalia 2018 en Foz de Iguaz\u00fa, Brasil. Queremos agradecer por la invitaci\u00f3n, al comit\u00e9 ejecutivo de Termatalia, al Director gerente de Expourense Don. Alejandro R. Carvallo y a la directora adjunta de asuntos internacionales Sra. [&hellip;]<\/p>\n","protected":false},"author":1,"featured_media":1918,"comment_status":"open","ping_status":"open","sticky":false,"template":"","format":"standard","meta":{"footnotes":""},"categories":[7],"tags":[],"class_list":["post-1916","post","type-post","status-publish","format-standard","has-post-thumbnail","hentry","category-argentina"],"_links":{"self":[{"href":"https:\/\/argentinatermal.com.ar\/index.php?rest_route=\/wp\/v2\/posts\/1916","targetHints":{"allow":["GET"]}}],"collection":[{"href":"https:\/\/argentinatermal.com.ar\/index.php?rest_route=\/wp\/v2\/posts"}],"about":[{"href":"https:\/\/argentinatermal.com.ar\/index.php?rest_route=\/wp\/v2\/types\/post"}],"author":[{"embeddable":true,"href":"https:\/\/argentinatermal.com.ar\/index.php?rest_route=\/wp\/v2\/users\/1"}],"replies":[{"embeddable":true,"href":"https:\/\/argentinatermal.com.ar\/index.php?rest_route=%2Fwp%2Fv2%2Fcomments&post=1916"}],"version-history":[{"count":3,"href":"https:\/\/argentinatermal.com.ar\/index.php?rest_route=\/wp\/v2\/posts\/1916\/revisions"}],"predecessor-version":[{"id":1921,"href":"https:\/\/argentinatermal.com.ar\/index.php?rest_route=\/wp\/v2\/posts\/1916\/revisions\/1921"}],"wp:featuredmedia":[{"embeddable":true,"href":"https:\/\/argentinatermal.com.ar\/index.php?rest_route=\/wp\/v2\/media\/1918"}],"wp:attachment":[{"href":"https:\/\/argentinatermal.com.ar\/index.php?rest_route=%2Fwp%2Fv2%2Fmedia&parent=1916"}],"wp:term":[{"taxonomy":"category","embeddable":true,"href":"https:\/\/argentinatermal.com.ar\/index.php?rest_route=%2Fwp%2Fv2%2Fcategories&post=1916"},{"taxonomy":"post_tag","embeddable":true,"href":"https:\/\/argentinatermal.com.ar\/index.php?rest_route=%2Fwp%2Fv2%2Ftags&post=1916"}],"curies":[{"name":"wp","href":"https:\/\/api.w.org\/{rel}","templated":true}]}}