{"id":1945,"date":"2018-08-23T13:22:51","date_gmt":"2018-08-23T16:22:51","guid":{"rendered":"http:\/\/argentinatermal.com.ar\/?p=1945"},"modified":"2018-08-23T13:22:51","modified_gmt":"2018-08-23T16:22:51","slug":"el-programa-cientifico-de-termatalia-brasil-2018-incluye-la-participacion-de-mas-de-50-expertos-de-18-paises","status":"publish","type":"post","link":"https:\/\/argentinatermal.com.ar\/?p=1945","title":{"rendered":"El programa cient\u00edfico de Termatalia Brasil 2018 incluye la participaci\u00f3n de m\u00e1s de 50 expertos de 18 pa\u00edses"},"content":{"rendered":"<p>23\/08\/2018.- Termatalia reforzar\u00e1 una edici\u00f3n m\u00e1s su papel de centro de capacitaci\u00f3n profesional internacional en el turismo de salud. El programa formativo y cient\u00edfico de la Feria, englobado en el 13\u00ba Encuentro Internacional sobre Agua y Salud, reunir\u00e1 a m\u00e1s de 50 expertos procedentes de 18 pa\u00edses. Termatalia Brasil se celebra entre el 12 y el 14 de septiembre en el Centro de Convenciones Maestra del Hotel Recanto Cataratas de Foz do Igua\u00e7u, en el Estado de Paran\u00e1, bajo el lema \u201cLa Energ\u00eda de las Aguas\u201d. El objetivo de la Feria Internacional de Turismo Termal, Salud y Bienestar ser\u00e1 una vez m\u00e1s actuar como agente dinamizador del sector del turismo de salud a nivel mundial poniendo el foco principal en la puesta en valor de recursos naturales como el Agua. El negocio y el conocimiento son los dos grandes ejes de Termatalia Brasil, 18\u00aa Feria Internacional de Turismo Termal, Salud y Bienestar, que convocar\u00e1 a profesionales de una treintena de pa\u00edses de Euroasia y Am\u00e9rica Latina.<\/p>\n<p>El 13\u00ba Encuentro Internacional sobre Agua y Salud, en uno de los foros sobre turismo de salud m\u00e1s importantes del Mundo, presentar\u00e1 los proyectos m\u00e1s innovadores en el desarrollo del turismo de salud y bienestar a nivel mundial. Participar\u00e1n en este Encuentro un total de 54 expertos procedentes de 18 pa\u00edses (Alemania, Argentina, Austria, Brasil, Colombia, Croacia, Costa Rica, Ecuador, El Salvador, Espa\u00f1a, Francia, Hungr\u00eda, M\u00e9xico, Portugal, Rep\u00fablica Dominicana, Tailandia, T\u00fanez y Uruguay).<\/p>\n<p>La principal novedad de esta edici\u00f3n ser\u00e1 la celebraci\u00f3n del 1\u00ba Encuentro Latinoamericano de Termalismo, previsto para la ma\u00f1ana del viernes 14 de septiembre y en el que se abordar\u00e1n temas como el Termalismo Social en los Sistemas de Salud P\u00fablica o las Terapias Termales en Am\u00e9rica Latina o el desarrollo de una oferta complementaria al turismo de salud y bienestar, entre otros. Este encuentro contar\u00e1 con la colaboraci\u00f3n de la Universidad Federal de Integraci\u00f3n Latinoamericana, UNILA, con sede en Foz do Igua\u00e7u.<\/p>\n<p>Adem\u00e1s del Encuentro Latinoamericano de Termalismo, el programa cient\u00edfico de esta edici\u00f3n acoger\u00e1 cuatro sesiones m\u00e1s que abordar\u00e1n el turismo de salud desde distintas \u00f3pticas (Sesi\u00f3n sobre Turismo, Innovaci\u00f3n y Sostenibilidad; Sesi\u00f3n cient\u00edfica sobre Hidrolog\u00eda M\u00e9dica; Sesi\u00f3n sobre Gesti\u00f3n e Integraci\u00f3n del Wellness y los recursos naturales y Encuentro de Ciudades y Villas Termales).<\/p>\n<p>Las conferencias comenzar\u00e1n el mi\u00e9rcoles 12 de septiembre con la Sesi\u00f3n sobre Turismo, Innovaci\u00f3n y Sostenibilidad dividido en 3 paneles tem\u00e1ticos que girar\u00e1n sobre: \u201cEstrategias de Desarrollo de Destinos Internacionales de Turismo de Salud y Bienestar\u201d; \u201cPol\u00edticas Regionales de Impulso al Turismo de Bienestar\u201d y \u201cMarketing aplicado al Turismo de Bienestar\u201d.<\/p>\n<p>El jueves 13 de septiembre por la ma\u00f1ana se celebrar\u00e1 la Sesi\u00f3n cient\u00edfica sobre Hidrolog\u00eda M\u00e9dica en la que participar\u00e1n prestigiosos m\u00e9dicos hidr\u00f3logos espa\u00f1oles reconocidos a nivel internacional como el Dr. Francisco Maraver, el Dr. Francisco Armijo, el Dr. Miguel \u00c1ngel Fern\u00e1ndez Tor\u00e1n, el Dr. Antonio Freire o el Dr. Juan Jes\u00fas Gestal. Esta sesi\u00f3n estar\u00e1 dividida en tres paneles: \u201cMedicina Termal\u201d; \u201cPeloides Termales\u201d y \u201cAgua, salud y sostenibilidad\u201d.<\/p>\n<p>En la misma tarde del jueves 13 de septiembre se celebrar\u00e1 la Sesi\u00f3n sobre Gesti\u00f3n e Integraci\u00f3n del Wellness y los recursos naturales que contar\u00e1 con dos mesas redondas sobre: \u201cLa integraci\u00f3n del Wellness como Modelo de Negocio\u201d y \u201cCriterios y Estandares de Calidad\u201d.<\/p>\n<p>El programa cient\u00edfico de Termatalia Brasil concluir\u00e1 el viernes 14 por la tarde con la celebraci\u00f3n del Encuentro Internacional de Ciudades y Villas Termales en las que participar\u00e1n poblaciones en las que el turismo de salud tiene un peso importante en su econom\u00eda. Participar\u00e1n en este encuentro las ciudades de Ourense y Pontevedra (Espa\u00f1a); Luchon (Francia); Monchique (Portugal); Santa Catarina, Foz do Igua\u00e7u e Itaipulandia (Brasil) y La Fortuna (Costa Rica).<\/p>\n<p>El programa del 13\u00ba Encuentro Internacional sobre Agua y Salud puede consultarse en este enlace:<a title=\"\" href=\"http:\/\/www.termatalia.com\/conferencias.php\" target=\"_blank\" rel=\"noopener\">http:\/\/www.termatalia.com\/conferencias.php<\/a>. La inscripci\u00f3n puede realizarse tambi\u00e9n en ese enlace.<\/p>\n<p>Participaci\u00f3n de Galicia<\/p>\n<p>Galicia, comunidad l\u00edder en turismo termal en Espa\u00f1a, ser\u00e1 una de las protagonistas en este encuentro con la participaci\u00f3n de profesionales entre los que se encuentran cient\u00edficos, representantes institucionales o empresarios del sector. La presencia destacada en este evento internacional de Galicia y de la ciudad de Ourense han contribuido a su promoci\u00f3n internacional como destino termal pero, sobre todo, como espacio de capacitaci\u00f3n de profesionales en el sector y de transmisi\u00f3n de know how.<\/p>\n<p>Para Termatalia Brasil 2018 est\u00e1 confirmada la participaci\u00f3n de la directora de la Agencia Gallega de Turismo del Gobierno Gallego, Nava Castro; de la diputada de Termalismo de Ourense, Ana Villarino Pardo; del concejal de Termalismo del Ayuntamiento de Ourense, Jorge Pumar; de la jefa de servicio de Termalismo de Ourense, Nita Torres (en representaci\u00f3n de la asociaci\u00f3n Europea de Ciudades Hist\u00f3ricas con patrimonio Termal E.H.T.T.A. de la que el Concello de Ourense es cofundadora); del Director t\u00e9cnico de la Eurocidade da Auga Chaves-Ver\u00edn, Pablo Rivera; del alcalde de Pontevedra, Miguel Anxo Fern\u00e1ndez Lores; del Director de la C\u00e1tedra de Hidrolog\u00eda M\u00e9dica de la Universidad de Santiago de Compostela, el Dr. Juan Gestal; la directora m\u00e9dico del Grupo Caldaria, Dolores Fern\u00e1ndez-Marcos, la investigadora de peloides termales, Carmen G\u00f3mez; o el director gerente de Gala Termal, Dr. Antonio Freire.<\/p>\n<p>Tambi\u00e9n estar\u00e1 presente el Cl\u00faster del Agua Mineral y Termal de Galicia, con una gran proyecci\u00f3n de las empresas tanto de agua mineral de bebida como los balnearios y que impulsar\u00e1 diversas acciones.<\/p>\n","protected":false},"excerpt":{"rendered":"<p>23\/08\/2018.- Termatalia reforzar\u00e1 una edici\u00f3n m\u00e1s su papel de centro de capacitaci\u00f3n profesional internacional en el turismo de salud. El programa formativo y cient\u00edfico de la Feria, englobado en el 13\u00ba Encuentro Internacional sobre Agua y Salud, reunir\u00e1 a m\u00e1s de 50 expertos procedentes de 18 pa\u00edses. Termatalia Brasil se celebra entre el 12 y [&hellip;]<\/p>\n","protected":false},"author":1,"featured_media":1946,"comment_status":"open","ping_status":"open","sticky":false,"template":"","format":"standard","meta":{"footnotes":""},"categories":[29,30],"tags":[],"class_list":["post-1945","post","type-post","status-publish","format-standard","has-post-thumbnail","hentry","category-datos-utiles","category-temas-relacionados"],"_links":{"self":[{"href":"https:\/\/argentinatermal.com.ar\/index.php?rest_route=\/wp\/v2\/posts\/1945","targetHints":{"allow":["GET"]}}],"collection":[{"href":"https:\/\/argentinatermal.com.ar\/index.php?rest_route=\/wp\/v2\/posts"}],"about":[{"href":"https:\/\/argentinatermal.com.ar\/index.php?rest_route=\/wp\/v2\/types\/post"}],"author":[{"embeddable":true,"href":"https:\/\/argentinatermal.com.ar\/index.php?rest_route=\/wp\/v2\/users\/1"}],"replies":[{"embeddable":true,"href":"https:\/\/argentinatermal.com.ar\/index.php?rest_route=%2Fwp%2Fv2%2Fcomments&post=1945"}],"version-history":[{"count":1,"href":"https:\/\/argentinatermal.com.ar\/index.php?rest_route=\/wp\/v2\/posts\/1945\/revisions"}],"predecessor-version":[{"id":1947,"href":"https:\/\/argentinatermal.com.ar\/index.php?rest_route=\/wp\/v2\/posts\/1945\/revisions\/1947"}],"wp:featuredmedia":[{"embeddable":true,"href":"https:\/\/argentinatermal.com.ar\/index.php?rest_route=\/wp\/v2\/media\/1946"}],"wp:attachment":[{"href":"https:\/\/argentinatermal.com.ar\/index.php?rest_route=%2Fwp%2Fv2%2Fmedia&parent=1945"}],"wp:term":[{"taxonomy":"category","embeddable":true,"href":"https:\/\/argentinatermal.com.ar\/index.php?rest_route=%2Fwp%2Fv2%2Fcategories&post=1945"},{"taxonomy":"post_tag","embeddable":true,"href":"https:\/\/argentinatermal.com.ar\/index.php?rest_route=%2Fwp%2Fv2%2Ftags&post=1945"}],"curies":[{"name":"wp","href":"https:\/\/api.w.org\/{rel}","templated":true}]}}