{"id":2005,"date":"2018-09-07T22:06:13","date_gmt":"2018-09-08T01:06:13","guid":{"rendered":"http:\/\/argentinatermal.com.ar\/?p=2005"},"modified":"2018-09-07T22:06:28","modified_gmt":"2018-09-08T01:06:28","slug":"prevencion-y-control-de-contaminaciones-microbiologicas-en-centros-termales-por-el-dr-antonio-freire","status":"publish","type":"post","link":"https:\/\/argentinatermal.com.ar\/?p=2005","title":{"rendered":"&#8216;Prevenci\u00f3n y Control de Contaminaciones Microbiol\u00f3gicas en Centros Termales\u00bb por el Dr. Antonio Freire"},"content":{"rendered":"<p style=\"text-align: justify\">CURSO \/ COURSE<\/p>\n<p style=\"text-align: justify\">&#8216;Prevenci\u00f3n y Control de Contaminaciones Microbiol\u00f3gicas<\/p>\n<p style=\"text-align: justify\">en Centros Termales\u00bb<\/p>\n<p style=\"text-align: justify\">\u00abPrevention and Control of Microbiological Contaminations<\/p>\n<p style=\"text-align: justify\">in Thermal Centers\u00bb<\/p>\n<p style=\"text-align: justify\">FECHA: Mi\u00e9rcoles 12 de septiembre.<\/p>\n<p style=\"text-align: justify\">DATE: Wednesday, 12th of September.<\/p>\n<p style=\"text-align: justify\">DURACI\u00d3N: De 15.00 a 18.00 h.<\/p>\n<p style=\"text-align: justify\">DURATION: 03.00 PM to 06.00 PM.<\/p>\n<p style=\"text-align: justify\">~<\/p>\n<p style=\"text-align: justify\">COSTE TOTAL: 45 Euros &#8211; 50 US D\u00f3lar &#8211; 180 R$.<\/p>\n<p style=\"text-align: justify\">COST: 45 Euros &#8211; 50 US Dollars -180 R$.<\/p>\n<p style=\"text-align: justify\">Imparte \/ T eacher:<\/p>\n<p style=\"text-align: justify\">Dr.\/ Mr.\u00a0Antonio\u00a0Freire<\/p>\n<p style=\"text-align: justify\">Imparte: Dr. Antonio Freire. M\u00e9dico Especialista en Hidrolog\u00eda M\u00e9dica, Director-m\u00e9dico Balneario Augas Santas, Director Balneario R\u00edo<\/p>\n<p style=\"text-align: justify\">~ Pambre y Director GALA TERMAL.<\/p>\n<p style=\"text-align: justify\">Teacher: Mr. Antonio Freire. Doctor Specialist in Medical Hydrology, Medical-Director Aguas Santas, Director Balneario R\u00edo Pambre and<\/p>\n<p style=\"text-align: justify\">Director GALA TERMAL.<\/p>\n<p style=\"text-align: justify\">CONTENIDO:\u00a0&#8212; Un centro debe disponer de un plan de prevenci\u00f3n y control de contaminaciones microbiol\u00f3gicas para instalaciones y equipos que debe<\/p>\n<p style=\"text-align: justify\">cumplir con la normativa vigente y, en cualquier caso, debe incluir los siguientes puntos: \u00ab\u00bb\u00bb\u00bb<\/p>\n<p style=\"text-align: justify\">&#8211; a) Identificaci\u00f3n de Puntos Cr\u00edticos del establecimiento, clasific\u00e1ndolos en:Instalaciones con Alto riesgo.\/ Instalaciones con riesgo Medio.\/ Instalaciones con riesgo en terapias respiratorias.<\/p>\n<ol style=\"text-align: justify\">\n<li>b) Registro de las operaciones de mantenimiento:<\/li>\n<\/ol>\n<p style=\"text-align: justify\">Fecha de realizaci\u00f3n de las tareas de revisi\u00f3n, limpieza y desinfecci\u00f3n general.\/ Protocolo de las tareas de limpieza y desinfecci\u00f3n con<\/p>\n<p style=\"text-align: justify\">relaci\u00f3n de productos usados, dosis y tiempos.\/ Fechas y resultados anal\u00edticos de los diferentes an\u00e1lisis de agua y superficies.<\/p>\n<p style=\"text-align: justify\">\\ c) Programa de limpieza y desinfecci\u00f3n, Instalaciones interiores de ACS y AFCH (Red de distribuci\u00f3n del agua caliente, Red de distribuci\u00f3n del agua fr\u00eda, Desmontables).\/ Vasos\u00a0de hidromasaje y piscinas de uso colectivo (Vasos de uso individual, Piscinas de uso colectivo).\/ T\u00e9cnicas respiratorias.<\/p>\n<ol style=\"text-align: justify\">\n<li>d) Programa anal\u00edtico y recogida de muestras.<\/li>\n<\/ol>\n<p style=\"text-align: justify\"><strong>Los participantes recibir\u00e1n un certificado de la asistencia al curso.<\/strong><\/p>\n","protected":false},"excerpt":{"rendered":"<p>CURSO \/ COURSE &#8216;Prevenci\u00f3n y Control de Contaminaciones Microbiol\u00f3gicas en Centros Termales\u00bb \u00abPrevention and Control of Microbiological Contaminations in Thermal Centers\u00bb FECHA: Mi\u00e9rcoles 12 de septiembre. DATE: Wednesday, 12th of September. DURACI\u00d3N: De 15.00 a 18.00 h. DURATION: 03.00 PM to 06.00 PM. ~ COSTE TOTAL: 45 Euros &#8211; 50 US D\u00f3lar &#8211; 180 R$. [&hellip;]<\/p>\n","protected":false},"author":1,"featured_media":2006,"comment_status":"open","ping_status":"open","sticky":false,"template":"","format":"standard","meta":{"footnotes":""},"categories":[14,22,17],"tags":[],"class_list":["post-2005","post","type-post","status-publish","format-standard","has-post-thumbnail","hentry","category-turismo-salud","category-turismo-sostenible","category-turismo-termal"],"_links":{"self":[{"href":"https:\/\/argentinatermal.com.ar\/index.php?rest_route=\/wp\/v2\/posts\/2005","targetHints":{"allow":["GET"]}}],"collection":[{"href":"https:\/\/argentinatermal.com.ar\/index.php?rest_route=\/wp\/v2\/posts"}],"about":[{"href":"https:\/\/argentinatermal.com.ar\/index.php?rest_route=\/wp\/v2\/types\/post"}],"author":[{"embeddable":true,"href":"https:\/\/argentinatermal.com.ar\/index.php?rest_route=\/wp\/v2\/users\/1"}],"replies":[{"embeddable":true,"href":"https:\/\/argentinatermal.com.ar\/index.php?rest_route=%2Fwp%2Fv2%2Fcomments&post=2005"}],"version-history":[{"count":1,"href":"https:\/\/argentinatermal.com.ar\/index.php?rest_route=\/wp\/v2\/posts\/2005\/revisions"}],"predecessor-version":[{"id":2007,"href":"https:\/\/argentinatermal.com.ar\/index.php?rest_route=\/wp\/v2\/posts\/2005\/revisions\/2007"}],"wp:featuredmedia":[{"embeddable":true,"href":"https:\/\/argentinatermal.com.ar\/index.php?rest_route=\/wp\/v2\/media\/2006"}],"wp:attachment":[{"href":"https:\/\/argentinatermal.com.ar\/index.php?rest_route=%2Fwp%2Fv2%2Fmedia&parent=2005"}],"wp:term":[{"taxonomy":"category","embeddable":true,"href":"https:\/\/argentinatermal.com.ar\/index.php?rest_route=%2Fwp%2Fv2%2Fcategories&post=2005"},{"taxonomy":"post_tag","embeddable":true,"href":"https:\/\/argentinatermal.com.ar\/index.php?rest_route=%2Fwp%2Fv2%2Ftags&post=2005"}],"curies":[{"name":"wp","href":"https:\/\/api.w.org\/{rel}","templated":true}]}}