{"id":2030,"date":"2018-09-18T23:14:56","date_gmt":"2018-09-19T02:14:56","guid":{"rendered":"http:\/\/argentinatermal.com.ar\/?p=2030"},"modified":"2018-09-18T23:14:56","modified_gmt":"2018-09-19T02:14:56","slug":"termatalia-alcanza-su-mayoria-de-edad-en-brasil-posicionada-como-gran-cita-profesional-del-turismo-de-salud-internacional","status":"publish","type":"post","link":"https:\/\/argentinatermal.com.ar\/?p=2030","title":{"rendered":"Termatalia alcanza su mayor\u00eda de edad en Brasil posicionada como gran cita profesional del turismo de salud internacional"},"content":{"rendered":"<h3>&gt;&gt; Ecuador, Colombia y la provincia argentina de Entre R\u00edos presentaron sus candidaturas para convertirse en sede de Termatalia 2020<br \/>\n&gt;&gt; Galicia, Portugal, Brasil y Paraguay se repartieron los premios de la 16\u00aa Cata Internacional de Aguas<\/h3>\n<p>Foz do Igua\u00e7u, 14\/09\/2018.- Termatalia Brasil, Feria Internacional de Turismo Termal, Salud y Bienestar, cerr\u00f3 esta tarde las puerta de su 18\u00aa edici\u00f3n reforzada como la gran cita internacional del turismo de salud y bienestar. Celebrada en Foz de Igua\u00e7u esta cita convoc\u00f3 a m\u00e1s de 2.500 profesionales procedentes de 34 pa\u00edses y contribuy\u00f3 a incluir a esta ciudad brasile\u00f1a en el mapa del termalismo mundial. Fueron dos d\u00edas de intensa actividad en las que el negocio, la capacitaci\u00f3n profesional y el capital relacional volvieron a ser los ejes principales de la feria.<\/p>\n<p>La clausura oficial de esta edici\u00f3n cont\u00f3 con la presencia de Marcos Stamm, el director general brasile\u00f1o de la Itaipu Binacional, la central hidroel\u00e9ctrica que genera la mayor cantidad de energ\u00eda limpia del Planeta y responsable del 25% de la electricidad consumida en Brasil y del 56% de la de Paraguay. Estuvo acompa\u00f1ado en este acto por el secretario de turismo de Foz do Igua\u00e7u, Gilmar Piolla; por el concejal de Termalismo de Ourense, Jorge Pumar; por la diputada de Termalismo de Ourense, Ana Villarino; por el senador Francisco Jos\u00e9 Fern\u00e1ndez y por el director general de Termatalia, Alejandro Rub\u00edn.<\/p>\n<p>CATA INTERNACIONAL DE AGUAS<br \/>\nDurante este acto de clausura fueron entregados los premios de la 16\u00aa Cata Internacional de Aguas celebrada hoy y dirigida por la sumiller gallega Mercedes Gonz\u00e1lez. El jurado estuvo formado por expertos de Espa\u00f1a, Brasil, Argentina y Francia. Los resultados de esta cata, en la que participaron 18 marcas de varios pa\u00edses, fueron los siguientes:<br \/>\nAgua de Mineralizaci\u00f3n muy d\u00e9bil sin gas: la premiada fue \u201cGond Wana\u201d de Paraguay.<br \/>\nAgua Mineral Natural sin gas de mineralizaci\u00f3n media:\u00a0&#8211; 1\u00ba premio: Cabreiro\u00e1 (Galicia- Espa\u00f1a)- 2\u00ba premio: Monchique (Portugal)- 3\u00ba premio: Gravatal (Brasil).<br \/>\nAgua mineral con gas natural: la premiada fue Campilho (Portugal).<br \/>\nAgua mineral natural con gas a\u00f1adido:\u00a0&#8211; 1\u00ba premio: Magma de Cabreiro\u00e1 (Galicia \u2013 Espa\u00f1a).- 2\u00ba premio: Levity (Brasil).<br \/>\nPremio especial envase innovador: Sferrie (Brasil).<\/p>\n<p>TERMATALIA 2020, PRESENTACI\u00d3N DE CANDIDATURAS<br \/>\nAntes del acto oficial de clausura fueron presentadas tres candidaturas para acoger la pr\u00f3xima edici\u00f3n de Termatalia en Am\u00e9rica que ser\u00e1 en 2020, ya que en los a\u00f1os impares la feria se celebra siempre en su sede original: la ciudad de Ourense. Ecuador, Colombia y la provincia argentina de Entre R\u00edos realizaron una presentaci\u00f3n de sus recursos termales y de las razones por las que desean convertirse en sede de Termatalia. La sede elegida ser\u00e1 comunicada en la pr\u00f3xima edici\u00f3n de la feria que tendr\u00e1 lugar en Ourense en septiembre de 2019.<\/p>\n<p>La candidatura de Ecuador fue defendida por el representante del ministerio de Turismo, Patricio Miller, y por el presidente de la C\u00e1mara Espa\u00f1ola de Comercio e Industria de Quito, Rafael Rold\u00e1n.\u00a0 Le hicieron llegar a la organizaci\u00f3n de la feria la petici\u00f3n del ministro de Turismo del pa\u00eds, Enrique Ponce de Le\u00f3n, para convertirse en sede y destacaron su potencial termal con importantes \u00e1reas termales como Cuenca (Patrimonio de la Humanidad), Ba\u00f1os de Agua Santa o Chachimbiro y su origen volc\u00e1nico.<\/p>\n<p>La candidatura de la provincia argentina de Entre R\u00edos fue presentada por su secretaria de turismo, Carolina Gaillard quien hizo un repaso por sobre c\u00f3mo el termalismo cambio la vida de esta provincia que concentra la mayor cantidad de destinos termales de Argentina con 13 localidades que cuenta con 16 complejos. Adem\u00e1s, esta provincia promovi\u00f3 la presentaci\u00f3n en el congreso de una inciativa para crear una ley que regule el uso terap\u00e9utico de las aguas termales. Parafraseando el lema promocional de esta provincia, \u201cEntre R\u00edos hace bien\u201d, la secretaria de turismo quiso destacar que \u201cTermatalia hace bien\u201d a todos los agentes del sector creando redes de colaboraci\u00f3n beneficiosas para todas las partes implicadas.<\/p>\n<p>La \u00faltima de las candidaturas fue presentada por Ricardo Ramirez, Codirector del Plan de Negocios de Turismo de Bienestar de Colombia quien indic\u00f3 la apuesta del nuevo gobierno del pa\u00eds por la \u201cEconom\u00eda Naranja\u201d que apoya la creatividad y que incluye tambi\u00e9n al turismo. Reivindic\u00f3 la amplitud y la oferta de sus recursos termales y apel\u00f3 a que son el segundo pa\u00eds con mayor biodiversidad del mundo.<\/p>\n<p>ACTIVIDADES<br \/>\nEntre las distintas actividades celebradas en esta jornada de clausura destac\u00f3 el Encuentro de Pol\u00edticas P\u00fablicas de Termalismo en el que participaron 40 representantes institucionales de una docena de pa\u00edses para poner en com\u00fan las distintas pol\u00edticas llevadas a cabo sobre la gesti\u00f3n de agua y de los recursos termales.<\/p>\n<p>El programa cient\u00edfico continu\u00f3 hoy con la celebraci\u00f3n del 1\u00ba Encuentro Latinoamericano de Termalismo y del Encuentro Internacional de Ciudades Termales en el que participaron poblaciones como Ourense (Espa\u00f1a), Pontevedra (Espa\u00f1a), La Fortuna (Costa Rica), Santo Amaro da Imperatriz en Santa Catarina (Brasil) o Itaipulandia (Brasil).<\/p>\n<p>Tambi\u00e9n hoy se presentaron las comunicaciones cient\u00edficas realizadas por investigadores de Espa\u00f1a, Brasil, Argentina, Austria, Chile y Colombia. Estos trabajos ser\u00e1n recogidos en la memoria anual de la Sociedad Espa\u00f1ola de Hidrolog\u00eda M\u00e9dica.<\/p>\n<p>Concluyen as\u00ed tres d\u00edas de intensa actividad que han posicionado a Termatalia como el punto de encuentro mundial de los destinos termales y de bienestar.<\/p>\n","protected":false},"excerpt":{"rendered":"<p>&gt;&gt; Ecuador, Colombia y la provincia argentina de Entre R\u00edos presentaron sus candidaturas para convertirse en sede de Termatalia 2020 &gt;&gt; Galicia, Portugal, Brasil y Paraguay se repartieron los premios de la 16\u00aa Cata Internacional de Aguas Foz do Igua\u00e7u, 14\/09\/2018.- Termatalia Brasil, Feria Internacional de Turismo Termal, Salud y Bienestar, cerr\u00f3 esta tarde las [&hellip;]<\/p>\n","protected":false},"author":1,"featured_media":2031,"comment_status":"open","ping_status":"open","sticky":false,"template":"","format":"standard","meta":{"footnotes":""},"categories":[16,15,14,22,17],"tags":[],"class_list":["post-2030","post","type-post","status-publish","format-standard","has-post-thumbnail","hentry","category-medicina-termal","category-turismo-de-bienestar","category-turismo-salud","category-turismo-sostenible","category-turismo-termal"],"_links":{"self":[{"href":"https:\/\/argentinatermal.com.ar\/index.php?rest_route=\/wp\/v2\/posts\/2030","targetHints":{"allow":["GET"]}}],"collection":[{"href":"https:\/\/argentinatermal.com.ar\/index.php?rest_route=\/wp\/v2\/posts"}],"about":[{"href":"https:\/\/argentinatermal.com.ar\/index.php?rest_route=\/wp\/v2\/types\/post"}],"author":[{"embeddable":true,"href":"https:\/\/argentinatermal.com.ar\/index.php?rest_route=\/wp\/v2\/users\/1"}],"replies":[{"embeddable":true,"href":"https:\/\/argentinatermal.com.ar\/index.php?rest_route=%2Fwp%2Fv2%2Fcomments&post=2030"}],"version-history":[{"count":1,"href":"https:\/\/argentinatermal.com.ar\/index.php?rest_route=\/wp\/v2\/posts\/2030\/revisions"}],"predecessor-version":[{"id":2032,"href":"https:\/\/argentinatermal.com.ar\/index.php?rest_route=\/wp\/v2\/posts\/2030\/revisions\/2032"}],"wp:featuredmedia":[{"embeddable":true,"href":"https:\/\/argentinatermal.com.ar\/index.php?rest_route=\/wp\/v2\/media\/2031"}],"wp:attachment":[{"href":"https:\/\/argentinatermal.com.ar\/index.php?rest_route=%2Fwp%2Fv2%2Fmedia&parent=2030"}],"wp:term":[{"taxonomy":"category","embeddable":true,"href":"https:\/\/argentinatermal.com.ar\/index.php?rest_route=%2Fwp%2Fv2%2Fcategories&post=2030"},{"taxonomy":"post_tag","embeddable":true,"href":"https:\/\/argentinatermal.com.ar\/index.php?rest_route=%2Fwp%2Fv2%2Ftags&post=2030"}],"curies":[{"name":"wp","href":"https:\/\/api.w.org\/{rel}","templated":true}]}}