{"id":2033,"date":"2018-09-21T00:21:07","date_gmt":"2018-09-21T03:21:07","guid":{"rendered":"http:\/\/argentinatermal.com.ar\/?p=2033"},"modified":"2018-09-21T00:21:07","modified_gmt":"2018-09-21T03:21:07","slug":"argentina-termal-participando-en-termatalia-foz-de-iguazu-2018","status":"publish","type":"post","link":"https:\/\/argentinatermal.com.ar\/?p=2033","title":{"rendered":"Argentina Termal, participando en Termatalia Foz de Iguazu 2018"},"content":{"rendered":"<p><strong>\u00a0Una vez m\u00e1s participando en la 18\u00aa edici\u00f3n de la Feria Internacional de Turismo Termal, Salud y Bienestar.<\/strong><\/p>\n<p><strong>Asistimos al mayor evento de termalismo mundial que tuvo lugar en la ciudad de Foz de Iguaz\u00fa Brasil.<\/strong><\/p>\n<p>En principio les contamos que nos encontramos con una gran participaci\u00f3n del mundo acad\u00e9mico con ponencias de much\u00edsimo inter\u00e9s de los asistentes, al cabo de los dos \u00a0d\u00edas que se desarrollo el encuentro.<\/p>\n<p>Tambi\u00e9n observamos la m\u00e1xima coordinaci\u00f3n de los organizadores lo cual destacamos y felicitamos por eso.<\/p>\n<p>La cita convoc\u00f3 a m\u00e1s de 2.500 profesionales procedentes de 34 pa\u00edses y contribuy\u00f3 a incluir a esta ciudad brasile\u00f1a en el mapa del termalismo mundial. Fueron dos d\u00edas de intensa actividad en las que el negocio, la capacitaci\u00f3n profesional y el capital relacional volvieron a ser los ejes principales de la feria.<\/p>\n<p>CATA INTERNACIONAL DE AGUAS<\/p>\n<p>Durante este acto de clausura fueron entregados los premios de la 16\u00aa Cata Internacional de Aguas celebrada hoy y dirigida por la sumiller gallega Mercedes Gonz\u00e1lez. El jurado estuvo formado por expertos de Espa\u00f1a, Brasil, Argentina y Francia. Los resultados de esta cata, en la que participaron 18 marcas de varios pa\u00edses, fueron los siguientes:<\/p>\n<p>Agua de Mineralizaci\u00f3n muy d\u00e9bil sin gas: <strong>la premiada fue \u201cGond Wana\u201d de Paraguay.<\/strong><\/p>\n<p>Agua Mineral Natural sin gas de mineralizaci\u00f3n media:<\/p>\n<ul>\n<li><strong>1\u00ba premio: Cabreiro\u00e1 (Galicia- Espa\u00f1a)<\/strong><\/li>\n<li><strong>2\u00ba premio: Monchique (Portugal)<\/strong><\/li>\n<li><strong>3\u00ba premio: Gravatal (Brasil).<\/strong><\/li>\n<\/ul>\n<p>Agua mineral con gas natural: <strong>la premiada fue Campilho (Portugal).<\/strong><\/p>\n<p>Agua mineral natural con gas a\u00f1adido:<\/p>\n<ul>\n<li><strong>1\u00ba premio: Magma de Cabreiro\u00e1 (Galicia \u2013 Espa\u00f1a).<\/strong><\/li>\n<li><strong>2\u00ba premio: Levity (Brasil).<\/strong><\/li>\n<\/ul>\n<p>Premio especial envase innovador: <strong>Sferrie (Brasil).<\/strong><\/p>\n<p>Tambi\u00e9n se presentaron las candidaturas para la pr\u00f3xima edici\u00f3n de Termatalia en Am\u00e9rica que ser\u00e1 en 2020, ya que en los a\u00f1os impares la feria se celebra siempre en su sede original: la ciudad de Ourense. Ecuador, Colombia y la provincia argentina de Entre R\u00edos realizaron una presentaci\u00f3n de sus recursos termales y de las razones por las que desean convertirse en sede de Termatalia. La sede elegida ser\u00e1 comunicada en la pr\u00f3xima edici\u00f3n de la feria que tendr\u00e1 lugar en Ourense en septiembre de 2019.<\/p>\n<p>La candidatura de Ecuador fue defendida por el representante del ministerio de Turismo, Patricio Miller, y por el presidente de la C\u00e1mara Espa\u00f1ola de Comercio e Industria de Quito, Rafael Rold\u00e1n.\u00a0 Le hicieron llegar a la organizaci\u00f3n de la feria la petici\u00f3n del ministro de Turismo del pa\u00eds, Enrique Ponce de Le\u00f3n, para convertirse en sede y destacaron su potencial termal con importantes \u00e1reas termales como Cuenca (Patrimonio de la Humanidad), Ba\u00f1os de Agua Santa o Chachimbiro y su origen volc\u00e1nico.<\/p>\n<p>La candidatura de la provincia argentina de Entre R\u00edos fue presentada por su secretaria de turismo, Carolina Gaillard quien hizo un repaso por sobre c\u00f3mo el termalismo cambio la vida de esta provincia que concentra la mayor cantidad de destinos termales de Argentina con 13 localidades que cuenta con 16 complejos. Adem\u00e1s, esta provincia promovi\u00f3 la presentaci\u00f3n en el congreso de una iniciativa para crear una ley que regule el uso terap\u00e9utico de las aguas termales. Parafraseando el lema promocional de esta provincia, \u201cEntre R\u00edos hace bien\u201d, la secretaria de turismo quiso destacar que \u201cTermatalia hace bien\u201d a todos los agentes del sector creando redes de colaboraci\u00f3n beneficiosas para todas las partes implicadas.<\/p>\n<p>La \u00faltima de las candidaturas fue presentada por Ricardo Ramirez, Codirector del Plan de Negocios de Turismo de Bienestar de Colombia quien indic\u00f3 la apuesta del nuevo gobierno del pa\u00eds por la \u201cEconom\u00eda Naranja\u201d que apoya la creatividad y que incluye tambi\u00e9n al turismo. Reivindic\u00f3 la amplitud y la oferta de sus recursos termales y apel\u00f3 a que son el segundo pa\u00eds con mayor biodiversidad del mundo.<\/p>\n<p>Entre las distintas actividades se destac\u00f3 el Encuentro de Pol\u00edticas P\u00fablicas de Termalismo en el que participaron 40 representantes institucionales de una docena de pa\u00edses para poner en com\u00fan las distintas pol\u00edticas llevadas a cabo sobre la gesti\u00f3n de agua y de los recursos termales.<\/p>\n<p>El programa cient\u00edfico se dio con la celebraci\u00f3n del 1\u00ba Encuentro Latinoamericano de Termalismo y del Encuentro Internacional de Ciudades Termales en el que participaron poblaciones como Ourense (Espa\u00f1a), Pontevedra (Espa\u00f1a), La Fortuna (Costa Rica), Santo Amaro da Imperatriz en Santa Catarina (Brasil) o Itaipulandia (Brasil).<\/p>\n<p>Tambi\u00e9n se presentaron las comunicaciones cient\u00edficas realizadas por investigadores de Espa\u00f1a, Brasil, Argentina, Austria, Chile y Colombia. Estos trabajos ser\u00e1n recogidos en la memoria anual de la Sociedad Espa\u00f1ola de Hidrolog\u00eda M\u00e9dica.<\/p>\n<p>Concluyen as\u00ed tres d\u00edas de intensa actividad que han posicionado a Termatalia como el punto de encuentro mundial de los destinos termales y de bienestar.<\/p>\n<p>Sin dudas agradecemos a Galicia, y Ourense en particular (sede oficial de la feria cuando esta se celebra en Europa), estuvieron representadas en la inauguraci\u00f3n por la directora de Turismo de Galicia, Nava Castro; por el concejal de Turismo y Termalismo de Ourense, Jorge Pumar; por la diputada de Termalismo de la Diputaci\u00f3n Provincial de Ourense, Ana Villarino Pardo, y por el director de Termatalia, Alejandro Rub\u00edn, entre ellos destacamos la participaci\u00f3n activa de la directora de relaciones Internacionales \u00a0Emma Gonz\u00e1lez, \u00a0la coordinadora de prensa Silvia Pardo y Javier Pav\u00f3n\u2026<\/p>\n<p>Por supuesto que destacamos a los anfitriones como lo es el Ministro de Turismo do Brasil, Vinicius Lummertz, quien estuvo acompa\u00f1ado por el prefeito de Foz do Igua\u00e7u, Chico Brasileito; por el secretario de Turismo de la Prefeitura de Foz do Igua\u00e7u, Gilmar Piolla; por el secretario de Estado de Deporte y Turismo del Gobierno del Estado de Paran\u00e1, Joao Carlos Barbiero y por el director financiero de Itaip\u00fa, Antonio Cecato.<\/p>\n<p>A todo esto les decimos que en las recorridas a puntos de inter\u00e9s tur\u00edsticos como lo son las famosas y bien ponderadas cataratas de Iguazu, destacamos el \u00fanico s\u00faper parque acu\u00e1tico m\u00e1s grande e importante de Am\u00e9ricalatina como lo es Itaipulandia, lugar digno de destacar por su performance de lugar \u00fanico, por ello agradecemos a la familia Lazzerini por el recibimiento y por su cordialidad a la hora de abrirnos las puertas del complejo acu\u00e1tico\u2026<\/p>\n<p>Tambi\u00e9n destacamos el parque de las aves, lugar que ocupa el segundo lugar de visitas al a\u00f1o con 800 mil recorridas de turistas de todo el mundo.<\/p>\n<p>Para ver las im\u00e1genes (fotos) en el enlace de Fliker icono que se encuentra en el margen superior derecha\u2026.<\/p>\n<p>Gracias Termatalia por tener\u00a0 la posibilidad de estar un a\u00f1o mas como fam press de tan distinguido evento\u2026<\/p>\n","protected":false},"excerpt":{"rendered":"<p>\u00a0Una vez m\u00e1s participando en la 18\u00aa edici\u00f3n de la Feria Internacional de Turismo Termal, Salud y Bienestar. Asistimos al mayor evento de termalismo mundial que tuvo lugar en la ciudad de Foz de Iguaz\u00fa Brasil. En principio les contamos que nos encontramos con una gran participaci\u00f3n del mundo acad\u00e9mico con ponencias de much\u00edsimo inter\u00e9s [&hellip;]<\/p>\n","protected":false},"author":1,"featured_media":2034,"comment_status":"open","ping_status":"open","sticky":false,"template":"","format":"standard","meta":{"footnotes":""},"categories":[7],"tags":[],"class_list":["post-2033","post","type-post","status-publish","format-standard","has-post-thumbnail","hentry","category-argentina"],"_links":{"self":[{"href":"https:\/\/argentinatermal.com.ar\/index.php?rest_route=\/wp\/v2\/posts\/2033","targetHints":{"allow":["GET"]}}],"collection":[{"href":"https:\/\/argentinatermal.com.ar\/index.php?rest_route=\/wp\/v2\/posts"}],"about":[{"href":"https:\/\/argentinatermal.com.ar\/index.php?rest_route=\/wp\/v2\/types\/post"}],"author":[{"embeddable":true,"href":"https:\/\/argentinatermal.com.ar\/index.php?rest_route=\/wp\/v2\/users\/1"}],"replies":[{"embeddable":true,"href":"https:\/\/argentinatermal.com.ar\/index.php?rest_route=%2Fwp%2Fv2%2Fcomments&post=2033"}],"version-history":[{"count":1,"href":"https:\/\/argentinatermal.com.ar\/index.php?rest_route=\/wp\/v2\/posts\/2033\/revisions"}],"predecessor-version":[{"id":2035,"href":"https:\/\/argentinatermal.com.ar\/index.php?rest_route=\/wp\/v2\/posts\/2033\/revisions\/2035"}],"wp:featuredmedia":[{"embeddable":true,"href":"https:\/\/argentinatermal.com.ar\/index.php?rest_route=\/wp\/v2\/media\/2034"}],"wp:attachment":[{"href":"https:\/\/argentinatermal.com.ar\/index.php?rest_route=%2Fwp%2Fv2%2Fmedia&parent=2033"}],"wp:term":[{"taxonomy":"category","embeddable":true,"href":"https:\/\/argentinatermal.com.ar\/index.php?rest_route=%2Fwp%2Fv2%2Fcategories&post=2033"},{"taxonomy":"post_tag","embeddable":true,"href":"https:\/\/argentinatermal.com.ar\/index.php?rest_route=%2Fwp%2Fv2%2Ftags&post=2033"}],"curies":[{"name":"wp","href":"https:\/\/api.w.org\/{rel}","templated":true}]}}