{"id":2070,"date":"2018-10-02T13:34:46","date_gmt":"2018-10-02T16:34:46","guid":{"rendered":"http:\/\/argentinatermal.com.ar\/?p=2070"},"modified":"2018-10-02T13:34:46","modified_gmt":"2018-10-02T16:34:46","slug":"entrevista-a-la-lic-teresita-van-strate-delegada-de-termatalia-en-argentina","status":"publish","type":"post","link":"https:\/\/argentinatermal.com.ar\/?p=2070","title":{"rendered":"Entrevista a la Lic. Teresita Van Strate, delegada de Termatalia en Argentina"},"content":{"rendered":"<p>De regreso del vecino pa\u00eds de Brasil y mas precisamente de Foz de Iguazu, lugar donde se llevo a cabo el pasado mes de Septiembre la 18\u00ba Feria Internacional de Termalismo, Salud y bienestar, pudimos acceder a preguntarle a la Lic. Van Strate si las expectativas fueron positivas al participar primero, como delegada Internacional y segundo como disertante representando a TVS Asesor\u00edas t\u00e9cnicas donde ella es directora y nos dec\u00eda esto!<\/p>\n<p><iframe title=\"Teresita Van Strate en Termatalia 2018\" width=\"640\" height=\"360\" src=\"https:\/\/www.youtube.com\/embed\/5_dx6ANbaj4?feature=oembed\" frameborder=\"0\" allow=\"accelerometer; autoplay; clipboard-write; encrypted-media; gyroscope; picture-in-picture; web-share\" referrerpolicy=\"strict-origin-when-cross-origin\" allowfullscreen><\/iframe><\/p>\n","protected":false},"excerpt":{"rendered":"<p>De regreso del vecino pa\u00eds de Brasil y mas precisamente de Foz de Iguazu, lugar donde se llevo a cabo el pasado mes de Septiembre la 18\u00ba Feria Internacional de Termalismo, Salud y bienestar, pudimos acceder a preguntarle a la Lic. Van Strate si las expectativas fueron positivas al participar primero, como delegada Internacional y [&hellip;]<\/p>\n","protected":false},"author":1,"featured_media":2071,"comment_status":"open","ping_status":"open","sticky":false,"template":"","format":"standard","meta":{"footnotes":""},"categories":[7,23,3],"tags":[],"class_list":["post-2070","post","type-post","status-publish","format-standard","has-post-thumbnail","hentry","category-argentina","category-entrevistas","category-multimedia"],"_links":{"self":[{"href":"https:\/\/argentinatermal.com.ar\/index.php?rest_route=\/wp\/v2\/posts\/2070","targetHints":{"allow":["GET"]}}],"collection":[{"href":"https:\/\/argentinatermal.com.ar\/index.php?rest_route=\/wp\/v2\/posts"}],"about":[{"href":"https:\/\/argentinatermal.com.ar\/index.php?rest_route=\/wp\/v2\/types\/post"}],"author":[{"embeddable":true,"href":"https:\/\/argentinatermal.com.ar\/index.php?rest_route=\/wp\/v2\/users\/1"}],"replies":[{"embeddable":true,"href":"https:\/\/argentinatermal.com.ar\/index.php?rest_route=%2Fwp%2Fv2%2Fcomments&post=2070"}],"version-history":[{"count":1,"href":"https:\/\/argentinatermal.com.ar\/index.php?rest_route=\/wp\/v2\/posts\/2070\/revisions"}],"predecessor-version":[{"id":2072,"href":"https:\/\/argentinatermal.com.ar\/index.php?rest_route=\/wp\/v2\/posts\/2070\/revisions\/2072"}],"wp:featuredmedia":[{"embeddable":true,"href":"https:\/\/argentinatermal.com.ar\/index.php?rest_route=\/wp\/v2\/media\/2071"}],"wp:attachment":[{"href":"https:\/\/argentinatermal.com.ar\/index.php?rest_route=%2Fwp%2Fv2%2Fmedia&parent=2070"}],"wp:term":[{"taxonomy":"category","embeddable":true,"href":"https:\/\/argentinatermal.com.ar\/index.php?rest_route=%2Fwp%2Fv2%2Fcategories&post=2070"},{"taxonomy":"post_tag","embeddable":true,"href":"https:\/\/argentinatermal.com.ar\/index.php?rest_route=%2Fwp%2Fv2%2Ftags&post=2070"}],"curies":[{"name":"wp","href":"https:\/\/api.w.org\/{rel}","templated":true}]}}