{"id":2077,"date":"2018-10-05T11:06:59","date_gmt":"2018-10-05T14:06:59","guid":{"rendered":"http:\/\/argentinatermal.com.ar\/?p=2077"},"modified":"2018-10-05T11:10:29","modified_gmt":"2018-10-05T14:10:29","slug":"entrevista-a-lic-daniela-krieger-directora-de-turismo-y-recreacion-de-obera-misiones","status":"publish","type":"post","link":"https:\/\/argentinatermal.com.ar\/?p=2077","title":{"rendered":"Entrevista a Lic. Daniela Krieger, directora de turismo y recreaci\u00f3n de Ober\u00e1, Misiones"},"content":{"rendered":"<p>El pasado mes de Septiembre estuvimos cubriendo la 18\u00ba Feria Internacional de Turismo, Salud y Bienestar (Termatalia) evento que se llevo a cabo en la ciudad de Foz de Iguaz\u00fa, Brasil, convocatoria que re\u00fane a mas de 34 pa\u00edses en el cual se debate y se exponen trabajos sobre el termalismo a nivel mundial.<\/p>\n<p>En nuestro recorrido visitamos el stand de Argentina y pudimos entrevistar a la Lic. Daniela Krieger, directora de turismo y recreaci\u00f3n de la municipalidad de Ober\u00e1, Misiones. quien nos\u00a0cuenta sobre las bondades de las aguas termales y su parque termal la Selva, sitio que se ubica en un predio de 8 hect\u00e1reas, al borde de la ruta 14 en el Km 878 de la provincia de Misiones, lugar sin dudas a visitar.<\/p>\n<p>En el mismo se podr\u00e1 disfrutar de una abundante vegetaci\u00f3n plantaciones de yerba mate y un sin fin de diversas especies de plantas nativas de la selva misionera.<\/p>\n<p><iframe title=\"Daniela Krieger\" width=\"640\" height=\"360\" src=\"https:\/\/www.youtube.com\/embed\/T6XIBI7DnAY?feature=oembed\" frameborder=\"0\" allow=\"accelerometer; autoplay; clipboard-write; encrypted-media; gyroscope; picture-in-picture; web-share\" referrerpolicy=\"strict-origin-when-cross-origin\" allowfullscreen><\/iframe><\/p>\n","protected":false},"excerpt":{"rendered":"<p>El pasado mes de Septiembre estuvimos cubriendo la 18\u00ba Feria Internacional de Turismo, Salud y Bienestar (Termatalia) evento que se llevo a cabo en la ciudad de Foz de Iguaz\u00fa, Brasil, convocatoria que re\u00fane a mas de 34 pa\u00edses en el cual se debate y se exponen trabajos sobre el termalismo a nivel mundial. En [&hellip;]<\/p>\n","protected":false},"author":1,"featured_media":2078,"comment_status":"open","ping_status":"open","sticky":false,"template":"","format":"standard","meta":{"footnotes":""},"categories":[7,23,12,3,14,22,17],"tags":[],"class_list":["post-2077","post","type-post","status-publish","format-standard","has-post-thumbnail","hentry","category-argentina","category-entrevistas","category-internacionales","category-multimedia","category-turismo-salud","category-turismo-sostenible","category-turismo-termal"],"_links":{"self":[{"href":"https:\/\/argentinatermal.com.ar\/index.php?rest_route=\/wp\/v2\/posts\/2077","targetHints":{"allow":["GET"]}}],"collection":[{"href":"https:\/\/argentinatermal.com.ar\/index.php?rest_route=\/wp\/v2\/posts"}],"about":[{"href":"https:\/\/argentinatermal.com.ar\/index.php?rest_route=\/wp\/v2\/types\/post"}],"author":[{"embeddable":true,"href":"https:\/\/argentinatermal.com.ar\/index.php?rest_route=\/wp\/v2\/users\/1"}],"replies":[{"embeddable":true,"href":"https:\/\/argentinatermal.com.ar\/index.php?rest_route=%2Fwp%2Fv2%2Fcomments&post=2077"}],"version-history":[{"count":4,"href":"https:\/\/argentinatermal.com.ar\/index.php?rest_route=\/wp\/v2\/posts\/2077\/revisions"}],"predecessor-version":[{"id":2082,"href":"https:\/\/argentinatermal.com.ar\/index.php?rest_route=\/wp\/v2\/posts\/2077\/revisions\/2082"}],"wp:featuredmedia":[{"embeddable":true,"href":"https:\/\/argentinatermal.com.ar\/index.php?rest_route=\/wp\/v2\/media\/2078"}],"wp:attachment":[{"href":"https:\/\/argentinatermal.com.ar\/index.php?rest_route=%2Fwp%2Fv2%2Fmedia&parent=2077"}],"wp:term":[{"taxonomy":"category","embeddable":true,"href":"https:\/\/argentinatermal.com.ar\/index.php?rest_route=%2Fwp%2Fv2%2Fcategories&post=2077"},{"taxonomy":"post_tag","embeddable":true,"href":"https:\/\/argentinatermal.com.ar\/index.php?rest_route=%2Fwp%2Fv2%2Ftags&post=2077"}],"curies":[{"name":"wp","href":"https:\/\/api.w.org\/{rel}","templated":true}]}}