{"id":2098,"date":"2018-10-08T17:49:52","date_gmt":"2018-10-08T20:49:52","guid":{"rendered":"http:\/\/argentinatermal.com.ar\/?p=2098"},"modified":"2018-10-08T17:49:52","modified_gmt":"2018-10-08T20:49:52","slug":"congreso-internacional-de-spa-bienestar-sede-colombia-2018","status":"publish","type":"post","link":"https:\/\/argentinatermal.com.ar\/?p=2098","title":{"rendered":"Congreso Internacional de Spa &amp; Bienestar, sede Colombia 2018"},"content":{"rendered":"<div class=\"intro_feature\">\n<h4><i class=\"fa fa-check\"><\/i> 7, 8 y 9 de noviembre de 2018 con sede en Pereira, Colombia.<\/h4>\n<p>Gracias al gran \u00e9xito logrado en el 4 Congreso Internacional de Spa &amp; Bienestar, realizado en Buenos Aires, en abril de este a\u00f1o, por la Asociaci\u00f3n Americana de Spa y siendo el pedido de muchos profesionales de la regi\u00f3n, llega por primera vez a la ciudad de Pereira, Colombia la tierra de la sabrosura y que seguro te va a encantar, potencia del desarrollo del Turismo de Bienestar en Latinoam\u00e9rica.<\/p>\n<\/div>\n<div class=\"intro_feature\">\n<h4><i class=\"fa fa-check\"><\/i> \u00a1Viva lo mejor del spa y el turismo de bienestar de la regi\u00f3n!<\/h4>\n<p>La Asociaci\u00f3n Americana de Spa ha pensado en realizar su evento por primera vez fuera de Buenos Aires y eligi\u00f3 el Hotel Movich de la ciudad de Pereira, para ser sede de este importante evento. Este suceso que se realiz\u00f3, con grandes laureles durante cuatro a\u00f1os, en forma consecutiva, en Buenos Aires, se har\u00e1 ahora, por primera vez en otro hermoso pa\u00eds: Colombia.<\/p>\n<p><a href=\"http:\/\/argentinatermal.com.ar\/wp-content\/uploads\/2018\/10\/img4-1.jpg\"><img decoding=\"async\" class=\"size-medium wp-image-2099 alignleft\" src=\"http:\/\/argentinatermal.com.ar\/wp-content\/uploads\/2018\/10\/img4-1-300x180.jpg\" alt=\"\" width=\"300\" height=\"180\" srcset=\"https:\/\/argentinatermal.com.ar\/wp-content\/uploads\/2018\/10\/img4-1-300x180.jpg 300w, https:\/\/argentinatermal.com.ar\/wp-content\/uploads\/2018\/10\/img4-1-768x461.jpg 768w, https:\/\/argentinatermal.com.ar\/wp-content\/uploads\/2018\/10\/img4-1-696x418.jpg 696w, https:\/\/argentinatermal.com.ar\/wp-content\/uploads\/2018\/10\/img4-1-700x420.jpg 700w, https:\/\/argentinatermal.com.ar\/wp-content\/uploads\/2018\/10\/img4-1.jpg 800w\" sizes=\"(max-width: 300px) 100vw, 300px\" \/><\/a><\/p>\n<h3>Movich Pereira<\/h3>\n<div class=\"post-meta\">\n<ul class=\"post-meta-list clearfix\">\n<li>Pereira, ciudad privilegiada y llena de tradiciones emblem\u00e1t\u200b\u200bicas de la zona Andina colombiana, es reconocida por ser un destino comercial atractivo para los negocios y el turismo. Su ubicaci\u00f3n estrat\u00e9\u200bg\u200bica la \u200bconvierte en \u200bun lugar central desde donde realizar negocios, y un atractivo terr\u200bitorio para el turismo cultural o de aventura.<\/li>\n<\/ul>\n<\/div>\n<div class=\"post-content\">\n<p>El lujoso Movich Hotel De Pereira, situado a 5 minutos a pie del centro de Pereira, ofrece habitaciones con conexi\u00f3n de wifi gratis y alberga una pileta al aire libre, un spa, un gimnasio y 3 restaurantes.<\/p>\n<p>El Hotel De Pereira, de 5 estrellas, presenta suelos de m\u00e1rmol pulido y esculturas de madera tallada. Entre las instalaciones del hotel, cabe destacar una ba\u00f1era de hidromasaje.<\/p>\n<p>Las habitaciones presentan un mobiliario elegante de madera oscura.<\/p>\n<p>Todas las habitaciones disponen de aire acondicionado, minibar y ba\u00f1o. Algunas habitaciones tambi\u00e9n cuentan con un panel giratorio con TV de pantalla y una zona de estar amplia con arreglos florales y obras de arte contempor\u00e1neo.<\/p>\n<p>El restaurante Arrayanes, situado junto a la pileta, sirve un desayuno buffet con dulces t\u00edpicos y caf\u00e9 colombiano. El restaurante Patio de Las Guadas propone comidas ligeras y el restaurante gourmet \u00c9bano, de ambiente formal, ofrece especialidades del chef.<\/p>\n<p>Fuente de la Informaci\u00f3n:\u00a0http:\/\/asociacionspa.com.ar\/congreso-colombia\/lugar.html<\/p>\n<p>&nbsp;<\/p>\n<\/div>\n<\/div>\n","protected":false},"excerpt":{"rendered":"<p>7, 8 y 9 de noviembre de 2018 con sede en Pereira, Colombia. Gracias al gran \u00e9xito logrado en el 4 Congreso Internacional de Spa &amp; Bienestar, realizado en Buenos Aires, en abril de este a\u00f1o, por la Asociaci\u00f3n Americana de Spa y siendo el pedido de muchos profesionales de la regi\u00f3n, llega por primera [&hellip;]<\/p>\n","protected":false},"author":1,"featured_media":2100,"comment_status":"open","ping_status":"open","sticky":false,"template":"","format":"standard","meta":{"footnotes":""},"categories":[29,28,15],"tags":[],"class_list":["post-2098","post","type-post","status-publish","format-standard","has-post-thumbnail","hentry","category-datos-utiles","category-portales-de-servicios-e-informacion","category-turismo-de-bienestar"],"_links":{"self":[{"href":"https:\/\/argentinatermal.com.ar\/index.php?rest_route=\/wp\/v2\/posts\/2098","targetHints":{"allow":["GET"]}}],"collection":[{"href":"https:\/\/argentinatermal.com.ar\/index.php?rest_route=\/wp\/v2\/posts"}],"about":[{"href":"https:\/\/argentinatermal.com.ar\/index.php?rest_route=\/wp\/v2\/types\/post"}],"author":[{"embeddable":true,"href":"https:\/\/argentinatermal.com.ar\/index.php?rest_route=\/wp\/v2\/users\/1"}],"replies":[{"embeddable":true,"href":"https:\/\/argentinatermal.com.ar\/index.php?rest_route=%2Fwp%2Fv2%2Fcomments&post=2098"}],"version-history":[{"count":1,"href":"https:\/\/argentinatermal.com.ar\/index.php?rest_route=\/wp\/v2\/posts\/2098\/revisions"}],"predecessor-version":[{"id":2101,"href":"https:\/\/argentinatermal.com.ar\/index.php?rest_route=\/wp\/v2\/posts\/2098\/revisions\/2101"}],"wp:featuredmedia":[{"embeddable":true,"href":"https:\/\/argentinatermal.com.ar\/index.php?rest_route=\/wp\/v2\/media\/2100"}],"wp:attachment":[{"href":"https:\/\/argentinatermal.com.ar\/index.php?rest_route=%2Fwp%2Fv2%2Fmedia&parent=2098"}],"wp:term":[{"taxonomy":"category","embeddable":true,"href":"https:\/\/argentinatermal.com.ar\/index.php?rest_route=%2Fwp%2Fv2%2Fcategories&post=2098"},{"taxonomy":"post_tag","embeddable":true,"href":"https:\/\/argentinatermal.com.ar\/index.php?rest_route=%2Fwp%2Fv2%2Ftags&post=2098"}],"curies":[{"name":"wp","href":"https:\/\/api.w.org\/{rel}","templated":true}]}}