{"id":2175,"date":"2018-10-31T10:56:24","date_gmt":"2018-10-31T13:56:24","guid":{"rendered":"http:\/\/argentinatermal.com.ar\/?p=2175"},"modified":"2018-10-31T10:58:26","modified_gmt":"2018-10-31T13:58:26","slug":"madrid-dos-bicentenarios-culturales-2018-2019-y-mas","status":"publish","type":"post","link":"https:\/\/argentinatermal.com.ar\/?p=2175","title":{"rendered":"Madrid, dos bicentenarios culturales 2018 &#8211; 2019 y m\u00e1s"},"content":{"rendered":"<p>El Teatro Real dar\u00e1 fin a la celebraci\u00f3n de los 200 a\u00f1os de su fundaci\u00f3n, con la Temporada 2018-2019, repleta de \u00e9xitos, 15 espect\u00e1culos se presentar\u00e1n en su escenario, 7 de los cuales no se han presentado anteriormente.<\/p>\n<div id=\"attachment_7848\" class=\"wp-caption aligncenter\">\n<p><a href=\"http:\/\/corresponsales.org\/wp-content\/uploads\/teatro-real-Fausto.jpg\"><img decoding=\"async\" class=\"size-large wp-image-7848\" src=\"http:\/\/corresponsales.org\/wp-content\/uploads\/teatro-real-Fausto-640x360.jpg\" alt=\"\" width=\"640\" height=\"360\" \/><\/a><\/p>\n<p class=\"wp-caption-text\">Mikhail Petrenko (M\u00e9phistoph\u00e9l\u00e8s), Koor van De Nationale Opera, figuratie<\/p>\n<\/div>\n<p>Comenz\u00f3 la temporada con una \u00f3pera estrenada en Paris en 1859, Faust de Charles Gounod, la Fura del Baus abord\u00f3 por cuarta vez el mito de Fausto, el Teatro Real la estren\u00f3 en 1865 con gran entusiasmo del p\u00fablico asistente.\u00a0 La inauguraci\u00f3n de la temporada de \u00f3pera cuenta con el mecenazgo de Japan Tobacco, empresa reconocida como uno de los grandes mecenas del arte en Europa y que impulsa su compromiso con la difusi\u00f3n de la cultura en Espa\u00f1a, colaborando hace varios a\u00f1os, con el Teatro Real.\u00a0 La temporada se compone de 15 t\u00edtulos oper\u00edsticos, 5 espect\u00e1culos de danza, 16 conciertos, se ofrecer\u00e1n 244 funciones, 97 para el p\u00fablico infantil, 6 conciertos de los domingos de C\u00e1mara y 3 proyecciones de \u00f3pera en cine.\u00a0 M\u00e1s de 60 actividades gratuitas, exposiciones, coloquios y conferencias en el Teatro Real y en instituciones culturales.\u00a0 Proseguir\u00e1n los ciclos de proyecciones de producciones del Teatro Real en Am\u00e9rica Latina y Asia.\u00a0 Coincidiendo con el Segundo Centenario de su fundaci\u00f3n, con la producci\u00f3n del film \u201c El coraz\u00f3n del Teatro Real \u201c llegando a 95 salas de cine de m\u00e1s de 60 ciudades espa\u00f1olas.<\/p>\n<p>Bicentenario Museo Nacional del Prado (1819-2019) programa extraordinario de conmemoraci\u00f3n. Durante este centenario tambi\u00e9n se celebra el 150 aniversario de la nacionalizaci\u00f3n de las colecciones reales y el 80 aniversario de la recuperaci\u00f3n de las obras que fueron evacuadas durante la Guerra Civil.<\/p>\n<p><a href=\"http:\/\/corresponsales.org\/wp-content\/uploads\/el-prado-200-a%C3%B1os.jpg\"><img decoding=\"async\" class=\"aligncenter size-large wp-image-7840\" src=\"http:\/\/corresponsales.org\/wp-content\/uploads\/el-prado-200-a%C3%B1os-480x360.jpg\" alt=\"\" width=\"480\" height=\"360\" \/><\/a><\/p>\n<p>El programa de exposiciones temporales para 2019 incluye nombres como Vel\u00e1zquez y Rembrandt, Goya, Fra. Ang\u00e9lico y Sofonisba Anguisola y Lavinia Fontana, dos de las mujeres m\u00e1s notables de la historia del arte occidental. Los programas \u201cDe Gira por Espa\u00f1a\u201d \u201cEl Prado en las calles\u201c y \u201cHoy toca el Prado\u201c acercar\u00e1n el patrimonio art\u00edstico y los recursos educativos de la instituci\u00f3n a todo el territorio espa\u00f1ol. La m\u00fasica, el teatro, la danza, la \u00f3pera y la\u00a0 fotograf\u00eda tambi\u00e9n estar\u00e1n presentes en el Bicentenario.\u00a0 Durante el inicio de las celebraciones habr\u00e1 jornadas de puertas abiertas y diferentes espect\u00e1culos en el exterior. Se habilitar\u00e1 en la web institucional un canal espec\u00edfico donde se recoger\u00e1n todas las actividades extraordinarias y actos conmemorativos de esta efem\u00e9ride que tendr\u00e1 su desarrollo tambi\u00e9n en redes sociales.<\/p>\n<p>El C\u00edrculo de Bellas Artes tambi\u00e9n ha presentado su temporada habitual, plena de actividades, exposiciones, cine, gastronom\u00eda La Pecera y la Azotea del C\u00edrculo, donde su puede contemplar un Madrid precioso. El oto\u00f1o ya es sin\u00f3nimo de Festival E\u00f1e en el \u00e1rea de humanidades. En esta d\u00e9cima edici\u00f3n, organizado por La F\u00e1brica y el CBA, traer\u00e1 de nuevo actividades que propicien la creaci\u00f3n de espacios de intercambio y encuentro entre escritores, editores y lectores.\u00a0 Por otra parte, todos los martes de noviembre, el c\u00edrculo organizar\u00e1 un seminario sobre soledades en la literatura y el pensamiento, coordinado por Jordi Doce, enmarcado dentro de la iniciativa del Ayuntamiento de Madrid sobre soledades urbanas.\u00a0\u00a0 23 a\u00f1os cumple La Lectura\u00a0 Continuada del Quijote, que se celebrar\u00e1 como es habitual en torno al D\u00eda del Libro. Una actividad veterana imprescindible tanto en nuestra programaci\u00f3n como en la vida cultural madrile\u00f1a.<\/p>\n<p>El Palacio de Fern\u00e1n N\u00fa\u00f1ez sede social de la Fundaci\u00f3n de Ferrocarriles Espa\u00f1oles, instituci\u00f3n creada en 1985 que tiene encomendada la recuperaci\u00f3n, custodia y difusi\u00f3n del patrimonio hist\u00f3rico, cultural, cient\u00edfico y tecnol\u00f3gico ferroviario, ha presentado una exposici\u00f3n de fotograf\u00edas llamada\u00a0 \u201cCaminos de Hierro \u201cconcurso fotogr\u00e1fico que recrean todo lo relacionado con las estaciones, los andenes, los vagones y lo relacionado con los trenes en el mundo. Este certamen est\u00e1 organizado desde 1986, en esta 29 edici\u00f3n cuenta con la colaboraci\u00f3n de Adif y RENFE, y con el apoyo de las empresas Confesa, Elecor y Ortiz Construcciones.<\/p>\n<p><a href=\"http:\/\/corresponsales.org\/wp-content\/uploads\/fenan-nu%C3%B1ez-caminos-de-hierro.jpg\"><img decoding=\"async\" class=\"aligncenter size-large wp-image-7854\" src=\"http:\/\/corresponsales.org\/wp-content\/uploads\/fenan-nu%C3%B1ez-caminos-de-hierro-640x360.jpg\" alt=\"\" width=\"640\" height=\"360\" \/><\/a><\/p>\n<p>El primer premio fue para la fotograf\u00eda \u201cCuadernos de Vinh a Hue \u201cy su autora Cristina Bezanilla Echeverr\u00eda, licenciada en Bellas Artes, y nacida en Huesca en 1965.<\/p>\n<p>Fundaci\u00f3n Mapfre del 21 de septiembre hasta el 5 de enero de 2019 en sus salas de B\u00e1rbara de Braganza, expone una muestra del fot\u00f3grafo argentino Humberto Rivas ( 1937- 2009 ) la selecci\u00f3n, con m\u00e1s de 180 obras y material de archivo, aborda el trabajo de este fot\u00f3grafo a lo largo de toda su trayectoria que comprende desde los a\u00f1os sesenta del siglo XX hasta el a\u00f1o 2005.<\/p>\n<p><a href=\"http:\/\/corresponsales.org\/wp-content\/uploads\/fundacion-mapfre-humberto-rivas.jpg\"><img decoding=\"async\" class=\"aligncenter size-large wp-image-7844\" src=\"http:\/\/corresponsales.org\/wp-content\/uploads\/fundacion-mapfre-humberto-rivas-490x360.jpg\" alt=\"\" width=\"490\" height=\"360\" \/><\/a><\/p>\n<p>Rivas fue un autor fundamental para el desarrollo de la fotograf\u00eda en Espa\u00f1a a partir de la primera mitad de los a\u00f1os setenta cuando lleg\u00f3 a Barcelona procedente de Argentina. Con \u00e9l se produjo una renovaci\u00f3n del medio, contribuyendo a su consideraci\u00f3n como un lenguaje art\u00edstico de pleno derecho.<\/p>\n<p>La semana en la Fundaci\u00f3n Juan March, se inaugura la exposici\u00f3n dedicada a la arquitecta italobrasile\u00f1a Lina Bo Bardi, con un concierto de m\u00fasica brasile\u00f1a y la presencia de la Gran Vaca Mec\u00e1nica.\u00a0 Sin olvidar la extensa programaci\u00f3n de oto\u00f1o-invierno que gratuitamente se puede disfrutar y acceder a la Fundaci\u00f3n.<\/p>\n<p>La Embajada de la Rep\u00fablica Argentina ante el Reino de Espa\u00f1a, se complace en presentar la exposici\u00f3n \u201cOjos desde el Sur\u201c de los artistas argentinos residentes en Madrid\u00a0\u00a0\u00a0 N\u00e9stor Chprintzer, Rosana Katinas y Pablo Neustadt, tres fot\u00f3grafos que retratan la vida con la mirada que cada uno es capaz de ver y sentir la vida, una pincelada perfecta para describir situaciones, personas y a veces ambientes irreales, pero muy atractivos tambi\u00e9n.<\/p>\n<p><a href=\"http:\/\/corresponsales.org\/wp-content\/uploads\/EMBAJADA-ARGENTINA.jpg\"><img decoding=\"async\" class=\"aligncenter size-large wp-image-7841\" src=\"http:\/\/corresponsales.org\/wp-content\/uploads\/EMBAJADA-ARGENTINA-640x360.jpg\" alt=\"\" width=\"640\" height=\"360\" \/><\/a><\/p>\n<p>El Fern\u00e1n G\u00f3mez. Centro Cultural de la villa presenta la exposici\u00f3n \u201cEl pintor de canciones \u201cuna muestra comisariado por Javier Panera, que cuenta con la colaboraci\u00f3n de La F\u00e1brica, se podr\u00e1 visitar gratuitamente en la Sala de Exposiciones del centro hasta el 11 de noviembre. Entre 1948 y 1978 fueron muchos los creadores (pintores, escritores, cineastas, dramaturgos\u2026) que, tan fascinados por su est\u00e9tica como por su potencial subversivo, integraron en sus pr\u00e1cticas culturales, elementos que se relacionan de modo directo o indirecto con los comportamientos, actitudes o iconograf\u00edas de la m\u00fasica popular, contribuyendo a mirar, desde dentro, los pilares de la ya fisurada sociedad espa\u00f1ola.<\/p>\n<p><a href=\"http:\/\/corresponsales.org\/wp-content\/uploads\/fernan-gomez-el-pintor-de-canciones.jpg\"><img decoding=\"async\" class=\"aligncenter size-large wp-image-7842\" src=\"http:\/\/corresponsales.org\/wp-content\/uploads\/fernan-gomez-el-pintor-de-canciones-640x360.jpg\" alt=\"\" width=\"640\" height=\"360\" \/><\/a><\/p>\n<p>Los Teatros en Madrid, comienzan la temporada de oto\u00f1o con una programaci\u00f3n impresionante.\u00a0 Se estrena ya. En el Teatro Coliseum\u00a0 Un deslumbrante viaje, por primera vez en Europa, el musical que triunfa en Broadway sobre la joven arist\u00f3crata rusa huida a Paris, llamada\u00a0 \u201cAnastasia.<\/p>\n<p><a href=\"http:\/\/corresponsales.org\/wp-content\/uploads\/teatro-calderon-west-side-story.jpg\"><img decoding=\"async\" class=\"aligncenter size-large wp-image-7846\" src=\"http:\/\/corresponsales.org\/wp-content\/uploads\/teatro-calderon-west-side-story-640x336.jpg\" alt=\"\" width=\"640\" height=\"336\" \/><\/a><\/p>\n<p><a href=\"http:\/\/corresponsales.org\/wp-content\/uploads\/teatro-coliseum-anastasia-1.jpg\"><img decoding=\"async\" class=\"aligncenter size-large wp-image-7856\" src=\"http:\/\/corresponsales.org\/wp-content\/uploads\/teatro-coliseum-anastasia-1-640x360.jpg\" alt=\"\" width=\"640\" height=\"360\" \/><\/a><\/p>\n<p>\u201cEl Teatro de la Zarzuela pone en escena \u201cKatiuska \u00b7 del maestro Soroz\u00e1bal, que ha reunido para la ocasi\u00f3n un reparto de grandes figuras de la l\u00edrica nacional, encabezados por Ainhoa Arteta y Carlos \u00c1lvarez.<\/p>\n<p>Teatro Calder\u00f3n, convertido en un cl\u00e1sico desde el momento de su estreno en 1957, estrena \u201cWest Side Story \u201c. Los Teatros del Canal, La Comedia, La Abad\u00eda, Teatro Espa\u00f1ol, Teatro Marquina, La Latina, Bellas Artes, Amaya, Fern\u00e1n G\u00f3mez, Cofidis Alc\u00e1zar, F\u00edgaro, Infanta Isabel, De la Luz Philips, Marquina, Mar\u00eda Guerrero, Reina Victoria,. Programaciones.<a href=\"http:\/\/www.guiadelocio.com\/\">www.guiadelocio.com<\/a><\/p>\n<div id=\"attachment_7849\" class=\"wp-caption aligncenter\">\n<p><a href=\"http:\/\/corresponsales.org\/wp-content\/uploads\/teatro-zarzuela-katiuska.1.jpg\"><img decoding=\"async\" class=\"size-large wp-image-7849\" src=\"http:\/\/corresponsales.org\/wp-content\/uploads\/teatro-zarzuela-katiuska.1-480x360.jpg\" alt=\"\" width=\"480\" height=\"360\" \/><\/a><\/p>\n<p class=\"wp-caption-text\">CREATOR: gd-jpeg v1.0 (using IJG JPEG v80), quality = 85<\/p>\n<\/div>\n<p>Conciertos del Auditorio, sobresaliendo la programaci\u00f3n de la Fundaci\u00f3n Excelentia, que une magn\u00edfica m\u00fasica, con una copa de vino.<\/p>\n<p><a href=\"http:\/\/corresponsales.org\/wp-content\/uploads\/fundacion-excelentia.jpg\"><img decoding=\"async\" class=\"aligncenter size-large wp-image-7843\" src=\"http:\/\/corresponsales.org\/wp-content\/uploads\/fundacion-excelentia-640x360.jpg\" alt=\"\" width=\"640\" height=\"360\" \/><\/a><\/p>\n<p>&nbsp;<\/p>\n<p>Mar\u00eda Rosa Jord\u00e1n<\/p>\n","protected":false},"excerpt":{"rendered":"<p>El Teatro Real dar\u00e1 fin a la celebraci\u00f3n de los 200 a\u00f1os de su fundaci\u00f3n, con la Temporada 2018-2019, repleta de \u00e9xitos, 15 espect\u00e1culos se presentar\u00e1n en su escenario, 7 de los cuales no se han presentado anteriormente. Mikhail Petrenko (M\u00e9phistoph\u00e9l\u00e8s), Koor van De Nationale Opera, figuratie Comenz\u00f3 la temporada con una \u00f3pera estrenada en [&hellip;]<\/p>\n","protected":false},"author":1,"featured_media":2178,"comment_status":"open","ping_status":"open","sticky":false,"template":"","format":"standard","meta":{"footnotes":""},"categories":[31,28],"tags":[],"class_list":["post-2175","post","type-post","status-publish","format-standard","has-post-thumbnail","hentry","category-colaboradores","category-portales-de-servicios-e-informacion"],"_links":{"self":[{"href":"https:\/\/argentinatermal.com.ar\/index.php?rest_route=\/wp\/v2\/posts\/2175","targetHints":{"allow":["GET"]}}],"collection":[{"href":"https:\/\/argentinatermal.com.ar\/index.php?rest_route=\/wp\/v2\/posts"}],"about":[{"href":"https:\/\/argentinatermal.com.ar\/index.php?rest_route=\/wp\/v2\/types\/post"}],"author":[{"embeddable":true,"href":"https:\/\/argentinatermal.com.ar\/index.php?rest_route=\/wp\/v2\/users\/1"}],"replies":[{"embeddable":true,"href":"https:\/\/argentinatermal.com.ar\/index.php?rest_route=%2Fwp%2Fv2%2Fcomments&post=2175"}],"version-history":[{"count":2,"href":"https:\/\/argentinatermal.com.ar\/index.php?rest_route=\/wp\/v2\/posts\/2175\/revisions"}],"predecessor-version":[{"id":2179,"href":"https:\/\/argentinatermal.com.ar\/index.php?rest_route=\/wp\/v2\/posts\/2175\/revisions\/2179"}],"wp:featuredmedia":[{"embeddable":true,"href":"https:\/\/argentinatermal.com.ar\/index.php?rest_route=\/wp\/v2\/media\/2178"}],"wp:attachment":[{"href":"https:\/\/argentinatermal.com.ar\/index.php?rest_route=%2Fwp%2Fv2%2Fmedia&parent=2175"}],"wp:term":[{"taxonomy":"category","embeddable":true,"href":"https:\/\/argentinatermal.com.ar\/index.php?rest_route=%2Fwp%2Fv2%2Fcategories&post=2175"},{"taxonomy":"post_tag","embeddable":true,"href":"https:\/\/argentinatermal.com.ar\/index.php?rest_route=%2Fwp%2Fv2%2Ftags&post=2175"}],"curies":[{"name":"wp","href":"https:\/\/api.w.org\/{rel}","templated":true}]}}