{"id":2280,"date":"2018-11-26T11:18:23","date_gmt":"2018-11-26T14:18:23","guid":{"rendered":"http:\/\/argentinatermal.com.ar\/?p=2280"},"modified":"2018-11-26T11:23:14","modified_gmt":"2018-11-26T14:23:14","slug":"9a-conferencia-hti-se-esta-celebrando-26-al-27-de-noviembre-de-2018-en-bruselas-belgica","status":"publish","type":"post","link":"https:\/\/argentinatermal.com.ar\/?p=2280","title":{"rendered":"Se esta celebrando la 9\u00aa Conferencia HTI &#8211; 26 al 27 de noviembre de 2018 , en Bruselas , B\u00e9lgica ."},"content":{"rendered":"<div>\n<div id=\"main\" class=\"sidebar-none sidebar-divider-off\">\n<div class=\"wf-wrap\">\n<div class=\"wf-container-main\">\n<div id=\"content\" class=\"content\" role=\"main\">\n<div class=\"vc_row wpb_row vc_row-fluid vc_custom_1516460731335 ult-vc-hide-row vc_row-has-fill\">\n<div class=\"wpb_column vc_column_container vc_col-sm-12\">\n<div class=\"vc_column-inner \">\n<div class=\"wpb_wrapper\">\n<div class=\"vc_row wpb_row vc_inner vc_row-fluid vc_custom_1514248787627 vc_column-gap-4 vc_row-o-equal-height vc_row-flex\">\n<div class=\"wpb_column vc_column_container vc_col-sm-6 vc_col-has-fill\">\n<div class=\"vc_column-inner vc_custom_1514248849597\">\n<div class=\"wpb_wrapper\">\n<div id=\"ultimate-heading-75345bfbb3c685059\" class=\"uvc-heading ult-adjust-bottom-margin ultimate-heading-75345bfbb3c685059 uvc-6283 \">\n<div class=\"uvc-main-heading ult-responsive\">\n<h2><span>Acerca de la 9\u00aa Conferencia HTI:<\/span><\/h2>\n<\/div>\n<\/div>\n<div class=\"wpb_text_column wpb_content_element  vc_custom_1520528154384\">\n<div class=\"wpb_wrapper\">\n<p><b><span>La 9\u00aa\u00a0<\/span><\/b>\u00a0<b><span>Conferencia HTI<\/span><\/b><span>\u00a0\u00a0se celebrar\u00e1 del\u00a0<\/span><strong><span>26 al\u00a0<\/span><\/strong><b><span>27 de noviembre de 2018<\/span><\/b><span>\u00a0, en\u00a0<\/span><b><span>Bruselas<\/span><\/b><span>\u00a0,\u00a0<\/span><b><span>B\u00e9lgica<\/span><\/b><span>\u00a0.<\/span><\/p>\n<p><strong><span>La Conferencia HTI, el evento europeo m\u00e1s grande<\/span><\/strong><span>\u00a0y un punto de reuni\u00f3n n. \u00b0 1 para los mejores profesionales est\u00e1 lanzando un\u00a0concepto de condensado de\u00a0<\/span><strong><span>24 horas<\/span><\/strong><span>\u00a0en Bruselas durante el D\u00eda Europeo del Turismo.<\/span><\/p>\n<\/div>\n<\/div>\n<div class=\"standard-arrow bullet-top\">\n<ul>\n<li><strong><span>Sesiones B2G<\/span><\/strong><span>\u00a0con l\u00edderes de la industria y altos funcionarios en las\u00a0instalaciones del\u00a0<\/span><strong><span>Parlamento Europeo<\/span><\/strong><span>\u00a0organizadas por el miembro del Parlamento Europeo, Ru\u017ea Toma\u0161i\u0107 (solo por invitaci\u00f3n)<\/span><\/li>\n<li class=\"m_-5879007575064708614gmail-MsoNoSpacing\"><strong><span>Reuniones B2B<\/span><\/strong><span>\u00a0en el\u00a0<strong>Centro de Convenciones de<\/strong>\u00a0la\u00a0<\/span><strong><span>Plaza de Bruselas<\/span><\/strong><\/li>\n<\/ul>\n<\/div>\n<\/div>\n<\/div>\n<\/div>\n<\/div>\n<\/div>\n<\/div>\n<\/div>\n<\/div>\n<\/div>\n<\/div>\n<\/div>\n<\/div>\n<\/div>\n<div id=\"timeline-seperator-4776\" class=\"timeline-separator-text \"><span class=\"sep-text ult-responsive\">DIA 1 &#8211; SESIONES B2G<\/span><\/div>\n<div class=\"timeline-wrapper \"><\/div>\n<div class=\"timeline-feature-item feat-item \">\n<div class=\"feat-dot \">\n<div class=\"timeline-dot\"><strong style=\"color: #111111;font-family: Roboto, sans-serif;font-size: 22px\"><u>Lunes 26 de noviembre de 2018<\/u><\/strong><\/div>\n<\/div>\n<div class=\"timeline-header-block\">\n<div id=\"timeline-featured-2423\" class=\"timeline-header\">\n<div class=\"ult-responsive custom-lht\">\n<h3><strong>Parlamento Europeo, Rue Wiertz 60<\/strong><\/h3>\n<h3><strong>Evento organizado por el miembro del Parlamento Europeo Ru\u017ea Toma\u0161i\u0107<\/strong><\/h3>\n<p>&nbsp;<\/p>\n<p><strong>13: 00h Conferencia de Apertura y Bienvenida.<\/strong><\/p>\n<p>Ru\u017ea Toma\u0161i\u0107, miembro del Parlamento Europeo (anfitri\u00f3n)<\/p>\n<p>Anna Athanasopoulou, Directora de Turismo, Industrias Emergentes y Creativas, Comisi\u00f3n Europea<\/p>\n<p>Zdeslav Radov\u010di\u0107, Fundador y CEO, Conferencia HTI (organizador)<\/p>\n<p>&nbsp;<\/p>\n<p><strong>13: 30h\u00a0<sup>3\u00aa<\/sup>\u00a0Cumbre europea de la industria del turismo de salud:\u00a0\u00a0<\/strong><strong>\u201cDestinos europeos de turismo de salud para 2030\u201d<\/strong><\/p>\n<p>Ponencia de Jai Verma, SEO &amp; Global Head B2G, Cigna International\u00a0<strong>&#8211; EHTI Summit Partner<\/strong><\/p>\n<p>&nbsp;<\/p>\n<p><strong>14: 00h Mesa redonda 1: \u00ab\u00bfEst\u00e1 Europa en el negocio de la salud?\u00bb<\/strong><\/p>\n<p>Temas: Terminolog\u00eda, Acreditaciones y Certificaciones, Asociaciones Institucionales, Asociaciones P\u00fablico-Privadas, Directiva Transfronteriza de Salud, Promoci\u00f3n, Oportunidades de Financiamiento<\/p>\n<p>Panelistas y presentadores:<\/p>\n<p>Balazs Lengyel, Oficial jur\u00eddico, DG Salud y Seguridad Alimentaria, Comisi\u00f3n Europea<\/p>\n<p>Eduardo Santander, Director Ejecutivo, ETC &#8211; Comisi\u00f3n Europea de Viajes.<\/p>\n<p>Siyka Katsarova, Vicepresidente, ESPA &#8211; European Spas Association<\/p>\n<p>Simone Zagrodnik, Consejo Ejecutivo, EHTTA &#8211; Asociaci\u00f3n Europea de Ciudades Termales Hist\u00f3ricas<\/p>\n<p>Ilaria Giannico, Secretaria General, UEHP &#8211; Uni\u00f3n Europea de Hospitales Privados<\/p>\n<p>Presidente: Dr. Adam Ruszinko, Presidente de la Asociaci\u00f3n H\u00fangara de Turismo de Salud<\/p>\n<p>&nbsp;<\/p>\n<p><strong>15: 10h Pausa caf\u00e9<\/strong><\/p>\n<p>&nbsp;<\/p>\n<p><strong>15: 40h Mesa redonda 2: \u201cEuropa &#8211; Destino de la salud\u201d<\/strong><\/p>\n<p>Temas: Liderazgo de los gobiernos, Productos europeos integrados para el cuidado de la salud, Programas de intercambio de estudiantes y m\u00e9dicos, Fuerza laboral, Medici\u00f3n del rendimiento, Competitividad del destino<\/p>\n<p>Panelistas y presentadores:<\/p>\n<p>Rika Jean-Francois, Comisionada CSR y Jefa de Coordinaci\u00f3n de Pa\u00eds Socio, ITB Berl\u00edn, Alemania<\/p>\n<p>Carlos Abella Picazo, Director Ejecutivo, Spaincares, Espa\u00f1a<\/p>\n<p>Ernest Sva\u017ei\u0107, Alcalde de la Municipalidad de Krapinske Toplice, Croacia<\/p>\n<p>Ilpo Tolonen, Presidente de la Junta, Asociaci\u00f3n de Turismo M\u00e9dico, Finlandia<\/p>\n<p>Presidenta: Emma Gonzalez, Directora Ejecutiva, Termatalia &#8211; Exposici\u00f3n Internacional de Turismo Termal, Salud y Bienestar, Espa\u00f1a<\/p>\n<p>&nbsp;<\/p>\n<p><strong>16: 40h<\/strong>\u00a0\u00a0 \u00a0 \u00a0 \u00a0 \u00a0 \u00a0 \u00a0 \u00a0 Presentaci\u00f3n a cargo de Saeed Al Dhaheri, Gerente de Turismo de Intereses Especiales, Departamento de Cultura y Turismo, Abu Dhabi, EAU\u00a0<strong>&#8211; Socio de HTI Health City<\/strong><\/p>\n<p><strong>\u00a0 \u00a0 \u00a0 \u00a0 \u00a0 \u00a0<\/strong>\u00a0 \u00a0 \u00a0 \u00a0 \u00a0 \u00a0 \u00a0 \u00a0 Presentaci\u00f3n de Global Cross-border Medical Alliance, China &#8211;\u00a0<strong>HTI Country Partner &#8211; China<\/strong><\/p>\n<p>&nbsp;<\/p>\n<p><strong>17: 00h Recepci\u00f3n de redes organizada por la eurodiputada Ru\u017ea Toma\u0161i\u0107<\/strong><\/p>\n<\/div>\n<\/div>\n<\/div>\n<\/div>\n<div class=\"timeline-wrapper \"><\/div>\n<div class=\"timeline-feature-item feat-item \">\n<div class=\"feat-dot \">\n<div class=\"timeline-dot\"><\/div>\n<\/div>\n<div class=\"ult-timeline-arrow \"><\/div>\n<div class=\"timeline-icon-block\">\n<div class=\"ult-timeline-icon tl-icon-no-bg\"><\/div>\n<\/div>\n<div class=\"timeline-header-block\">\n<div id=\"timeline-featured-6018\" class=\"timeline-header\">\n<h3 class=\"ult-timeline-title ult-responsive\"><\/h3>\n<div class=\"ult-responsive custom-lht\">\n<h3>Hotel Metropole, Place de Brouck\u00e8re 31<\/h3>\n<p><strong>20: 00h Cena VIP organizada por la Junta Nacional de Turismo de Croacia<\/strong>\u00a0(solo por Inviation)<\/p>\n<\/div>\n<\/div>\n<\/div>\n<\/div>\n<div class=\"timeline-wrapper \"><\/div>\n<div id=\"timeline-seperator-9251\" class=\"timeline-separator-text \"><span class=\"sep-text ult-responsive\">DIA 2 &#8211; SESIONES B2B<\/span><\/div>\n<div class=\"timeline-wrapper \"><\/div>\n<div class=\"timeline-feature-item feat-item \">\n<div class=\"feat-dot \">\n<div class=\"timeline-dot\"><\/div>\n<\/div>\n<div class=\"ult-timeline-arrow \"><\/div>\n<div class=\"timeline-icon-block\">\n<div class=\"ult-timeline-icon tl-icon-no-bg\"><\/div>\n<\/div>\n<div class=\"timeline-header-block\">\n<div id=\"timeline-featured-2782\" class=\"timeline-header\">\n<h3 class=\"ult-timeline-title ult-responsive\"><\/h3>\n<div class=\"ult-responsive custom-lht\">\n<h3><strong><u>Martes 27 de noviembre de 2018<\/u><\/strong><\/h3>\n<h3><strong>Centro de convenciones Square Brussels<\/strong>\u00a0, Mont des Arts \/ Kunstberg<\/h3>\n<p>&nbsp;<\/p>\n<p><strong>09: 00h Power Breakfast con compradores.<\/strong><\/p>\n<p>Presentaci\u00f3n de la Cl\u00ednica Bagatin &#8211;\u00a0<strong>HTI Power Breakfast Partner<\/strong><\/p>\n<p>&nbsp;<\/p>\n<p><strong>10: 00h\u00a0<\/strong>\u00a0\u00a0\u00a0\u00a0\u00a0\u00a0\u00a0\u00a0\u00a0\u00a0\u00a0\u00a0\u00a0\u00a0\u00a0<strong>Encuentros B2B<\/strong><\/p>\n<p>Conozca a los posibles compradores de negocios: reuniones concertadas con m\u00e1s de 30 compradores<\/p>\n<p><a id=\"dt-btn-1\" class=\"btn-shortcode dt-btn-m dt-btn default-btn-color default-btn-hover-color default-btn-bg-color default-btn-bg-hover-color fadeIn animate-element animation-builder animation-triggered start-animation\" href=\"https:\/\/www.hticonference.com\/b2b-meetings\/\"><i class=\"fa fa-chevron-circle-right\"><\/i>LIBRO<\/a><\/p>\n<p><strong>14: 00h\u00a0<sup>4\u00ba<\/sup>\u00a0EBI &#8211; Iniciativa de Compradores Europeos<\/strong><\/p>\n<p>Reunir a los principales compradores de la industria a nivel mundial, operadores tur\u00edsticos especializados, agencias de viajes, facilitadores, compa\u00f1\u00edas de seguros de salud e intermediarios.\u00a0Hospedaje de invitados de China &#8211;\u00a0<strong>HTI Country Partner.<\/strong><\/p>\n<p>Nota de bienvenida del alcalde de Krapinske Toplice, Croacia y CSEBA &#8211; Asociaci\u00f3n de empresas de China y del sudeste de Europa &#8211;\u00a0<strong>Socio de EBI<\/strong><\/p>\n<p>&nbsp;<\/p>\n<p><strong>15: 00h Clausura.<\/strong><\/p>\n<\/div>\n<\/div>\n<\/div>\n<\/div>\n","protected":false},"excerpt":{"rendered":"<p>Acerca de la 9\u00aa Conferencia HTI: La 9\u00aa\u00a0\u00a0Conferencia HTI\u00a0\u00a0se celebrar\u00e1 del\u00a026 al\u00a027 de noviembre de 2018\u00a0, en\u00a0Bruselas\u00a0,\u00a0B\u00e9lgica\u00a0. La Conferencia HTI, el evento europeo m\u00e1s grande\u00a0y un punto de reuni\u00f3n n. \u00b0 1 para los mejores profesionales est\u00e1 lanzando un\u00a0concepto de condensado de\u00a024 horas\u00a0en Bruselas durante el D\u00eda Europeo del Turismo. Sesiones B2G\u00a0con l\u00edderes de la [&hellip;]<\/p>\n","protected":false},"author":1,"featured_media":2282,"comment_status":"open","ping_status":"open","sticky":false,"template":"","format":"standard","meta":{"footnotes":""},"categories":[12],"tags":[],"class_list":["post-2280","post","type-post","status-publish","format-standard","has-post-thumbnail","hentry","category-internacionales"],"_links":{"self":[{"href":"https:\/\/argentinatermal.com.ar\/index.php?rest_route=\/wp\/v2\/posts\/2280","targetHints":{"allow":["GET"]}}],"collection":[{"href":"https:\/\/argentinatermal.com.ar\/index.php?rest_route=\/wp\/v2\/posts"}],"about":[{"href":"https:\/\/argentinatermal.com.ar\/index.php?rest_route=\/wp\/v2\/types\/post"}],"author":[{"embeddable":true,"href":"https:\/\/argentinatermal.com.ar\/index.php?rest_route=\/wp\/v2\/users\/1"}],"replies":[{"embeddable":true,"href":"https:\/\/argentinatermal.com.ar\/index.php?rest_route=%2Fwp%2Fv2%2Fcomments&post=2280"}],"version-history":[{"count":3,"href":"https:\/\/argentinatermal.com.ar\/index.php?rest_route=\/wp\/v2\/posts\/2280\/revisions"}],"predecessor-version":[{"id":2285,"href":"https:\/\/argentinatermal.com.ar\/index.php?rest_route=\/wp\/v2\/posts\/2280\/revisions\/2285"}],"wp:featuredmedia":[{"embeddable":true,"href":"https:\/\/argentinatermal.com.ar\/index.php?rest_route=\/wp\/v2\/media\/2282"}],"wp:attachment":[{"href":"https:\/\/argentinatermal.com.ar\/index.php?rest_route=%2Fwp%2Fv2%2Fmedia&parent=2280"}],"wp:term":[{"taxonomy":"category","embeddable":true,"href":"https:\/\/argentinatermal.com.ar\/index.php?rest_route=%2Fwp%2Fv2%2Fcategories&post=2280"},{"taxonomy":"post_tag","embeddable":true,"href":"https:\/\/argentinatermal.com.ar\/index.php?rest_route=%2Fwp%2Fv2%2Ftags&post=2280"}],"curies":[{"name":"wp","href":"https:\/\/api.w.org\/{rel}","templated":true}]}}