{"id":2329,"date":"2018-12-13T10:46:50","date_gmt":"2018-12-13T13:46:50","guid":{"rendered":"http:\/\/argentinatermal.com.ar\/?p=2329"},"modified":"2018-12-13T10:46:50","modified_gmt":"2018-12-13T13:46:50","slug":"fue-inaugurado-el-vuelo-panama-salta","status":"publish","type":"post","link":"https:\/\/argentinatermal.com.ar\/?p=2329","title":{"rendered":"Fue inaugurado el vuelo Panam\u00e1 &#8211; Salta"},"content":{"rendered":"<p><strong><em>La empresa COPA Airlines inaugur\u00f3 el nuevo servicio, que contar\u00e1 con dos frecuencias semanales. Urtubey particip\u00f3 en la recepci\u00f3n a los primeros pasajeros y expres\u00f3 que \u201cnuestro gran desaf\u00edo fue y ser\u00e1 garantizar m\u00e1s conectividad\u201d.<\/em><\/strong><\/p>\n<p>El primer vuelo de la ruta a\u00e9rea Panam\u00e1 \u2013 Salta arrib\u00f3 al aeropuerto Mart\u00edn Miguel de G\u00fcemes anoche a las 23:33, con lo que la empresa COPA Airlines dej\u00f3 inaugurado el servicio, que constar\u00e1 de dos frecuencias semanales. El gobernador Juan Manuel Urtubey recibi\u00f3 a los primeros pasajeros.<\/p>\n<p>Durante la recepci\u00f3n brindada para operadores tur\u00edsticos y medios de prensa, el Gobernador manifest\u00f3 que esta nueva escala significa un paso transcendente para la provincia \u00abporque nuestro gran desaf\u00edo fue y ser\u00e1 garantizar m\u00e1s conectividad. La Rep\u00fablica Argentina necesita muchos puertos de ingreso, no s\u00f3lo Buenos Aires, por eso tener esta nueva frecuencia en Salta es una alegr\u00eda enorme\u00bb<\/p>\n<p>Urtubey se\u00f1al\u00f3 que Salta ha crecido de una manera exponencial en destinos, pero que a\u00fan falta mucho m\u00e1s por hacer y que el gran desaf\u00edo es que \u00absigamos siendo uno de los destinos m\u00e1s elegidos, el mejor promocionado\u00bb, en referencia al premio Bit\u00e1cora que la provincia recibi\u00f3 por d\u00e9cimo a\u00f1o como destino tur\u00edstico mejor promocionado.<\/p>\n<p>El mandatario destac\u00f3 el crecimiento de arribos en la Provincia \u00abnos propusimos llegar a los 2 millones en 2020 y estamos muy cerca de lograr esa cantidad de arribos anuales antes de esa fecha\u00bb.<\/p>\n<p>La frecuencia Salta Panam\u00e1 contar\u00e1 con aviones Boeing 737-800 con capacidad para 16 pasajeros en clase ejecutiva y 144 en la cabina principal.<\/p>\n<p>Cabe destacar que el piloto salte\u00f1o Patricio Mac Intyre estuvo a cargo de la nave en el vuelo inaugural Panam\u00e1 \u2013 Salta.<\/p>\n<p>El ministro de Cultura, Turismo y Deportes de la provincia, Juan Manuel Lavallen acompa\u00f1\u00f3 a los pasajeros y a la delegaci\u00f3n del primer vuelo.<\/p>\n<p>\u201cPara nosotros como salte\u00f1os es trascendente lo que est\u00e1 sucediendo hoy, por la importancia de que Copa Airlines haya confiado en Salta como destino y la perspectiva de crecimiento que significa\u201d, sostuvo Lavallen.<\/p>\n<p>Agreg\u00f3 que es \u201cun vuelo que nos conecta con Centroam\u00e9rica y una puerta m\u00e1s que nos abre al mundo y eso es fundamental para que Salta siga creciendo. Estar conectado con 78 destinos a partir de hoy nos permite tener un potencial y un arduo trabajo por delante\u201d.<\/p>\n<p>Participaron en la recepci\u00f3n del vuelo inaugural el subsecretario de Desarrollo Tur\u00edstico de la Naci\u00f3n, Mariano Ovejero, el vicepresidente Global de Copa, Cristopher Didier y el gerente Regional, Gustavo Esusy, el presidente de la C\u00e1mara Hotelera y Gastron\u00f3mica de Salta, Eduardo Kira, el secretario de Turismo de Salta, Estanislao Villanueva, autoridades de Copa Airlines y representantes del sector tur\u00edstico y empresarial de Salta.<\/p>\n<p>El Norte Argentino, a trav\u00e9s de Salta, quedar\u00e1 conectado con 78 destinos en 32 pa\u00edses de Norte, Centro, Sudam\u00e9rica y el Caribe, a trav\u00e9s del Hub de las Am\u00e9ricas en Panam\u00e1.<\/p>\n<p>Vale destacar que Copa Airlines inicia operaciones desde Salta con dos frecuencias semanales los mi\u00e9rcoles y s\u00e1bados, partiendo de la Ciudad de Panam\u00e1 a las 15:42, con horario estimado de arribo a Salta a las 23:45.<\/p>\n<p>El vuelo de regreso saldr\u00e1 los jueves y domingos desde Salta a las 02:34 am, llegando a Ciudad de Panam\u00e1 a las 06:16 am (hora local).<\/p>\n","protected":false},"excerpt":{"rendered":"<p>La empresa COPA Airlines inaugur\u00f3 el nuevo servicio, que contar\u00e1 con dos frecuencias semanales. Urtubey particip\u00f3 en la recepci\u00f3n a los primeros pasajeros y expres\u00f3 que \u201cnuestro gran desaf\u00edo fue y ser\u00e1 garantizar m\u00e1s conectividad\u201d. El primer vuelo de la ruta a\u00e9rea Panam\u00e1 \u2013 Salta arrib\u00f3 al aeropuerto Mart\u00edn Miguel de G\u00fcemes anoche a las [&hellip;]<\/p>\n","protected":false},"author":1,"featured_media":2330,"comment_status":"open","ping_status":"open","sticky":false,"template":"","format":"standard","meta":{"footnotes":""},"categories":[12],"tags":[],"class_list":["post-2329","post","type-post","status-publish","format-standard","has-post-thumbnail","hentry","category-internacionales"],"_links":{"self":[{"href":"https:\/\/argentinatermal.com.ar\/index.php?rest_route=\/wp\/v2\/posts\/2329","targetHints":{"allow":["GET"]}}],"collection":[{"href":"https:\/\/argentinatermal.com.ar\/index.php?rest_route=\/wp\/v2\/posts"}],"about":[{"href":"https:\/\/argentinatermal.com.ar\/index.php?rest_route=\/wp\/v2\/types\/post"}],"author":[{"embeddable":true,"href":"https:\/\/argentinatermal.com.ar\/index.php?rest_route=\/wp\/v2\/users\/1"}],"replies":[{"embeddable":true,"href":"https:\/\/argentinatermal.com.ar\/index.php?rest_route=%2Fwp%2Fv2%2Fcomments&post=2329"}],"version-history":[{"count":1,"href":"https:\/\/argentinatermal.com.ar\/index.php?rest_route=\/wp\/v2\/posts\/2329\/revisions"}],"predecessor-version":[{"id":2331,"href":"https:\/\/argentinatermal.com.ar\/index.php?rest_route=\/wp\/v2\/posts\/2329\/revisions\/2331"}],"wp:featuredmedia":[{"embeddable":true,"href":"https:\/\/argentinatermal.com.ar\/index.php?rest_route=\/wp\/v2\/media\/2330"}],"wp:attachment":[{"href":"https:\/\/argentinatermal.com.ar\/index.php?rest_route=%2Fwp%2Fv2%2Fmedia&parent=2329"}],"wp:term":[{"taxonomy":"category","embeddable":true,"href":"https:\/\/argentinatermal.com.ar\/index.php?rest_route=%2Fwp%2Fv2%2Fcategories&post=2329"},{"taxonomy":"post_tag","embeddable":true,"href":"https:\/\/argentinatermal.com.ar\/index.php?rest_route=%2Fwp%2Fv2%2Ftags&post=2329"}],"curies":[{"name":"wp","href":"https:\/\/api.w.org\/{rel}","templated":true}]}}