{"id":2353,"date":"2018-12-21T11:48:56","date_gmt":"2018-12-21T14:48:56","guid":{"rendered":"http:\/\/argentinatermal.com.ar\/?p=2353"},"modified":"2018-12-21T11:48:58","modified_gmt":"2018-12-21T14:48:58","slug":"expourense-firma-convenio-de-colaboracion-con-el-municipio-luso-de-vizela","status":"publish","type":"post","link":"https:\/\/argentinatermal.com.ar\/?p=2353","title":{"rendered":"Expourense firma convenio de colaboraci\u00f3n con el municipio luso de Vizela"},"content":{"rendered":"\n<p class=\"has-drop-cap\">Vizela, 20\/12\/2018.- Continuando con su labor de cooperaci\u00f3n transfronteriza, la fundaci\u00f3n de ferias ourensana integra a una nueva entidad portuguesa en su red, tras la firma esta ma\u00f1ana de un convenio entre Victor Hugo Salgado, presidente de la c\u00e1mara municipal de Vizela, y el director gerente de Expourense, Alejandro Rub\u00edn. El acto se desarroll\u00f3 en este municipio, ubicado en el coraz\u00f3n de la regi\u00f3n mi\u00f1ota, a 8 kil\u00f3metros de Guimaraes, y estuvo arropado por n\u00fameros miembros de la corporaci\u00f3n, adem\u00e1s del apoyo de la Regi\u00f3n de Turismo Porto y Norte de Portugal.<\/p>\n\n\n\n<ul class=\"wp-block-gallery alignleft columns-1 is-cropped wp-block-gallery-1 is-layout-flex wp-block-gallery-is-layout-flex\"><li class=\"blocks-gallery-item\"><figure><img decoding=\"async\" width=\"800\" height=\"599\" src=\"http:\/\/argentinatermal.com.ar\/wp-content\/uploads\/2018\/12\/f0j9SUn.jpg\" alt=\"\" data-id=\"2356\" data-link=\"http:\/\/argentinatermal.com.ar\/?attachment_id=2356\" class=\"wp-image-2356\" srcset=\"https:\/\/argentinatermal.com.ar\/wp-content\/uploads\/2018\/12\/f0j9SUn.jpg 800w, https:\/\/argentinatermal.com.ar\/wp-content\/uploads\/2018\/12\/f0j9SUn-300x225.jpg 300w, https:\/\/argentinatermal.com.ar\/wp-content\/uploads\/2018\/12\/f0j9SUn-768x575.jpg 768w, https:\/\/argentinatermal.com.ar\/wp-content\/uploads\/2018\/12\/f0j9SUn-80x60.jpg 80w, https:\/\/argentinatermal.com.ar\/wp-content\/uploads\/2018\/12\/f0j9SUn-265x198.jpg 265w, https:\/\/argentinatermal.com.ar\/wp-content\/uploads\/2018\/12\/f0j9SUn-696x521.jpg 696w, https:\/\/argentinatermal.com.ar\/wp-content\/uploads\/2018\/12\/f0j9SUn-561x420.jpg 561w\" sizes=\"(max-width: 800px) 100vw, 800px\" \/><\/figure><\/li><\/ul>\n\n\n\n<p>Entre los recursos tur\u00edsticos de Vizela destacan, junto al patrimonio, su cocina y reposter\u00eda tradicional o sus vinos verdes, que se promocionar\u00e1n en la pr\u00f3xima edici\u00f3n de Xantar, que cumple 20 a\u00f1os del 6 al 10 de febrero en Expourense. El termalismo es otro de sus valores diferenciales, ya que existen instalaciones termales propiamente dichas desde el a\u00f1o 1785, que en la actualidad est\u00e1n siendo renovadas y ser\u00e1n inauguradas a comienzos del 2019. Sus aguas minero-medicinales que&nbsp; brotan a diferentes temperaturas est\u00e1n indicadas en reumatismos cr\u00f3nicos, afecciones neurol\u00f3gicas y traum\u00e1ticas, v\u00edas respiratorias o dolencias de la piel. La nueva infraestructura termal se dar\u00e1 a conocer tambi\u00e9n en la feria internacional de Termatalia el pr\u00f3ximo mes de septiembre.El convenio de cooperaci\u00f3n firmado hoy contempla otras acciones de intercambio para favorecer el desarrollo de estos sectores, como es la presentaci\u00f3n de productos enogastron\u00f3micos de Vizela a empresarios gallegos del sector, o iniciativas de difusi\u00f3n que contribuyan a dinamizar los intercambios comerciales y el turismo de proximidad dentro de la eurorregi\u00f3n Galicia- Norte de Portugal.<\/p>\n\n\n\n<figure class=\"wp-block-embed\"><div class=\"wp-block-embed__wrapper\">\n<blockquote class=\"wp-embedded-content\" data-secret=\"fTLFmW1MU4\"><a href=\"https:\/\/www.termatalia.com\/\">Inicio<\/a><\/blockquote><iframe class=\"wp-embedded-content\" sandbox=\"allow-scripts\" security=\"restricted\" style=\"position: absolute; clip: rect(1px, 1px, 1px, 1px);\" title=\"\u00abInicio\u00bb \u2014 Termatalia\" src=\"https:\/\/www.termatalia.com\/embed\/#?secret=EPvDkC5bmz#?secret=fTLFmW1MU4\" data-secret=\"fTLFmW1MU4\" width=\"600\" height=\"338\" frameborder=\"0\" marginwidth=\"0\" marginheight=\"0\" scrolling=\"no\"><\/iframe>\n<\/div><\/figure>\n","protected":false},"excerpt":{"rendered":"<p>Vizela, 20\/12\/2018.- Continuando con su labor de cooperaci\u00f3n transfronteriza, la fundaci\u00f3n de ferias ourensana integra a una nueva entidad portuguesa en su red, tras la firma esta ma\u00f1ana de un convenio entre Victor Hugo Salgado, presidente de la c\u00e1mara municipal de Vizela, y el director gerente de Expourense, Alejandro Rub\u00edn. El acto se desarroll\u00f3 en [&hellip;]<\/p>\n","protected":false},"author":1,"featured_media":2355,"comment_status":"open","ping_status":"open","sticky":false,"template":"","format":"standard","meta":{"footnotes":""},"categories":[30],"tags":[],"class_list":["post-2353","post","type-post","status-publish","format-standard","has-post-thumbnail","hentry","category-temas-relacionados"],"_links":{"self":[{"href":"https:\/\/argentinatermal.com.ar\/index.php?rest_route=\/wp\/v2\/posts\/2353","targetHints":{"allow":["GET"]}}],"collection":[{"href":"https:\/\/argentinatermal.com.ar\/index.php?rest_route=\/wp\/v2\/posts"}],"about":[{"href":"https:\/\/argentinatermal.com.ar\/index.php?rest_route=\/wp\/v2\/types\/post"}],"author":[{"embeddable":true,"href":"https:\/\/argentinatermal.com.ar\/index.php?rest_route=\/wp\/v2\/users\/1"}],"replies":[{"embeddable":true,"href":"https:\/\/argentinatermal.com.ar\/index.php?rest_route=%2Fwp%2Fv2%2Fcomments&post=2353"}],"version-history":[{"count":4,"href":"https:\/\/argentinatermal.com.ar\/index.php?rest_route=\/wp\/v2\/posts\/2353\/revisions"}],"predecessor-version":[{"id":2359,"href":"https:\/\/argentinatermal.com.ar\/index.php?rest_route=\/wp\/v2\/posts\/2353\/revisions\/2359"}],"wp:featuredmedia":[{"embeddable":true,"href":"https:\/\/argentinatermal.com.ar\/index.php?rest_route=\/wp\/v2\/media\/2355"}],"wp:attachment":[{"href":"https:\/\/argentinatermal.com.ar\/index.php?rest_route=%2Fwp%2Fv2%2Fmedia&parent=2353"}],"wp:term":[{"taxonomy":"category","embeddable":true,"href":"https:\/\/argentinatermal.com.ar\/index.php?rest_route=%2Fwp%2Fv2%2Fcategories&post=2353"},{"taxonomy":"post_tag","embeddable":true,"href":"https:\/\/argentinatermal.com.ar\/index.php?rest_route=%2Fwp%2Fv2%2Ftags&post=2353"}],"curies":[{"name":"wp","href":"https:\/\/api.w.org\/{rel}","templated":true}]}}