{"id":2451,"date":"2019-01-16T23:35:06","date_gmt":"2019-01-17T02:35:06","guid":{"rendered":"http:\/\/argentinatermal.com.ar\/?p=2451"},"modified":"2019-01-16T23:35:08","modified_gmt":"2019-01-17T02:35:08","slug":"las-alternativas-que-ofrece-entre-rios-para-recibir-a-los-turistas","status":"publish","type":"post","link":"https:\/\/argentinatermal.com.ar\/?p=2451","title":{"rendered":"Las alternativas que ofrece Entre R\u00edos para recibir a los turistas"},"content":{"rendered":"\n<p class=\"has-drop-cap\"> La secretaria de Turismo y Cultura de la provincia, Carolina Gaillard, resalt\u00f3 que la provincia \u00abtiene otros productos para disfrutar adem\u00e1s de sus playas\u00bb. Parte de ello son los 15 complejos termales a lo largo y ancho de la provincia con parques acu\u00e1ticos ideales para el verano y complejos de spa.<\/p>\n\n\n\n<p>Los carnavales y las fiestas populares son otras de las posibilidades que permiten vivir experiencias diferentes conectando a los visitantes con las mejores tradiciones y parte de la cultura identitaria de cada lugar. Adem\u00e1s, es posible disfrutar de la naturaleza en su m\u00e1xima expresi\u00f3n visitando los dos parques nacionales, El Palmar en el departamento Col\u00f3n, y Pre Delta, en el departamento Diamante. <\/p>\n\n\n\n<figure class=\"wp-block-image\"><img decoding=\"async\" width=\"800\" height=\"450\" src=\"http:\/\/argentinatermal.com.ar\/wp-content\/uploads\/2019\/01\/o_1547676729.jpg\" alt=\"\" class=\"wp-image-2453\" srcset=\"https:\/\/argentinatermal.com.ar\/wp-content\/uploads\/2019\/01\/o_1547676729.jpg 800w, https:\/\/argentinatermal.com.ar\/wp-content\/uploads\/2019\/01\/o_1547676729-300x169.jpg 300w, https:\/\/argentinatermal.com.ar\/wp-content\/uploads\/2019\/01\/o_1547676729-768x432.jpg 768w, https:\/\/argentinatermal.com.ar\/wp-content\/uploads\/2019\/01\/o_1547676729-696x392.jpg 696w, https:\/\/argentinatermal.com.ar\/wp-content\/uploads\/2019\/01\/o_1547676729-747x420.jpg 747w\" sizes=\"(max-width: 800px) 100vw, 800px\" \/><\/figure>\n\n\n\n<p>\n\nLa funcionaria provincial remarc\u00f3 que \u00abla provincia se encuentra en \u00f3ptimas condiciones para ser visitada con todos sus servicios tur\u00edsticos activos, parques nacionales, termas, parques acu\u00e1ticos, sitios hist\u00f3ricos, almacenes rurales, y las playas de la costa del Paran\u00e1 funcionando con normalidad, solo hay algunas playas de la costa del Uruguay que producto de la creciente no est\u00e1n habilitadas\u00bb.<\/p>\n\n\n\n<p>Advirti\u00f3 sobre la necesidad de \u00abser muy responsables en lo que se comunica, porque hay muchas familias en Entre R\u00edos que viven del turismo y no es justo que se muestre a la provincia anegada cuando la mayor\u00eda de los servicios tur\u00edsticos est\u00e1n funcionando. Tenemos una nutrida agenda cultural con acceso libre y gratuita en todos los destinos de nuestra provincia y la gran mayor\u00eda de actividades que se est\u00e1n desarrollando con normalidad\u00bb. <\/p>\n\n\n\n<figure class=\"wp-block-image\"><img decoding=\"async\" width=\"800\" height=\"450\" src=\"http:\/\/argentinatermal.com.ar\/wp-content\/uploads\/2019\/01\/o_1547676732.jpg\" alt=\"\" class=\"wp-image-2454\" srcset=\"https:\/\/argentinatermal.com.ar\/wp-content\/uploads\/2019\/01\/o_1547676732.jpg 800w, https:\/\/argentinatermal.com.ar\/wp-content\/uploads\/2019\/01\/o_1547676732-300x169.jpg 300w, https:\/\/argentinatermal.com.ar\/wp-content\/uploads\/2019\/01\/o_1547676732-768x432.jpg 768w, https:\/\/argentinatermal.com.ar\/wp-content\/uploads\/2019\/01\/o_1547676732-696x392.jpg 696w, https:\/\/argentinatermal.com.ar\/wp-content\/uploads\/2019\/01\/o_1547676732-747x420.jpg 747w\" sizes=\"(max-width: 800px) 100vw, 800px\" \/><\/figure>\n\n\n\n<h5 class=\"wp-block-heading\">La agenda cultural como complemento<\/h5>\n\n\n\n<p>Asimismo Gaillard agreg\u00f3: \u00abLa provincia tiene prevista para el verano una intensa y nutrida agenda cultural que se est\u00e1 desplegando en distintas localidades con entrada libre y gratuita para que los entrerrianos y turistas que nos visitan puedan disfrutar de actividades culturales de alto nivel art\u00edstico sin ning\u00fan costo. Esto se suma a la ya tradicional agenda de fiestas populares y carnavales, que se desarrollan cada fin de semana en diferentes localidades, destac\u00e1ndose una gran afluencia de p\u00fablico estos primeros fin de semanas del a\u00f1o\u00bb.<\/p>\n\n\n\n<p>Gaillard tambi\u00e9n mencion\u00f3 el programa Cultura Encendida, que consta de diferentes actividades de acceso libre y gratuito. Hizo foco en la temporada teatral en Col\u00f3n, con obras de elencos nacionales los s\u00e1bados y domingo; la presencia del cami\u00f3n escenario viajero que recorre la provincia con actividades culturales y gastronom\u00eda regional y una gira teatral que comenzar\u00e1 este fin de semana, recorriendo diferentes ciudades con tres obras que protagonizan: Leonor Benedetto, Carolina Papaleo y Daniela Osella.<\/p>\n\n\n\n<p>Se suman adem\u00e1s este fin de semana a la oferta cultural el Parador Usina en la capital provincial, el cinem\u00f3vil y actividades recreativas que se desarrollan en campings y balnearios al aire libre. <\/p>\n\n\n\n<figure class=\"wp-block-image\"><img decoding=\"async\" width=\"800\" height=\"450\" src=\"http:\/\/argentinatermal.com.ar\/wp-content\/uploads\/2019\/01\/o_1547676726.jpg\" alt=\"\" class=\"wp-image-2455\" srcset=\"https:\/\/argentinatermal.com.ar\/wp-content\/uploads\/2019\/01\/o_1547676726.jpg 800w, https:\/\/argentinatermal.com.ar\/wp-content\/uploads\/2019\/01\/o_1547676726-300x169.jpg 300w, https:\/\/argentinatermal.com.ar\/wp-content\/uploads\/2019\/01\/o_1547676726-768x432.jpg 768w, https:\/\/argentinatermal.com.ar\/wp-content\/uploads\/2019\/01\/o_1547676726-696x392.jpg 696w, https:\/\/argentinatermal.com.ar\/wp-content\/uploads\/2019\/01\/o_1547676726-747x420.jpg 747w\" sizes=\"(max-width: 800px) 100vw, 800px\" \/><\/figure>\n\n\n\n<p>Fuente: www.elonce.com <\/p>\n","protected":false},"excerpt":{"rendered":"<p>La secretaria de Turismo y Cultura de la provincia, Carolina Gaillard, resalt\u00f3 que la provincia \u00abtiene otros productos para disfrutar adem\u00e1s de sus playas\u00bb. Parte de ello son los 15 complejos termales a lo largo y ancho de la provincia con parques acu\u00e1ticos ideales para el verano y complejos de spa. Los carnavales y las [&hellip;]<\/p>\n","protected":false},"author":1,"featured_media":2456,"comment_status":"open","ping_status":"open","sticky":false,"template":"","format":"standard","meta":{"footnotes":""},"categories":[7,22,17],"tags":[],"class_list":["post-2451","post","type-post","status-publish","format-standard","has-post-thumbnail","hentry","category-argentina","category-turismo-sostenible","category-turismo-termal"],"_links":{"self":[{"href":"https:\/\/argentinatermal.com.ar\/index.php?rest_route=\/wp\/v2\/posts\/2451","targetHints":{"allow":["GET"]}}],"collection":[{"href":"https:\/\/argentinatermal.com.ar\/index.php?rest_route=\/wp\/v2\/posts"}],"about":[{"href":"https:\/\/argentinatermal.com.ar\/index.php?rest_route=\/wp\/v2\/types\/post"}],"author":[{"embeddable":true,"href":"https:\/\/argentinatermal.com.ar\/index.php?rest_route=\/wp\/v2\/users\/1"}],"replies":[{"embeddable":true,"href":"https:\/\/argentinatermal.com.ar\/index.php?rest_route=%2Fwp%2Fv2%2Fcomments&post=2451"}],"version-history":[{"count":1,"href":"https:\/\/argentinatermal.com.ar\/index.php?rest_route=\/wp\/v2\/posts\/2451\/revisions"}],"predecessor-version":[{"id":2457,"href":"https:\/\/argentinatermal.com.ar\/index.php?rest_route=\/wp\/v2\/posts\/2451\/revisions\/2457"}],"wp:featuredmedia":[{"embeddable":true,"href":"https:\/\/argentinatermal.com.ar\/index.php?rest_route=\/wp\/v2\/media\/2456"}],"wp:attachment":[{"href":"https:\/\/argentinatermal.com.ar\/index.php?rest_route=%2Fwp%2Fv2%2Fmedia&parent=2451"}],"wp:term":[{"taxonomy":"category","embeddable":true,"href":"https:\/\/argentinatermal.com.ar\/index.php?rest_route=%2Fwp%2Fv2%2Fcategories&post=2451"},{"taxonomy":"post_tag","embeddable":true,"href":"https:\/\/argentinatermal.com.ar\/index.php?rest_route=%2Fwp%2Fv2%2Ftags&post=2451"}],"curies":[{"name":"wp","href":"https:\/\/api.w.org\/{rel}","templated":true}]}}