{"id":2465,"date":"2019-01-23T23:52:03","date_gmt":"2019-01-24T02:52:03","guid":{"rendered":"http:\/\/argentinatermal.com.ar\/?p=2465"},"modified":"2019-01-24T02:14:34","modified_gmt":"2019-01-24T05:14:34","slug":"borrador-automatico","status":"publish","type":"post","link":"https:\/\/argentinatermal.com.ar\/?p=2465","title":{"rendered":"En la segunda jornada de la 39 Edici\u00f3n de FITUR 2019, Feria de Turismo Internacional que realizar\u00e1  hasta el domingo  27 de enero en Madrid, Espa\u00f1a."},"content":{"rendered":"<p>En la segunda jornada de la 39 Edici\u00f3n de FITUR 2019, Feria de Turismo Internacional que realizar\u00e1 hasta el domingo 27 de enero en Madrid, Espa\u00f1a.<\/p>\n<p>Se encuentra en FITUR 2019 Florencia Landivar, quien representa a la C\u00e1mara Empresaria Hotelera Gastron\u00f3mica de la ciudad de Termas de R\u00edo Hondo y acompa\u00f1a a la comitiva oficial santiague\u00f1a integrada por el Subsecretario de Turismo de la provincia de Santiago del Estero, Ricardo Sosa y el Intendente de Termas de R\u00edo Hondo, Dr. Jorge Alejandro Mukdise.<br \/>\nTambi\u00e9n est\u00e1 presente parte del comit\u00e9 ejecutivo de la Federaci\u00f3n Empresaria Hotelera Gastron\u00f3mica de la Rep\u00fablica Argentina, encabezada por su presidenta Dra. Graciela Fresno.<\/p>\n<p>Lanvidar asistir\u00e1 a \u201cTermatalia, XIX Sal\u00f3n Internacional de Turismo Termal, Salud y Bienestar\u201d. Este acto ser\u00e1 ma\u00f1ana jueves 24 de enero a las 16.00 horas en el stand de Galicia.<\/p>\n<p>FITUR 2019<\/p>\n<p>FITUR es el punto de encuentro global para los profesionales del turismo y la feria l\u00edder para los mercados receptivos y emisores de Iberoam\u00e9rica.<br \/>\nLa idea ser\u00e1 poder dar a conocer la ciudad de Las Termas de R\u00edo Hondo desde FITUR 2019 para el resto del mundo.<br \/>\nEl punto de partida ser\u00e1 desde el rubro hotelero y gastron\u00f3mico como as\u00ed tambi\u00e9n los diferentes atractivos tur\u00edsticos y tradiciones que hacen de Las Termas un lugar \u00fanico y especial.<br \/>\nQue la ciudad de Las Termas forme parte de FITUR 2019 permitir\u00e1 comparar directamente las caracter\u00edsticas de toda la oferta especializada en destinos similares, buscar y conocer novedades, tecnolog\u00edas, servicios, entre otras posibilidades.<br \/>\nEsta feria tambi\u00e9n constituye el lugar id\u00f3neo para comprobar las tendencias del sector.<br \/>\nProporciona la oportunidad de asistir a congresos, seminarios y actos paralelos, que son fuente indiscutible de informaci\u00f3n sobre las tendencias y evoluci\u00f3n del sector. As\u00ed de esta manera solo podr\u00e1 tener excelentes y resultados a futuro en beneficio del crecimiento de nuestra querida ciudad de Las Termas.<\/p>\n<p>SE AGRADECE SU DIFUSI\u00d3N<br \/>\nPARA MAYOR INFORMACI\u00d3N<br \/>\nTauro Producciones Comunicacionales:<br \/>\nLic. Guido Buabud (358 448233), Lic. Carolina Carrizo (351 2202294).<\/p>\n\n","protected":false},"excerpt":{"rendered":"<p>En la segunda jornada de la 39 Edici\u00f3n de FITUR 2019, Feria de Turismo Internacional que realizar\u00e1 hasta el domingo 27 de enero en Madrid, Espa\u00f1a. Se encuentra en FITUR 2019 Florencia Landivar, quien representa a la C\u00e1mara Empresaria Hotelera Gastron\u00f3mica de la ciudad de Termas de R\u00edo Hondo y acompa\u00f1a a la comitiva oficial [&hellip;]<\/p>\n","protected":false},"author":1,"featured_media":2484,"comment_status":"open","ping_status":"open","sticky":false,"template":"","format":"standard","meta":{"footnotes":""},"categories":[31,29,28],"tags":[],"class_list":["post-2465","post","type-post","status-publish","format-standard","has-post-thumbnail","hentry","category-colaboradores","category-datos-utiles","category-portales-de-servicios-e-informacion"],"_links":{"self":[{"href":"https:\/\/argentinatermal.com.ar\/index.php?rest_route=\/wp\/v2\/posts\/2465","targetHints":{"allow":["GET"]}}],"collection":[{"href":"https:\/\/argentinatermal.com.ar\/index.php?rest_route=\/wp\/v2\/posts"}],"about":[{"href":"https:\/\/argentinatermal.com.ar\/index.php?rest_route=\/wp\/v2\/types\/post"}],"author":[{"embeddable":true,"href":"https:\/\/argentinatermal.com.ar\/index.php?rest_route=\/wp\/v2\/users\/1"}],"replies":[{"embeddable":true,"href":"https:\/\/argentinatermal.com.ar\/index.php?rest_route=%2Fwp%2Fv2%2Fcomments&post=2465"}],"version-history":[{"count":3,"href":"https:\/\/argentinatermal.com.ar\/index.php?rest_route=\/wp\/v2\/posts\/2465\/revisions"}],"predecessor-version":[{"id":2488,"href":"https:\/\/argentinatermal.com.ar\/index.php?rest_route=\/wp\/v2\/posts\/2465\/revisions\/2488"}],"wp:featuredmedia":[{"embeddable":true,"href":"https:\/\/argentinatermal.com.ar\/index.php?rest_route=\/wp\/v2\/media\/2484"}],"wp:attachment":[{"href":"https:\/\/argentinatermal.com.ar\/index.php?rest_route=%2Fwp%2Fv2%2Fmedia&parent=2465"}],"wp:term":[{"taxonomy":"category","embeddable":true,"href":"https:\/\/argentinatermal.com.ar\/index.php?rest_route=%2Fwp%2Fv2%2Fcategories&post=2465"},{"taxonomy":"post_tag","embeddable":true,"href":"https:\/\/argentinatermal.com.ar\/index.php?rest_route=%2Fwp%2Fv2%2Ftags&post=2465"}],"curies":[{"name":"wp","href":"https:\/\/api.w.org\/{rel}","templated":true}]}}