{"id":2510,"date":"2019-01-25T10:15:02","date_gmt":"2019-01-25T13:15:02","guid":{"rendered":"http:\/\/argentinatermal.com.ar\/?p=2510"},"modified":"2019-01-25T10:21:07","modified_gmt":"2019-01-25T13:21:07","slug":"lanzamiento-oficial-de-termatalia-2019-en-europa","status":"publish","type":"post","link":"https:\/\/argentinatermal.com.ar\/?p=2510","title":{"rendered":"Lanzamiento oficial de Termatalia 2019 en Europa"},"content":{"rendered":"\n<h3 class=\"wp-block-heading\">&gt;&gt; Tras su \u00faltima edici\u00f3n en Foz do Igua\u00e7u Brasil), la Feria Internacional del Turismo Termal, Salud y Bienestar regresa a Europa y se celebrar\u00e1 en Ourense (Galicia-Espa\u00f1a) los d\u00edas 19 y 20 de septiembre<br>&gt;&gt; La celebraci\u00f3n en Galicia permite ofrecerle experiencias de alto valor a\u00f1adido a las delegaciones de profesionales de la treintena de pa\u00edses que acudir\u00e1n a la feria<br><\/h3>\n\n\n\n<figure class=\"wp-block-image\"><a href=\"https:\/\/www.termatalia.com\/xerp\/noticias\/imagenes\/L7VT0\/4FL8XH9.JPG\"><img decoding=\"async\" src=\"https:\/\/www.termatalia.com\/xerp\/noticias\/imagenes\/L7VT0\/4FL8XH9.JPG\" alt=\"Lanzamiento oficial de Termatalia 2019 en Europa\" \/><\/a><\/figure>\n\n\n\n<p class=\"has-drop-cap\">FITUR &#8211; MADRID, 24\/01\/2019.- Tras la celebraci\u00f3n de su cuarta edici\u00f3n en Am\u00e9rica Latina, Termatalia Feria Internacional de Turismo Termal, Salud y Bienestar, regresa en 2019 a Ourense (Galicia-Espa\u00f1a) convertida en el foro y punto de confluencia de los agentes que trabajan en el desarrollo del termalismo a nivel mundial. Los buenos resultados de las acciones de negocio de la edici\u00f3n de 2018 en Foz do Igua\u00e7u en Brasil, reuniendo a representantes de 34 pa\u00edses, han contribuido a reforzar el principal activo de la feria, que es el capital relacional que genera y en la que est\u00e1n integradas las principales asociaciones sectoriales de pa\u00edses de Europa y Am\u00e9rica Latina que colaboran y participan activamente en ella.<br>La presentaci\u00f3n de FITUR de esta tarde supone el arranque de la promoci\u00f3n internacional de Termatalia 2019 que llevar\u00e1 a la feria a estar presente en los principales foros mundiales del turismo de salud. Los organizadores de la feria estuvieron arropados por representantes de los organismos, p\u00fablicos y privados, que han contribuido a posicionarla como marca mundial del termalismo y por profesionales de una buena parte m\u00e1s de la treintena de pa\u00edses que cada edici\u00f3n se involucran activamente con la feria como es el caso del propio Brasil, que participar\u00e1 como invitado especial este a\u00f1o, o de otros como Argentina, M\u00e9xico, Portugal, Costa Rica, Panam\u00e1 o Costa Rica, entre otros.\u00a0<br>Esta presentaci\u00f3n cont\u00f3 con la participaci\u00f3n del Secretario General Adjunto de la Organizaci\u00f3n Mundial de Turismo (OMT), el colombianos Jaime Alberto Cabal, que destac\u00f3 el apoyo de la OMT al turismo de salud y, por lo tanto a las ferias que lo promueven y entre las que destaca a nivel mundial Termatalia, \u201cuna cita que ha servido para unir a Iberoam\u00e9rica con Europa\u201d. Participaron tambi\u00e9n en esta presentaci\u00f3n la ministra de Turismo de Ecuador, Rosi Prado; de la directora de Turismo de Galicia, Nava Castro; del vicepresidente del Cl\u00faster de Turismo de Espa\u00f1a, Miguel Mirones; del vicepresidente de la Diputaci\u00f3n de Ourense, Rosendo Fern\u00e1nez; del alcalde de Ourense, Jes\u00fas V\u00e1zquez; del reci\u00e9n elegido presidente de la Entidad de Turismo Porto e Norte que se estrenaba en el cargo; y de los secretarios de Turismo de Santiago del Estero en Argentina, Ricardo Sosa, y de Igua\u00e7u en Brasil, Gilmar Piolla. Tanto Ricardo Sosa como Gilmar Piolla incidieron en el hecho de que en la historia del desarrollo del\u00a0 turismo termal de sus respectivos lugares \u201chay un antes y un despu\u00e9s de la celebraci\u00f3n de Termatalia en ellos\u201d.<br>Durante este acto, el director de Termatalia, Alejandro Rub\u00edn, destac\u00f3 una vez m\u00e1s los grandes valores de la feria que la posicionan a nivel mundial: \u201cel capital relacional, el conocimiento y el negocio\u201d.<br>Cabe se\u00f1alar adem\u00e1s el hecho de que asistieron a esta presentaci\u00f3n representantes del turismo de los tres candidatos a ser sede de Termatalia en 2020: Ecuador, Colombia y la provincia argentina de Entre R\u00edos.<br>La 19\u00aa edici\u00f3n de esta cita se celebrar\u00e1 los d\u00edas 19 y 20 de septiembre y convocar\u00e1 a profesionales de m\u00e1s de 25 pa\u00edses. Consolidado su papel de puente termal entre Europa y Am\u00e9rica Latina, Termatalia da un paso m\u00e1s y ampl\u00eda su radio de acci\u00f3n incorporando los mercados de Oriente Pr\u00f3ximo y Asia Pac\u00edfico. Esto supone una red de 27 delegaciones en 55 pa\u00edses de 4 continentes, lo que contribuye a generar nuevas oportunidades entre los agentes integrados en la red estrat\u00e9gica de Termatalia, que es altamente especializada en este nicho de mercado. Se trata adem\u00e1s de una red proactiva a la que cada a\u00f1o se incorporan nuevos pa\u00edses como es el caso de El Salvador, la m\u00e1s reciente de las delegaciones.<br>Acciones profesionalesLa profesionalizaci\u00f3n del sector, tanto a nivel tur\u00edstico como industrial y empresarial seguir\u00e1 ocupando un lugar destacado en la feria a trav\u00e9s de la Bolsa de Contrataci\u00f3n Tur\u00edstica entre Touroperadores y Establecimientos tur\u00edsticos, Proveedores de Bienes de Equipo y potenciales importadores de diversos pa\u00edses, aguas de bebida envasadas y distribuidores as\u00ed como visitantes profesionales procedentes de entre 20 y 30 pa\u00edses.\u00a0<br>Las acciones profesionales previstas para la pr\u00f3xima edici\u00f3n reforzar\u00e1n adem\u00e1s otro gran valor de Termatalia, que es el intercambio de conocimiento y la capacitaci\u00f3n en el sector. La realizaci\u00f3n de cursos de capacitaci\u00f3n profesional pre y post feria con profesionales y en centros termales de Galicia volver\u00e1n a posicionar a esta comunidad como gran centro de capacitaci\u00f3n termal. En estas acciones formativas complementarias que podr\u00e1n participar las delegaciones de profesionales que visiten la feria.\u00a0<br>Adem\u00e1s, la presencia en Ourense de delegaciones profesionales de m\u00e1s de 25 pa\u00edses convertir\u00e1n a la ciudad en capital termal mundial los d\u00edas de la feria. Adem\u00e1s, la celebraci\u00f3n de la feria en la regi\u00f3n que lidera el turismo termal en Espa\u00f1a, tiene el valor a\u00f1adido de ofrecerles a los profesionales internacionales la posibilidad de realizar rutas por Galicia para conocer la oferta de bienestar del entorno, lo que contribuir\u00e1 a la promoci\u00f3n internacional de esta comunidad como l\u00edder en Turismo Termal en Espa\u00f1a.<br>Promoci\u00f3n internacionalPara sumar expositores y profesionales, Termatalia arranca en FITUR una intensa campa\u00f1a de promoci\u00f3n internacional que la llevar\u00e1 en los pr\u00f3ximos meses estar\u00e1 presente en los principales foros mundiales de turismo y termalismo como la International Mediterranean Tourism Market en Israel (con la colaboraci\u00f3n del a HTI Conference de Croacia), la ITB de Berl\u00edn, la BTL de Lisboa o el el Congreso Anual de la Asociaci\u00f3n Europea de Balnearios (ESPA), adem\u00e1s de acciones promocionales y acad\u00e9micas en distintos pa\u00edses de Am\u00e9rica Latina.<\/p>\n\n\n\n<p>Fuente:www.termatalia.com<\/p>\n","protected":false},"excerpt":{"rendered":"<p>&gt;&gt; Tras su \u00faltima edici\u00f3n en Foz do Igua\u00e7u Brasil), la Feria Internacional del Turismo Termal, Salud y Bienestar regresa a Europa y se celebrar\u00e1 en Ourense (Galicia-Espa\u00f1a) los d\u00edas 19 y 20 de septiembre&gt;&gt; La celebraci\u00f3n en Galicia permite ofrecerle experiencias de alto valor a\u00f1adido a las delegaciones de profesionales de la treintena de [&hellip;]<\/p>\n","protected":false},"author":1,"featured_media":2508,"comment_status":"open","ping_status":"open","sticky":false,"template":"","format":"standard","meta":{"footnotes":""},"categories":[12,30,17],"tags":[],"class_list":["post-2510","post","type-post","status-publish","format-standard","has-post-thumbnail","hentry","category-internacionales","category-temas-relacionados","category-turismo-termal"],"_links":{"self":[{"href":"https:\/\/argentinatermal.com.ar\/index.php?rest_route=\/wp\/v2\/posts\/2510","targetHints":{"allow":["GET"]}}],"collection":[{"href":"https:\/\/argentinatermal.com.ar\/index.php?rest_route=\/wp\/v2\/posts"}],"about":[{"href":"https:\/\/argentinatermal.com.ar\/index.php?rest_route=\/wp\/v2\/types\/post"}],"author":[{"embeddable":true,"href":"https:\/\/argentinatermal.com.ar\/index.php?rest_route=\/wp\/v2\/users\/1"}],"replies":[{"embeddable":true,"href":"https:\/\/argentinatermal.com.ar\/index.php?rest_route=%2Fwp%2Fv2%2Fcomments&post=2510"}],"version-history":[{"count":3,"href":"https:\/\/argentinatermal.com.ar\/index.php?rest_route=\/wp\/v2\/posts\/2510\/revisions"}],"predecessor-version":[{"id":2513,"href":"https:\/\/argentinatermal.com.ar\/index.php?rest_route=\/wp\/v2\/posts\/2510\/revisions\/2513"}],"wp:featuredmedia":[{"embeddable":true,"href":"https:\/\/argentinatermal.com.ar\/index.php?rest_route=\/wp\/v2\/media\/2508"}],"wp:attachment":[{"href":"https:\/\/argentinatermal.com.ar\/index.php?rest_route=%2Fwp%2Fv2%2Fmedia&parent=2510"}],"wp:term":[{"taxonomy":"category","embeddable":true,"href":"https:\/\/argentinatermal.com.ar\/index.php?rest_route=%2Fwp%2Fv2%2Fcategories&post=2510"},{"taxonomy":"post_tag","embeddable":true,"href":"https:\/\/argentinatermal.com.ar\/index.php?rest_route=%2Fwp%2Fv2%2Ftags&post=2510"}],"curies":[{"name":"wp","href":"https:\/\/api.w.org\/{rel}","templated":true}]}}