{"id":2527,"date":"2019-01-29T14:09:47","date_gmt":"2019-01-29T17:09:47","guid":{"rendered":"http:\/\/argentinatermal.com.ar\/?p=2527"},"modified":"2019-01-29T14:09:47","modified_gmt":"2019-01-29T17:09:47","slug":"embajador-argentino-en-espana-colaborara-con-termas-de-rio-hondo","status":"publish","type":"post","link":"https:\/\/argentinatermal.com.ar\/?p=2527","title":{"rendered":"Embajador argentino en Espa\u00f1a colaborar\u00e1 con Termas de R\u00edo Hondo"},"content":{"rendered":"\n<p class=\"has-drop-cap\">El Embajador Argentino en Espa\u00f1a, Ram\u00f3n Puerta, recibi\u00f3 este lunes, en audiencia, al Subsecretario de Turismo de la Provincia de Santiago del Estero, Ricardo Sosa, con quien analiz\u00f3 las potencialidades de Promoci\u00f3n que tiene Termas de R\u00edo Hondo y Santiago del Estero en Espa\u00f1a.<\/p>\n\n\n\n<p>En ese sentido, Sosa coment\u00f3 las actividades realizadas en Madrid, en la Feria de Turismo Fitur, los acuerdos firmados con diferentes entidades espa\u00f1olas y las presentaciones realizadas ante la prensa de ese pa\u00eds, en especial el MotoGP, como as\u00ed tambi\u00e9n las reuniones con operadores tur\u00edsticos espa\u00f1oles emisivos y operadores receptivos de Argentina.<\/p>\n\n\n\n<p>Durante la ausencia, realizada en la residencia oficial en Madrid, el Embajador Puerta asegur\u00f3 que acompa\u00f1ar\u00e1 todas las gestiones necesarias para que se contin\u00faen realizan acciones de Promoci\u00f3n y posicionamiento del destino. Destac\u00f3 la decisi\u00f3n de la Provincia de contar con un stand propio en Fitur y envi\u00f3 Saludos protocolares al Gobernador, Gerardo Zamora.<\/p>\n\n\n\n<p>Asimismo ofreci\u00f3 la sede de la Embajada para fortalecer cualquier acci\u00f3n oficial de Santiago del Estero en Espa\u00f1a, como as\u00ed tambi\u00e9n gestiones con diferentes l\u00edneas a\u00e9reas y operadores tur\u00edsticos mayoristas.<\/p>\n","protected":false},"excerpt":{"rendered":"<p>El Embajador Argentino en Espa\u00f1a, Ram\u00f3n Puerta, recibi\u00f3 este lunes, en audiencia, al Subsecretario de Turismo de la Provincia de Santiago del Estero, Ricardo Sosa, con quien analiz\u00f3 las potencialidades de Promoci\u00f3n que tiene Termas de R\u00edo Hondo y Santiago del Estero en Espa\u00f1a. En ese sentido, Sosa coment\u00f3 las actividades realizadas en Madrid, en [&hellip;]<\/p>\n","protected":false},"author":1,"featured_media":2529,"comment_status":"open","ping_status":"open","sticky":false,"template":"","format":"standard","meta":{"footnotes":""},"categories":[7,12],"tags":[],"class_list":["post-2527","post","type-post","status-publish","format-standard","has-post-thumbnail","hentry","category-argentina","category-internacionales"],"_links":{"self":[{"href":"https:\/\/argentinatermal.com.ar\/index.php?rest_route=\/wp\/v2\/posts\/2527","targetHints":{"allow":["GET"]}}],"collection":[{"href":"https:\/\/argentinatermal.com.ar\/index.php?rest_route=\/wp\/v2\/posts"}],"about":[{"href":"https:\/\/argentinatermal.com.ar\/index.php?rest_route=\/wp\/v2\/types\/post"}],"author":[{"embeddable":true,"href":"https:\/\/argentinatermal.com.ar\/index.php?rest_route=\/wp\/v2\/users\/1"}],"replies":[{"embeddable":true,"href":"https:\/\/argentinatermal.com.ar\/index.php?rest_route=%2Fwp%2Fv2%2Fcomments&post=2527"}],"version-history":[{"count":1,"href":"https:\/\/argentinatermal.com.ar\/index.php?rest_route=\/wp\/v2\/posts\/2527\/revisions"}],"predecessor-version":[{"id":2530,"href":"https:\/\/argentinatermal.com.ar\/index.php?rest_route=\/wp\/v2\/posts\/2527\/revisions\/2530"}],"wp:featuredmedia":[{"embeddable":true,"href":"https:\/\/argentinatermal.com.ar\/index.php?rest_route=\/wp\/v2\/media\/2529"}],"wp:attachment":[{"href":"https:\/\/argentinatermal.com.ar\/index.php?rest_route=%2Fwp%2Fv2%2Fmedia&parent=2527"}],"wp:term":[{"taxonomy":"category","embeddable":true,"href":"https:\/\/argentinatermal.com.ar\/index.php?rest_route=%2Fwp%2Fv2%2Fcategories&post=2527"},{"taxonomy":"post_tag","embeddable":true,"href":"https:\/\/argentinatermal.com.ar\/index.php?rest_route=%2Fwp%2Fv2%2Ftags&post=2527"}],"curies":[{"name":"wp","href":"https:\/\/api.w.org\/{rel}","templated":true}]}}