{"id":2532,"date":"2019-02-07T12:56:53","date_gmt":"2019-02-07T15:56:53","guid":{"rendered":"http:\/\/argentinatermal.com.ar\/?p=2532"},"modified":"2019-02-07T12:56:55","modified_gmt":"2019-02-07T15:56:55","slug":"nueva-delegacion-de-termatalia-en-el-salvador-la-capital-geotermica-de-america-central","status":"publish","type":"post","link":"https:\/\/argentinatermal.com.ar\/?p=2532","title":{"rendered":"Nueva delegaci\u00f3n de Termatalia en El Salvador, la capital geot\u00e9rmica de Am\u00e9rica Central"},"content":{"rendered":"\n<h3 class=\"wp-block-heading\">&gt;&gt; Beatriz Contreras, directora del touroperador Tours Universales, ser\u00e1 la nueva delegada en este pa\u00eds de Centroam\u00e9rica que quiere posicionarse como destino termal<\/h3>\n\n\n\n<p class=\"has-drop-cap\"> Termatalia, Feria Internacional de Turismo Termal, Salud y Bienestar, ampl\u00eda su red de delegaciones internacionales incorporando a El Salvador, pa\u00eds denominado como la capital geot\u00e9rmica de Am\u00e9rica Central y que ha participado activamente en las \u00faltimas dos ediciones de la feria para posiconarse internacionalmente como destino termal.\u00a0<br>Al frente de esta nueva delegaci\u00f3n estar\u00e1 Beatriz Flamenco de Contreras, con una amplia trayectoria profesional, es una destacada profesional del sector turismo en el pa\u00ede y en la actualidad es directora del touroperador Tours Universales y de Viajes Universales. El Salvador se suma as\u00ed a la lista de delegaciones de Termatalia\u00a0 que est\u00e1n presentes ya en m\u00e1s de 40 pa\u00edses.<br>Beatriz Flamenco afronta el reto de ser delegada de la feria en El Salvador con el objetivo de desempe\u00f1ar una posici\u00f3n de alta responsabilidad con retos constantes que le permita asesorar, implementar y fortalecer programas e iniciativas con especialidad en el \u00e1rea del turismo y afines. Posee un alto nivel de disciplina, creatividad y responsabilidad, con mucha habilidad para adaptarse, aprender y liderar en grupos de trabajo; con experiencia en trabajo de campo y oficina, encaminados hacia el cumplimiento de requerimientos y de mejora continua.<br>Termalismo en El Salvador<br>EL Salvador ubicado en el coraz\u00f3n de Centro Am\u00e9rica, ofrece al visitante un pa\u00eds lleno de \u201cCultura\u201d: con tradiciones e historia, \u201cSol y Surf\u201d: con playas y excelentes olas; \u201cAventura y Ecoturismo\u201d: con volcanes, monta\u00f1as, lagos, arrecifes, ausoles y m\u00e1gicos atardeceres tropicales; \u201cArqueolog\u00eda\u201d: parte del Mundo Maya; \u201cGastronom\u00eda\u201d: deliciosos sabores y recetas locales; \u201cDescanso y Bienestar\u201d: excelentes sitios termales que le brindar\u00e1n un maravilloso descanso.\u00a0<br>El Salvador con su ubicaci\u00f3n privilegiada por ser parte del cintur\u00f3n de fuego, cuenta con zonas alteradas donde se aprovecha la geotermia para procesos productivos, entre ellos la generaci\u00f3n de energ\u00eda y que representa el 23% del uso de energ\u00eda nacional. Las zonas alteradas se ubican de punta a punta en el pa\u00eds, sin embargo en la zona occidental se encuentra la primera planta de producci\u00f3n de energ\u00eda geot\u00e9rmica y de igual manera se ha desarrollado el turismo de bienestar y descanso.<br>En los \u00faltimos a\u00f1os, se ha generado desarrollo tur\u00edstico en el departamento occidental de Ahuachap\u00e1n; con la apertura de 5 sitios con piscinas de agua termal y azufradas, t\u00e9cnica del uso de la caolinita para el cuerpo, apertura de hoteles, restaurantes, y el desarrollo del tour Los Ausoles que permite conocer tanto la zona alterada como el proceso productivo de la planta geot\u00e9rmica. Visitantes de pa\u00edses como Alemania, Estados Unidos, Canad\u00e1, Inglaterra, Espa\u00f1a, Colombia, Uruguay, Holanda entre otros; han conocido las bondades de la naturaleza en \u00e9sta zona del pa\u00eds. <\/p>\n\n\n\n<p>Fuente: www.termatalia.com<\/p>\n","protected":false},"excerpt":{"rendered":"<p>&gt;&gt; Beatriz Contreras, directora del touroperador Tours Universales, ser\u00e1 la nueva delegada en este pa\u00eds de Centroam\u00e9rica que quiere posicionarse como destino termal Termatalia, Feria Internacional de Turismo Termal, Salud y Bienestar, ampl\u00eda su red de delegaciones internacionales incorporando a El Salvador, pa\u00eds denominado como la capital geot\u00e9rmica de Am\u00e9rica Central y que ha participado [&hellip;]<\/p>\n","protected":false},"author":1,"featured_media":2533,"comment_status":"open","ping_status":"open","sticky":false,"template":"","format":"standard","meta":{"footnotes":""},"categories":[12],"tags":[],"class_list":["post-2532","post","type-post","status-publish","format-standard","has-post-thumbnail","hentry","category-internacionales"],"_links":{"self":[{"href":"https:\/\/argentinatermal.com.ar\/index.php?rest_route=\/wp\/v2\/posts\/2532","targetHints":{"allow":["GET"]}}],"collection":[{"href":"https:\/\/argentinatermal.com.ar\/index.php?rest_route=\/wp\/v2\/posts"}],"about":[{"href":"https:\/\/argentinatermal.com.ar\/index.php?rest_route=\/wp\/v2\/types\/post"}],"author":[{"embeddable":true,"href":"https:\/\/argentinatermal.com.ar\/index.php?rest_route=\/wp\/v2\/users\/1"}],"replies":[{"embeddable":true,"href":"https:\/\/argentinatermal.com.ar\/index.php?rest_route=%2Fwp%2Fv2%2Fcomments&post=2532"}],"version-history":[{"count":1,"href":"https:\/\/argentinatermal.com.ar\/index.php?rest_route=\/wp\/v2\/posts\/2532\/revisions"}],"predecessor-version":[{"id":2534,"href":"https:\/\/argentinatermal.com.ar\/index.php?rest_route=\/wp\/v2\/posts\/2532\/revisions\/2534"}],"wp:featuredmedia":[{"embeddable":true,"href":"https:\/\/argentinatermal.com.ar\/index.php?rest_route=\/wp\/v2\/media\/2533"}],"wp:attachment":[{"href":"https:\/\/argentinatermal.com.ar\/index.php?rest_route=%2Fwp%2Fv2%2Fmedia&parent=2532"}],"wp:term":[{"taxonomy":"category","embeddable":true,"href":"https:\/\/argentinatermal.com.ar\/index.php?rest_route=%2Fwp%2Fv2%2Fcategories&post=2532"},{"taxonomy":"post_tag","embeddable":true,"href":"https:\/\/argentinatermal.com.ar\/index.php?rest_route=%2Fwp%2Fv2%2Ftags&post=2532"}],"curies":[{"name":"wp","href":"https:\/\/api.w.org\/{rel}","templated":true}]}}