{"id":2542,"date":"2019-02-10T20:31:47","date_gmt":"2019-02-10T23:31:47","guid":{"rendered":"http:\/\/argentinatermal.com.ar\/?p=2542"},"modified":"2019-02-10T20:31:50","modified_gmt":"2019-02-10T23:31:50","slug":"se-inauguro-el-parque-acuatico-termal-en-rosario-de-la-frontera-salta-argentina","status":"publish","type":"post","link":"https:\/\/argentinatermal.com.ar\/?p=2542","title":{"rendered":"Se inauguro el parque acu\u00e1tico termal en Rosario de la Frontera, Salta &#8211; Argentina"},"content":{"rendered":"\n<p class=\"has-background has-pale-cyan-blue-background-color\"><strong><em>Por Osvaldo Oscar Heredia: Para Argentina Termal<\/em> <\/strong><\/p>\n\n\n\n<p class=\"has-drop-cap\">En un clima familiar y distendido el gobernador hizo su ingreso al lugar en bicicleta junto al intendente. En su discurso inaugural destac\u00f3 la importancia de este Parque que \u201cpermitir\u00e1 a los rosarinos contar con un importante lugar de esparcimiento y recreaci\u00f3n y donde los ni\u00f1os podr\u00e1n vivir hermosas experiencias y construir sus recuerdos.\u201d<\/p>\n\n\n\n<p>\u201cNecesit\u00e1bamos esto, que cada uno de los intendentes de la provincia a trav\u00e9s de pol\u00edticas p\u00fablicas hagan de Salta un lugar que nos genere orgullo\u00bb, asegur\u00f3 Urtubey.&nbsp;<br>Destac\u00f3 el importante trabajo conjunto en pos del desarrollo y crecimiento de la Provincia. \u201cSomos un gran equipo de trabajo, buscamos que la gente viva mejor. Entre el sector p\u00fablico y el sector privado tomamos la decisi\u00f3n de seguir creciendo en servicios para Salta, porque queremos que cada vez venga m\u00e1s gente a Salta y que los salte\u00f1os tambi\u00e9n puedan viajar por el interior de la provincia y conocer cada uno de sus rincones\u00bb.<\/p>\n\n\n\n<div class=\"wp-block-image\"><figure class=\"alignleft is-resized\"><img decoding=\"async\" src=\"http:\/\/argentinatermal.com.ar\/wp-content\/uploads\/2019\/02\/52040678_10214020519567311_4109711286210658304_n.jpg\" alt=\"\" class=\"wp-image-2543\" width=\"577\" height=\"383\" \/><figcaption> <br>\u00ab<strong>Vamos a seguir trabajando juntos, hay mucho por hacer y por eso debemos asumir m\u00e1s responsabilidades para dar m\u00e1s respuestas a los salte\u00f1os\u00bb.<\/strong> <\/figcaption><\/figure><\/div>\n\n\n\n<p><\/p>\n\n\n\n<p>Sol\u00eds en su discurso resalt\u00f3 el trabajo del equipo municipal para la realizaci\u00f3n de esta obra que tiene que ver con \u201capostar al turismo para que Rosario vuelva a ser esa ciudad tur\u00edstica que alguna vez fue\u201d.<br>Dijo adem\u00e1s que los trabajos se realizaron con el 100% de mano de obra local y con recurso municipales.<\/p>\n\n\n\n<p>Resalt\u00f3 por otro lado el apoyo y acompa\u00f1amiento del Gobierno provincial en la recuperaci\u00f3n de este predio. \u201cEl profundo federalismo de este gobierno ha llegado a cada uno de los rincones de Salta promoviendo el desarrollo y crecimiento para todos los salte\u00f1os\u201d.<\/p>\n\n\n\n<p>En la recuperaci\u00f3n y puesta en valor de la vieja Hoster\u00eda del Autom\u00f3vil Club Argentino se realizaron trabajos de acondicionamiento del sector de ba\u00f1os y vestuarios, sal\u00f3n de usos m\u00faltiples, recuperaci\u00f3n y nuevas construcciones de asadores, la vivienda del cuidador, la vieja pileta y se efectu\u00f3 un recambio total del sistema de electrificaci\u00f3n.<\/p>\n\n\n\n<p>Consta de dos etapas. La primera incluy\u00f3 el parque acu\u00e1tico termal, 2 piletas, una de 550 metros, y otra de 1100 metros cuadrados, nuevos asadores, sanitarios, pabellones de ba\u00f1os, electrificaci\u00f3n, canchas de beach v\u00f3ley y de f\u00fatbol. La finalizaci\u00f3n completa est\u00e1 prevista para octubre del 2019.<br>En el acto tambi\u00e9n participaron el vicegobernador Miguel Isa; el jefe de Gabinete de Ministros, Fernando Yarade, el ministro de Cultura, Turismo y Deportes, Juan Manuel Lavallen, el ministro de Econom\u00eda Emiliano Estrada, Legisladores del Departamento, Intendentes vecinos, autoridades municipales, comunidad de la zona y turistas.<\/p>\n\n\n\n<p>EN CONFERENCIA DE PRENSA EL GOBERNADOR URTUBEY JUNTO AL INTENDENTE SOL\u00cdS EXPRESARON LO SIGUIENTE: \u201cEs una alegr\u00eda muy grande donde desde hace tiempo la idea fue la recuperaci\u00f3n de un espacio que ten\u00eda que ver con el patrimonio de los rosarinos que lamentablemente en los \u00faltimos a\u00f1os estaba totalmente abandonado, as\u00ed que a trav\u00e9s del \u00e1rea de turismo, el municipio nos pusimos a trabajar juntos. Una gran obra municipal, venimos a inaugurar esta primera etapa y la recuperaci\u00f3n de este espacio para todos los rosarinos y para toda la gente que con mucha frecuencia viene a visitar Rosario,\u201d expres\u00f3 el Gobernador Urtubey.<\/p>\n\n\n\n<p>Felizmente sorprendido, casi veinte a\u00f1os que no estaba ac\u00e1, est\u00e1 muy bueno y creo que tenemos la oportunidad que a partir de este y otros servicios que se est\u00e1n trabajando con mucha fuerza desde el municipio, podamos tener un Rosario de pie. Somos muy optimistas que en medida que sigamos inaugurando servicios como estos, vamos a seguir logrando el objetivo que tenemos; Salta ha trabajado mucho en lo que significa crecer como destino y hoy nuestro desaf\u00edo instalado como destino que estamos, ofrecer m\u00e1s servicios, entonces tener un servicio como este va a impactar muy positivamente\u201d agreg\u00f3.<\/p>\n\n\n\n<p>Al ser consultado el Gobernador Urtubey sobre su visi\u00f3n del gobierno municipal dijo: se est\u00e1 haciendo un enorme trabajo, Gustavo Sol\u00eds tiene un buen equipo de trabajo.<\/p>\n\n\n\n<p>Parque Industrial<br>\u201cYa empezaron a limpiarlo, estuvimos charlando con el intendente sobre eso, nosotros asumimos un compromiso fuerte con Rosario y como estamos haciendo en cada uno de los municipios se da respuesta y eso nos da respuesta para seguir adelante.<\/p>\n\n\n\n<p>El turismo en Salta<br>\u201cHemos tenido un buen enero, en lo que va de febrero viene bien tambi\u00e9n gracias a cosas como estas; intendentes como Gustavo se cargaron al hombro pol\u00edticas de estado de la provincia, en este caso el turismo, aparte de lograr un nuevo servicio tur\u00edstico para los que visitan Rosario, tambi\u00e9n vemos que los rosarinos recuperan un espacio que le era propio con toda la innovaci\u00f3n del parque, m\u00e1s los festivales en cada uno de los pueblos m\u00e1s la enorme vocaci\u00f3n cultural que hay ha hecho de este verano salte\u00f1o un buen verano.\u201d<\/p>\n\n\n\n<p>INTENDENTE GUSTAVO SOLIS<br>En rueda de prensa, el Jefe Comunal sostuvo que \u201cla verdad lo que dije es cierto, a veces podemos hablar bonito, hoy lo que m\u00e1s podemos hacer es mostrar lo que hicimos, la obra en s\u00ed misma habla sola y ser\u00e1 iniciadora en el desarrollo del complejo termal, lo hablamos con el gobernador y el comparte la visi\u00f3n que el camino es el desarrollo econ\u00f3mico y potenciar lo que tenemos, en eso tenemos que generar que los inversores privados nos miren con buenos ojos. Creo que desde el Estado se est\u00e1 haciendo todo, una gran inversi\u00f3n en el Hotel Termas, accediendo a este tipo de proyectos, como tambi\u00e9n hemos comenzado con el Parque Industrial donde en un hecho sin precedentes en menos de tres meses hemos hecho los estudios, pusimos sobre la mesa la voluntad de todos los actores incluido el gobierno, el municipio, la c\u00e1mara industrial, actores del sector privado en una firme decisi\u00f3n de nuestro gobernador de avanzar en ese sentido.<br>Al preguntarle sobre la licitaci\u00f3n de la hoster\u00eda en marzo, adelant\u00f3:\u201d estamos muy contentos con eso, lo hablamos con el ministro Lavallen que lo \u00edbamos a hacer luego de inaugurar este espacio porque, har\u00e1 m\u00e1s tentadora la alternativa.\u201d<\/p>\n\n\n\n<p>Fotografia: Osvaldo Heredia<\/p>\n\n\n\n<figure class=\"wp-block-image\"><img decoding=\"async\" width=\"960\" height=\"540\" src=\"http:\/\/argentinatermal.com.ar\/wp-content\/uploads\/2019\/02\/51989051_1961558443898032_3621981465866141696_n.jpg\" alt=\"\" class=\"wp-image-2550\" srcset=\"https:\/\/argentinatermal.com.ar\/wp-content\/uploads\/2019\/02\/51989051_1961558443898032_3621981465866141696_n.jpg 960w, https:\/\/argentinatermal.com.ar\/wp-content\/uploads\/2019\/02\/51989051_1961558443898032_3621981465866141696_n-300x169.jpg 300w, https:\/\/argentinatermal.com.ar\/wp-content\/uploads\/2019\/02\/51989051_1961558443898032_3621981465866141696_n-768x432.jpg 768w, https:\/\/argentinatermal.com.ar\/wp-content\/uploads\/2019\/02\/51989051_1961558443898032_3621981465866141696_n-696x392.jpg 696w, https:\/\/argentinatermal.com.ar\/wp-content\/uploads\/2019\/02\/51989051_1961558443898032_3621981465866141696_n-747x420.jpg 747w\" sizes=\"(max-width: 960px) 100vw, 960px\" \/><\/figure>\n","protected":false},"excerpt":{"rendered":"<p>Por Osvaldo Oscar Heredia: Para Argentina Termal En un clima familiar y distendido el gobernador hizo su ingreso al lugar en bicicleta junto al intendente. En su discurso inaugural destac\u00f3 la importancia de este Parque que \u201cpermitir\u00e1 a los rosarinos contar con un importante lugar de esparcimiento y recreaci\u00f3n y donde los ni\u00f1os podr\u00e1n vivir [&hellip;]<\/p>\n","protected":false},"author":1,"featured_media":2546,"comment_status":"open","ping_status":"open","sticky":false,"template":"","format":"standard","meta":{"footnotes":""},"categories":[7,8,15,17],"tags":[],"class_list":["post-2542","post","type-post","status-publish","format-standard","has-post-thumbnail","hentry","category-argentina","category-noa","category-turismo-de-bienestar","category-turismo-termal"],"_links":{"self":[{"href":"https:\/\/argentinatermal.com.ar\/index.php?rest_route=\/wp\/v2\/posts\/2542","targetHints":{"allow":["GET"]}}],"collection":[{"href":"https:\/\/argentinatermal.com.ar\/index.php?rest_route=\/wp\/v2\/posts"}],"about":[{"href":"https:\/\/argentinatermal.com.ar\/index.php?rest_route=\/wp\/v2\/types\/post"}],"author":[{"embeddable":true,"href":"https:\/\/argentinatermal.com.ar\/index.php?rest_route=\/wp\/v2\/users\/1"}],"replies":[{"embeddable":true,"href":"https:\/\/argentinatermal.com.ar\/index.php?rest_route=%2Fwp%2Fv2%2Fcomments&post=2542"}],"version-history":[{"count":1,"href":"https:\/\/argentinatermal.com.ar\/index.php?rest_route=\/wp\/v2\/posts\/2542\/revisions"}],"predecessor-version":[{"id":2551,"href":"https:\/\/argentinatermal.com.ar\/index.php?rest_route=\/wp\/v2\/posts\/2542\/revisions\/2551"}],"wp:featuredmedia":[{"embeddable":true,"href":"https:\/\/argentinatermal.com.ar\/index.php?rest_route=\/wp\/v2\/media\/2546"}],"wp:attachment":[{"href":"https:\/\/argentinatermal.com.ar\/index.php?rest_route=%2Fwp%2Fv2%2Fmedia&parent=2542"}],"wp:term":[{"taxonomy":"category","embeddable":true,"href":"https:\/\/argentinatermal.com.ar\/index.php?rest_route=%2Fwp%2Fv2%2Fcategories&post=2542"},{"taxonomy":"post_tag","embeddable":true,"href":"https:\/\/argentinatermal.com.ar\/index.php?rest_route=%2Fwp%2Fv2%2Ftags&post=2542"}],"curies":[{"name":"wp","href":"https:\/\/api.w.org\/{rel}","templated":true}]}}