{"id":2552,"date":"2019-02-13T10:48:31","date_gmt":"2019-02-13T13:48:31","guid":{"rendered":"http:\/\/argentinatermal.com.ar\/?p=2552"},"modified":"2019-02-13T10:48:34","modified_gmt":"2019-02-13T13:48:34","slug":"jose-manuel-baltar-blanco-presenta-en-madrid-el-libro-ourense-la-provincia-termal-una-publicacion-que-analiza-la-historia-tradicion-y-vanguardia-del-territorio-termal-mas-importante-de-europa","status":"publish","type":"post","link":"https:\/\/argentinatermal.com.ar\/?p=2552","title":{"rendered":"Jos\u00e9 Manuel Baltar Blanco presenta en Madrid el libro Ourense, la provincia termal, una publicaci\u00f3n que analiza la historia, tradici\u00f3n y vanguardia del territorio termal m\u00e1s importante de Europa"},"content":{"rendered":"\n<p class=\"has-drop-cap\">El presidente de la Diputaci\u00f3n de Ourense dijo en el acto -celebrado en el C\u00edrculo de Bellas Artes-: \u00abM\u00e1s de dos mil a\u00f1os contemplan la riqueza termal de nuestra provincia, lo que demuestra que el termalismo es una poderosa herramienta de crecimiento socio-econ\u00f3mico y de mejora de la calidad de vida\u00bb.<\/p>\n\n\n\n<p>Baltar destac\u00f3 que Ourense ha sido en 2018 \u00abla provincia gallega donde m\u00e1s se ha incrementado el turismo, un balance positivo que se debe a la consolidaci\u00f3n como destino termal, conjugado con los atractivos tur\u00edsticos, paisaj\u00edsticos, culturales y eno-gastron\u00f3micos de Ourense\u00bb.<\/p>\n\n\n\n<p>El presidente de la Diputaci\u00f3n remarc\u00f3 la importancia de la buena gesti\u00f3n p\u00fablica del gobierno provincial, \u00abque nos ha permitido hacer m\u00e1s y mejores cosas: infraestructuras, empleo y servicios para concellos y ciudadanos\u00bb, y cit\u00f3 proyectos como el \u00abProvincia Inteligente\u00bb; la creaci\u00f3n del centro de referencia de FP en Galicia, o la implantaci\u00f3n de un centro tecnol\u00f3gico de la mano de IBM y Viewnext, \u00abque colocan a Ourense en una posici\u00f3n de liderazgo en el \u00e1mbito de la innovaci\u00f3n\u00bb.<\/p>\n\n\n\n<p>El libro presentado hoy analiza de manera did\u00e1ctica y cient\u00edfica los aspectos hist\u00f3ricos del termalismo en Ourense, adem\u00e1s de los recursos geot\u00e9rmicos de la provincia, tradiciones, potencialidades termales, y las perspectivas de futuro de la gran provincia termal de Europa.<br>Madrid, 12 de febrero de 2019.- \u00abEl territorio termal m\u00e1s importante de Europa se merec\u00eda un libro que sirviese de homenaje a cuantas personas hicieron posible a lo largo de los siglos que la provincia de Ourense sea hoy el lugar m\u00e1s destacado en patrimonio, historia, tradici\u00f3n e innovaci\u00f3n termal del continente europeo y uno de los m\u00e1s importantes del mundo\u00bb. As\u00ed lo expres\u00f3 el presidente de la Diputaci\u00f3n de Ourense, Manuel Baltar, en el acto de presentaci\u00f3n del libro Ourense, la provincia termal, que tuvo lugar esta ma\u00f1ana en el C\u00edrculo de Bellas Artes de Madrid, con la presencia de m\u00e1s de un centenar de personalidades de los \u00e1mbitos institucional, pol\u00edtico, social, empresarial, cultural y de la comunicaci\u00f3n.<\/p>\n\n\n\n<p>La publicaci\u00f3n, coordinada por Mario Crecente y Silvia Gonz\u00e1lez Soutelo, analiza de manera did\u00e1ctica y cient\u00edfica los aspectos hist\u00f3ricos del termalismo en Ourense, adem\u00e1s de los recursos geot\u00e9rmicos de la provincia, tradiciones y potencialidades termales, y las perspectivas de futuro de la gran provincia termal de Europa.<\/p>\n\n\n\n<p>\u00abM\u00e1s de dos mil a\u00f1os contemplan la riqueza termal de nuestra provincia -afirm\u00f3 Manuel Baltar-, lo que demuestra que el termalismo es una poderosa herramienta de crecimiento socio-econ\u00f3mico y de mejora de la calidad de vida\u00bb, y destac\u00f3 que Ourense ha sido en 2018 \u00abla provincia gallega donde m\u00e1s se ha incrementado el turismo, un balance positivo que se debe a la consolidaci\u00f3n como destino termal, conjugado con los atractivos tur\u00edsticos, paisaj\u00edsticos, culturales y eno-gastron\u00f3micos de Ourense\u00bb.<\/p>\n\n\n\n<p>El presidente de la Diputaci\u00f3n remarc\u00f3 la importancia de la buena la gesti\u00f3n p\u00fablica del gobierno provincial, \u00abque nos ha permitido hacer m\u00e1s y mejores cosas: infraestructuras, impulsar el empleo y el mantenimiento y fijaci\u00f3n de la poblaci\u00f3n en el rural; iniciativas de apoyo a la demograf\u00eda o mejora de servicios para municipios y ciudadanos\u00bb, y cit\u00f3 proyectos como el \u00abProvincia Inteligente\u00bb; la creaci\u00f3n del centro de referencia de FP en Galicia, o la implantaci\u00f3n de un centro tecnol\u00f3gico de la mano de IBM y Viewnext, \u00abque colocan a la provincia de Ourense en una posici\u00f3n de liderazgo en el \u00e1mbito de la innovaci\u00f3n\u00bb.<\/p>\n\n\n\n<p>En este sentido, afirm\u00f3 que el termalismo de Ourense \u00abes el mar interior que nutre buena parte de la evoluci\u00f3n competitiva en nuestra provincia, algo que nos distingue y nos singulariza y que hace que todos los foros nacionales e internacionales a los que nos invitan se interesen por la gesti\u00f3n que llevamos a cabo en materia termal, ya que se trata del recurso natural m\u00e1s sano y con mayor potencial que existe en el mundo\u00bb.<\/p>\n\n\n\n<p>Manuel Baltar, actualmente vicepresidente de la asociaci\u00f3n termal europea, EHTTA, y presidente de la red de gobiernos provinciales de Europa, Partenalia, considera clave \u00abla labor de los gobiernos locales intermedios en la valorizaci\u00f3n de los recursos del territorio, como \u00fanico nivel administrativo con capacidad y visi\u00f3n para reforzar el v\u00ednculo entre \u00e1reas urbanas y rurales\u00bb, y en este sentido el termalismo juega un \u00abpapel aglutinador\u00bb, \u00abuniendo territorios alrededor de una riqueza com\u00fan, secular, limpia y tur\u00edsticamente fundamental\u00bb, afirm\u00f3.<\/p>\n\n\n\n<p>De ah\u00ed, que la gesti\u00f3n desarrollada a lo largo de los siete a\u00f1os de mandato que Manuel Baltar lleva al frente de la Diputaci\u00f3n de Ourense, tuviese en el tema termal una de sus l\u00edneas protagonistas, con pol\u00edticas espec\u00edficas como el plan \u00abOurense, la provincia termal\u00bb, que desarrolla el gobierno provincial conjuntamente con la Xunta de Galicia, \u00abpara poner en valor el termalismo en la provincia y estructurar su oferta, recursos y servicios, por medio de un proceso participativo que ha contado con la colaboraci\u00f3n de los agentes p\u00fablicos y privados que configuran el sector\u00bb, explic\u00f3 Baltar.<\/p>\n\n\n\n<p>Por este motivo, la Diputaci\u00f3n de Ourense, consciente de la importancia y del singular valor del patrimonio termal que posee la provincia, mantiene \u00abun fuerte compromiso con su conservaci\u00f3n, ordenaci\u00f3n y dinamizaci\u00f3n\u00bb, dijo Baltar, y en este sentido, desde la puerta en marcha del Plan Termal, se han implementado nuevas y renovadas infraestructuras y servicios \u00abque demuestran el poder tractor del termalismo, entre la tradici\u00f3n y la innovaci\u00f3n del sector tur\u00edstico\u00bb.<\/p>\n\n\n\n<p>El libro presentado hoy ofrece al lector, en palabras de Baltar, \u00abel amplio patrimonio termal de la provincia de Ourense, tanto el activo como el que actualmente se encuentra a la espera de ser recuperado para el uso cultural, tur\u00edstico y de salud, de acuerdo con las l\u00edneas de actuaci\u00f3n que impulsamos desde la Diputaci\u00f3n de Ourense\u00bb, y reiter\u00f3 su \u00abpermanente apuesta por creer en Ourense, y por destacar siempre lo m\u00e1s positivo de nuestro territorio, que es mucho\u00bb, recordando que ese tren de la vanguardia, la innovaci\u00f3n y el respeto a nuestras tradiciones, al que se ha subido la provincia de Ourense, tendr\u00e1, sin duda, en la pr\u00f3xima llegada de la alta velocidad un elemento que transformar\u00e1 la econom\u00eda y la vida de nuestro territorio con un impulso de progreso y competitividad en el que el termalismo ser\u00e1 una parte fundamental\u00bb.<\/p>\n\n\n\n<p>En 178 p\u00e1ginas, la publicaci\u00f3n relata -con fotograf\u00edas, informes, estad\u00edsticas y localizaciones- todos los aspectos de la realidad termal de la provincia de Ourense, comenzando por lo que ha significado el termalismo en la historia y la tradici\u00f3n social de la provincia, para continuar con los recursos patrimoniales y geot\u00e9rmicos del territorio provincial; el an\u00e1lisis de la situaci\u00f3n actual y las potencialidades futuras. Finalmente, la obra detalla todas las propuestas incluidas en el plan \u00abOurense, la provincia termal\u00bb y los diferentes productos termales que se ofrecen. Tambi\u00e9n describe los 15 balnearios y casas de ba\u00f1os existentes en la provincia; las seis pozas termales; las cinco empresas embotelladoras de aguas minero-medicinales, y las 30 fuentes y manantiales que se reparten por toda la geograf\u00eda ourensana.<\/p>\n\n\n\n<p>El acto, presentado por el periodista ourensano Marco Rocha cont\u00f3 en la parte musical con la actuaci\u00f3n del d\u00fao Rivera de viol\u00edn y piano.<\/p>\n\n\n\n<p>Fuente: https:\/\/www.facebook.com\/Termatalia\/<\/p>\n","protected":false},"excerpt":{"rendered":"<p>El presidente de la Diputaci\u00f3n de Ourense dijo en el acto -celebrado en el C\u00edrculo de Bellas Artes-: \u00abM\u00e1s de dos mil a\u00f1os contemplan la riqueza termal de nuestra provincia, lo que demuestra que el termalismo es una poderosa herramienta de crecimiento socio-econ\u00f3mico y de mejora de la calidad de vida\u00bb. Baltar destac\u00f3 que Ourense [&hellip;]<\/p>\n","protected":false},"author":1,"featured_media":2553,"comment_status":"open","ping_status":"open","sticky":false,"template":"","format":"standard","meta":{"footnotes":""},"categories":[12],"tags":[],"class_list":["post-2552","post","type-post","status-publish","format-standard","has-post-thumbnail","hentry","category-internacionales"],"_links":{"self":[{"href":"https:\/\/argentinatermal.com.ar\/index.php?rest_route=\/wp\/v2\/posts\/2552","targetHints":{"allow":["GET"]}}],"collection":[{"href":"https:\/\/argentinatermal.com.ar\/index.php?rest_route=\/wp\/v2\/posts"}],"about":[{"href":"https:\/\/argentinatermal.com.ar\/index.php?rest_route=\/wp\/v2\/types\/post"}],"author":[{"embeddable":true,"href":"https:\/\/argentinatermal.com.ar\/index.php?rest_route=\/wp\/v2\/users\/1"}],"replies":[{"embeddable":true,"href":"https:\/\/argentinatermal.com.ar\/index.php?rest_route=%2Fwp%2Fv2%2Fcomments&post=2552"}],"version-history":[{"count":1,"href":"https:\/\/argentinatermal.com.ar\/index.php?rest_route=\/wp\/v2\/posts\/2552\/revisions"}],"predecessor-version":[{"id":2554,"href":"https:\/\/argentinatermal.com.ar\/index.php?rest_route=\/wp\/v2\/posts\/2552\/revisions\/2554"}],"wp:featuredmedia":[{"embeddable":true,"href":"https:\/\/argentinatermal.com.ar\/index.php?rest_route=\/wp\/v2\/media\/2553"}],"wp:attachment":[{"href":"https:\/\/argentinatermal.com.ar\/index.php?rest_route=%2Fwp%2Fv2%2Fmedia&parent=2552"}],"wp:term":[{"taxonomy":"category","embeddable":true,"href":"https:\/\/argentinatermal.com.ar\/index.php?rest_route=%2Fwp%2Fv2%2Fcategories&post=2552"},{"taxonomy":"post_tag","embeddable":true,"href":"https:\/\/argentinatermal.com.ar\/index.php?rest_route=%2Fwp%2Fv2%2Ftags&post=2552"}],"curies":[{"name":"wp","href":"https:\/\/api.w.org\/{rel}","templated":true}]}}