{"id":2627,"date":"2019-03-05T23:22:56","date_gmt":"2019-03-06T02:22:56","guid":{"rendered":"http:\/\/argentinatermal.com.ar\/?p=2627"},"modified":"2019-03-11T18:09:35","modified_gmt":"2019-03-11T21:09:35","slug":"entrevista-ana-isabel-fernandez-directora-de-green-day-spa-c-a-nos-cuenta-desde-caracas-venezuela-los-secretos-de-un-spa-exitoso","status":"publish","type":"post","link":"https:\/\/argentinatermal.com.ar\/?p=2627","title":{"rendered":"Entrevista: Ana Isabel Fern\u00e1ndez, directora de Green Day Spa C.A. Nos cuenta desde Caracas Venezuela, los secretos de un Spa exitoso."},"content":{"rendered":"\n<p class=\"has-drop-cap\">Ana Fern\u00e1ndez, nacida en Caracas, &nbsp;Empresaria, l\u00edder en Salud y bienestar,\nprofesional dedicada al sector Spa, promotora de encuentros tur\u00edsticos donde la\nintegraci\u00f3n de los conocimientos se hacen posibles.<\/p>\n\n\n\n<p>Desde sus inicios supo marcar un estilo ancestral el cual lo supo aprovechar marcando as\u00ed, un estilo de vida, buscando siempre la armon\u00eda y creando espacios donde se conjuga Salud, Bienestar y vida plena.<\/p>\n\n\n\n<h4 class=\"wp-block-heading\"><strong>\u00bfCont\u00e1nos c\u00f3mo surge tu pasi\u00f3n por el Spa, &nbsp;tus comienzos y si tienes alguna an\u00e9cdota para contarnos?<\/strong><\/h4>\n\n\n\n<p>Como ya te mencione, soy una curiosa del conocimiento, siempre hay algo nuevo por descubrir, conocer y estudiar, te comento que al salir graduada de salud p\u00fablica, ya casada inmediatamente estudie derecho, sal\u00ed embarazada y lo detuve, me encantaba cuidarme y era asidua a un spa de una se\u00f1ora mayor Marisa Palacios muy famosa para ese entonces, ten\u00eda varios locales, me encantaban los tratamientos, los productos el sentirme regia, fabulosa, me sent\u00eda muy bien y decid\u00ed estudiar todo acerca del mundo de la belleza y el bienestar, a todo eso le pon\u00eda mi toque personal de mi sapiensa tanto universitaria como familiar, all\u00ed naci\u00f3 lo que mucho tiempo despu\u00e9s se llamar\u00eda Green Day Spa. <\/p>\n\n\n\n<h4 class=\"wp-block-heading\"><strong>\u00bfCuando cre\u00edste vos que pod\u00edas ir m\u00e1s all\u00e1 de lo que te gustaba como trabajo y dar un salto en lo profesional?<\/strong> <\/h4>\n\n\n\n<p>Soy apasionada con lo que hago, doy el cien por ciento o no hago nada, me daba satisfacci\u00f3n y sent\u00eda feliz con lo hac\u00eda, sin pensar en m\u00e1s nada que prestar un buen servicio, as\u00ed he sido siempre, ya lo dem\u00e1s va viniendo por a\u00f1adidura, siendo constante en la formaci\u00f3n y la capacitaci\u00f3n con los mejores profesionales de cada \u00e1rea del sector spa, reafirmando el conocimiento, fundamentos, la \u00e9tica eso me ha llevado al nivel en que me desempe\u00f1o actualmente. <\/p>\n\n\n\n<h4 class=\"wp-block-heading\"><strong>\u00bfEn pocas palabras c\u00f3mo definir\u00edas a Green Day Spa, es el fruto de lo que visionabas?<\/strong><\/h4>\n\n\n\n<figure class=\"wp-block-image\"><img decoding=\"async\" width=\"1024\" height=\"379\" src=\"http:\/\/argentinatermal.com.ar\/wp-content\/uploads\/2019\/03\/18076482_1240719602692852_5291953869853305885_o-1-1024x379.jpg\" alt=\"\" class=\"wp-image-2630\" srcset=\"https:\/\/argentinatermal.com.ar\/wp-content\/uploads\/2019\/03\/18076482_1240719602692852_5291953869853305885_o-1-1024x379.jpg 1024w, https:\/\/argentinatermal.com.ar\/wp-content\/uploads\/2019\/03\/18076482_1240719602692852_5291953869853305885_o-1-300x111.jpg 300w, https:\/\/argentinatermal.com.ar\/wp-content\/uploads\/2019\/03\/18076482_1240719602692852_5291953869853305885_o-1-768x284.jpg 768w, https:\/\/argentinatermal.com.ar\/wp-content\/uploads\/2019\/03\/18076482_1240719602692852_5291953869853305885_o-1-696x258.jpg 696w, https:\/\/argentinatermal.com.ar\/wp-content\/uploads\/2019\/03\/18076482_1240719602692852_5291953869853305885_o-1-1068x395.jpg 1068w, https:\/\/argentinatermal.com.ar\/wp-content\/uploads\/2019\/03\/18076482_1240719602692852_5291953869853305885_o-1-1135x420.jpg 1135w\" sizes=\"(max-width: 1024px) 100vw, 1024px\" \/><\/figure>\n\n\n\n<p>Green Day Spa es una marca registrada que armoniza el cuerpo, la mente y el esp\u00edritu, simplemente es un estilo de vida sana y sencilla, y por consiguiente es intemporal, eso de sentirme bien me encanta y a todo el que lo experimenta tambi\u00e9n. <\/p>\n\n\n\n<h4 class=\"wp-block-heading\"><strong>\u00bfTe consideras una l\u00edder dentro de tu espacio Green Day Spa o simplemente diriges tu empresa en busca de buenos resultados?<\/strong> <\/h4>\n\n\n\n<p>Soy una persona que hace lo que le gusta, lo disfruto, sentir que otras personas se puedan beneficiar de ese concepto, de lo que es Green Day Spa, me da gran satisfacci\u00f3n, esta creado para ellos, cada tratamiento cada producto personalizado propio de la marca, est\u00e1 dise\u00f1ado y pensado para un fin espec\u00edfico con aporte de propiedades y nutrientes, para vivir la experiencia que les haga sentir mejor. <\/p>\n\n\n\n<h4 class=\"wp-block-heading\"><strong>\u00bfEn el mundo del Spa y el turismo de salud y bienestar cu\u00e1les son tus alianzas estrat\u00e9gicas?<\/strong><\/h4>\n\n\n\n<figure class=\"wp-block-image\"><img decoding=\"async\" width=\"877\" height=\"720\" src=\"http:\/\/argentinatermal.com.ar\/wp-content\/uploads\/2019\/03\/15220011_10209942789419533_4025982639577330280_n.jpg\" alt=\"\" class=\"wp-image-2631\" srcset=\"https:\/\/argentinatermal.com.ar\/wp-content\/uploads\/2019\/03\/15220011_10209942789419533_4025982639577330280_n.jpg 877w, https:\/\/argentinatermal.com.ar\/wp-content\/uploads\/2019\/03\/15220011_10209942789419533_4025982639577330280_n-300x246.jpg 300w, https:\/\/argentinatermal.com.ar\/wp-content\/uploads\/2019\/03\/15220011_10209942789419533_4025982639577330280_n-768x631.jpg 768w, https:\/\/argentinatermal.com.ar\/wp-content\/uploads\/2019\/03\/15220011_10209942789419533_4025982639577330280_n-696x571.jpg 696w, https:\/\/argentinatermal.com.ar\/wp-content\/uploads\/2019\/03\/15220011_10209942789419533_4025982639577330280_n-512x420.jpg 512w\" sizes=\"(max-width: 877px) 100vw, 877px\" \/><\/figure>\n\n\n\n<p>La mejor manera de relacionarse&nbsp;la&nbsp;<strong>Asociaci\u00f3n Venezolana de Spa Termal y Talaso&nbsp;<\/strong>AVESPA la cual Presido,&nbsp;<strong>Concejo Superior de Turismo<\/strong>&nbsp;CONSETURISMO Miembro Directivo, buscando&nbsp;las organizaciones con los mismos objetivos en com\u00fan, eso te permite informarte, crecer, estandarizar el sector al cual tu perteneces y en pos de esa globalizaci\u00f3n&nbsp;se encuentran las alianzas para Venezuela con&nbsp;<strong>Asociaci\u00f3n Latinoamericana de Spa&nbsp;<\/strong>ALSPA de M\u00e9xico, realizan la&nbsp;<strong>feria Expo Spa&nbsp;<\/strong>m\u00e1s grande de Latinoam\u00e9rica soy Delegada,&nbsp;<strong>Concejo Internacional de Masaje y Spa<\/strong>&nbsp;CIMS M\u00e9xico y USA los represento,&nbsp;<strong>TERMATALIA<\/strong>&nbsp;soy Delegada de&nbsp;la \u00fanica feria termal talaso y spa del mundo, es de Espa\u00f1a Galicia Ourense se realiza anualmente, un a\u00f1o en Expourense y otro a\u00f1o en un pa\u00eds sede elegido de Am\u00e9rica&nbsp;,&nbsp;<strong>Orden del Camino de Santiago<\/strong>&nbsp;Espa\u00f1a Santiago de Compostela soy Comendadora, el gran&nbsp;<strong>Grupo Excelencias&nbsp;<\/strong>soy su Directora en Venezuela. <\/p>\n\n\n\n<h4 class=\"wp-block-heading\"><strong>\u00bfCu\u00e1l es tu mayor satisfacci\u00f3n como directora de Green Day Spa? <\/strong><\/h4>\n\n\n\n<p>Cuando el equipo de colaboradores, asistentes, terapeutas aprenden y realizan los protocolos trasmitidos de la marca y el participante se lleva esa sensaci\u00f3n de la experiencia bien vivida, les produce un cambio de conciencia, de ser merecedores de ese bienestar, que es un estilo que integraran a sus vidas para su salud y bienestar.<\/p>\n\n\n\n<h4 class=\"wp-block-heading\"><strong>\u00bfComo responsable de Spa, sos de recomendar tratamientos a tus clientes?<\/strong><\/h4>\n\n\n\n<div class=\"wp-block-image\"><figure class=\"alignleft\"><img decoding=\"async\" width=\"400\" height=\"300\" src=\"http:\/\/argentinatermal.com.ar\/wp-content\/uploads\/2019\/03\/22090071_1392437834187694_2822147587241442728_n.jpg\" alt=\"\" class=\"wp-image-2632\" srcset=\"https:\/\/argentinatermal.com.ar\/wp-content\/uploads\/2019\/03\/22090071_1392437834187694_2822147587241442728_n.jpg 400w, https:\/\/argentinatermal.com.ar\/wp-content\/uploads\/2019\/03\/22090071_1392437834187694_2822147587241442728_n-300x225.jpg 300w, https:\/\/argentinatermal.com.ar\/wp-content\/uploads\/2019\/03\/22090071_1392437834187694_2822147587241442728_n-80x60.jpg 80w, https:\/\/argentinatermal.com.ar\/wp-content\/uploads\/2019\/03\/22090071_1392437834187694_2822147587241442728_n-265x198.jpg 265w\" sizes=\"(max-width: 400px) 100vw, 400px\" \/><\/figure><\/div>\n\n\n\n<p>Cuando un participante llega al spa por primera vez, por lo general solicita informaci\u00f3n acerca de los tratamientos y protocolos que aqu\u00ed se imparten, es nuestro deber informarles de todos y cada uno de ellos, siendo un trato personalizado seg\u00fan los gustos y requerimientos, se deciden por uno u otro tratamiento,&nbsp;ya cuando son asiduos al spa se les lleva un record de sus preferencias. <\/p>\n\n\n\n<h4 class=\"wp-block-heading\"><strong>\u00bfCuanto de lo que se aprende en conferencias, congresos o ferias del sector aplicas a tus practicas? <\/strong><\/h4>\n\n\n\n<p>Siempre&nbsp;hay que estar actualizado en las \u00faltimas tendencias, los replanteamientos de spa, termas y talaso, estar vigente es una constante indetenible en este negocio, hoy en d\u00eda el p\u00fablico es culto, est\u00e1 muy bien informado de los servicios que desea y aun mayor de los que les gustan.<\/p>\n\n\n\n<h4 class=\"wp-block-heading\"><strong>\u00bfAparte de ser la directora de Green Day Spa que otras responsabilidades institucionales tienes??<\/strong><\/h4>\n\n\n\n<p>La principal responsabilidad es con la Asociaci\u00f3n&nbsp;Venezolana de Spa Termal y Talaso AVESPA y la necesidad de organizar el sector de Turismo de Salud y Bienestar para todos los que igual que yo ten\u00edan&nbsp;unidades de spa, vimos la apertura de un canal de comunicaci\u00f3n&nbsp; gubernamental&nbsp;con el Ministerio&nbsp;del Poder Popular para el Turismo MINTUR, y&nbsp;&nbsp;con otros entes privados relacionados como el Concejo Superior de Turismo CONSETURISMO, Asociaci\u00f3n&nbsp;de Agencias de Viajes AVAVIT, Asociaci\u00f3n&nbsp;de Hoteles Cinco Estrellas AVECINTEL entre otros. <\/p>\n\n\n\n<h4 class=\"wp-block-heading\"><strong>\u00bfQue nivel ocupa el turismo de salud y bienestar en Venezuela?<\/strong><\/h4>\n\n\n\n<figure class=\"wp-block-image\"><img decoding=\"async\" width=\"1024\" height=\"685\" src=\"http:\/\/argentinatermal.com.ar\/wp-content\/uploads\/2019\/03\/36042908489030c29d3fb-1024x685.jpg\" alt=\"\" class=\"wp-image-2633\" srcset=\"https:\/\/argentinatermal.com.ar\/wp-content\/uploads\/2019\/03\/36042908489030c29d3fb.jpg 1024w, https:\/\/argentinatermal.com.ar\/wp-content\/uploads\/2019\/03\/36042908489030c29d3fb-300x201.jpg 300w, https:\/\/argentinatermal.com.ar\/wp-content\/uploads\/2019\/03\/36042908489030c29d3fb-768x514.jpg 768w, https:\/\/argentinatermal.com.ar\/wp-content\/uploads\/2019\/03\/36042908489030c29d3fb-696x466.jpg 696w, https:\/\/argentinatermal.com.ar\/wp-content\/uploads\/2019\/03\/36042908489030c29d3fb-628x420.jpg 628w\" sizes=\"(max-width: 1024px) 100vw, 1024px\" \/><figcaption> <br><a rel=\"noreferrer noopener\" target=\"_blank\" href=\"https:\/\/www.google.com\/url?sa=i&amp;source=images&amp;cd=&amp;cad=rja&amp;uact=8&amp;ved=2ahUKEwiIwoT7tuzgAhX1K7kGHTQTAZMQjB16BAgBEAQ&amp;url=https%3A%2F%2Fandreadeleon.blogspot.com%2F2010%2F12%2Ffeliz-navidad-y-prospero-ano-nuevo-2011.html&amp;psig=AOvVaw0nKNgK1fhpnLJMnOmVpYZk&amp;ust=1551924273448764\">andreadeleon.blogspot.com<\/a> <\/figcaption><\/figure>\n\n\n\n<p>&nbsp;Venezuela es un\nreferente importante en materia de turismo de salud, sobre todo en el\ndesarrollo de nuevos establecimientos hoteleros con servicio de spa y otros\nespacios aliados a las bondades de la naturaleza con las aguas termales\nexistentes en el pa\u00eds.<\/p>\n\n\n\n<p>En Venezuela existen multitud de manantiales con aguas\ntermales, si bien s\u00f3lo una docena de ellos est\u00e1n desarrollados para su uso\ntur\u00edstico y terap\u00e9utico. El m\u00e1s conocido es el Centro Termal Las Trincheras, en\nel Estado de Carabobo. <\/p>\n\n\n\n<p>Las aguas minero-medicinales del complejo est\u00e1n indicadas\npara tratamientos en afecciones reum\u00e1ticas, digestivas, de la piel,\nrespiratorias ginecol\u00f3gicas y en afecciones del sistema neurovegetativo ya que\nestas aguas producen una gran relajaci\u00f3n. Destaca el investigador Roseliano\nOjeda que los ba\u00f1os en las aguas termales de las Trincheras son las segundas\nm\u00e1s calientes del mundo y las que tienen m\u00e1s contenido de fl\u00faor y s\u00edlice. Es\nfamoso adem\u00e1s por su tratamiento de lodoterapia.<\/p>\n\n\n\n<p>Otro centros termales de Venezuela son:<\/p>\n\n\n\n<p>\u2022&nbsp;&nbsp;&nbsp;&nbsp;&nbsp;&nbsp;&nbsp;&nbsp;&nbsp; Aguas\nTermales en Santa Apolonia, Estado M\u00e9rida. Con temperaturas desde 20 \u00b0C hasta\n53 \u00b0C.<\/p>\n\n\n\n<p>\u2022&nbsp;&nbsp;&nbsp;&nbsp;&nbsp;&nbsp;&nbsp;&nbsp;&nbsp; Aguas\ntermales de Ejido, Estado M\u00e9rida. Con temperaturas de 40 \u00b0C hasta 70 \u00b0C.<\/p>\n\n\n\n<p>\u2022&nbsp;&nbsp;&nbsp;&nbsp;&nbsp;&nbsp;&nbsp;&nbsp;&nbsp; Aguas\nTermales en Aguas Calientes, propiamente llamado as\u00ed un pueblito ubicado en la\ncarretera vieja entre Boca de Uchire y Clarines en el Estado Anzoategui.<\/p>\n\n\n\n<p>\u2022&nbsp;&nbsp;&nbsp;&nbsp;&nbsp;&nbsp;&nbsp;&nbsp;&nbsp; Aguas de\nMois\u00e9s, Estado Sucre, V\u00eda Cariaco\/Casanay Sector R\u00edo Azul. Con temperaturas de\n30 a 40 \u00b0C.<\/p>\n\n\n\n<p>\u2022&nbsp;&nbsp;&nbsp;&nbsp;&nbsp;&nbsp;&nbsp;&nbsp;&nbsp; Aguas Termales (EL PRINGUE) oscilan temperatura elevadas que alcanzan los 70\u00b0, estan ubicadas en Aguas Calientes Municipio Pedro Maria Ure\u00f1a Estado T\u00e1chira\u2022&nbsp;&nbsp;&nbsp;&nbsp;Aguas Termales entre Boqueron y Cambural, Zona Rural El Rinc\u00f3n &#8211; Puerto la Cruz &#8211; Edo Anzoategui.<\/p>\n\n\n\n<p>\u2022&nbsp;&nbsp;&nbsp;&nbsp;&nbsp;&nbsp;&nbsp;&nbsp;&nbsp; Aguas Termales de Mariara &#8211; Estado Carabobo.\u2022&nbsp;&nbsp;&nbsp;&nbsp;&nbsp;&nbsp;&nbsp;&nbsp;&nbsp; Aguas termales de San Juan de los Morros <\/p>\n\n\n\n<h4 class=\"wp-block-heading\"><strong>\u00bfCual es tu lugar preferido a la hora de descansar en tu casa? <\/strong><\/h4>\n\n\n\n<p>La sala de mi casa tiene un ventanal de seis metros con vista a una plaza llena de \u00e1rboles verdes perennes&nbsp;y a&nbsp;una imponente monta\u00f1a llamada cerro El \u00c1vila, un parque nacional pulm\u00f3n vegetal, actualmente le llaman \u201cWuaraira Repano\u201d de los etnia Caribe que significa \u201cSierra Grande\u201d o \u201cTierra de Dantas\u201d,&nbsp;&nbsp;ubicada en Caracas una ciudad en un hermoso valle varia de un punto a otro de 870 a 1.443&nbsp;<a rel=\"noreferrer noopener\" href=\"http:\/\/m.s.n.m.de\/\" target=\"_blank\">m.s.n.m.de<\/a>&nbsp;altura, con clima tropical de altura, 22\u00b0C de temperatura promedio, llegando a 32\u00b0C en verano, as\u00ed es todo el a\u00f1o.<\/p>\n\n\n\n<h4 class=\"wp-block-heading\"><strong>\u00bfPensas que las expectativas se fueron cumpliendo con el tiempo?<\/strong><\/h4>\n\n\n\n<p>Si me siento agradecida y bendecida, incre\u00edblemente Dios siempre me ha dado m\u00e1s de lo que yo le he pedido, el tiempo de \u00e9l es perfecto, lograr los objetivos con trabajo, dedicaci\u00f3n, constancia, amor y pasi\u00f3n por lo que hago en la vida.<\/p>\n\n\n\n<h4 class=\"wp-block-heading\"><strong>\u00bfGracias por la entrevista para Argentina Termal\u2026<\/strong><\/h4>\n\n\n\n<figure class=\"wp-block-image\"><img decoding=\"async\" width=\"845\" height=\"520\" src=\"http:\/\/argentinatermal.com.ar\/wp-content\/uploads\/2019\/03\/IMG_20180914_151327248.jpg\" alt=\"\" class=\"wp-image-2635\" srcset=\"https:\/\/argentinatermal.com.ar\/wp-content\/uploads\/2019\/03\/IMG_20180914_151327248.jpg 845w, https:\/\/argentinatermal.com.ar\/wp-content\/uploads\/2019\/03\/IMG_20180914_151327248-300x185.jpg 300w, https:\/\/argentinatermal.com.ar\/wp-content\/uploads\/2019\/03\/IMG_20180914_151327248-768x473.jpg 768w, https:\/\/argentinatermal.com.ar\/wp-content\/uploads\/2019\/03\/IMG_20180914_151327248-356x220.jpg 356w, https:\/\/argentinatermal.com.ar\/wp-content\/uploads\/2019\/03\/IMG_20180914_151327248-696x428.jpg 696w, https:\/\/argentinatermal.com.ar\/wp-content\/uploads\/2019\/03\/IMG_20180914_151327248-683x420.jpg 683w\" sizes=\"(max-width: 845px) 100vw, 845px\" \/><\/figure>\n\n\n\n<p>Fue muy agradable la entrevista, el haber compartido contigo Rolando S\u00e1nchez y con Argentina Termal de mi humilde aporte, un poco de lo que hacemos por el sector Turismo de Salud y Bienestar ac\u00e1 en Venezuela, para este gran sector junto a toda su\u00a0\u00a0linda gente involucrada, que crece indeteniblemente en todas partes del mundo, gracias a ustedes. <\/p>\n\n\n\n<p> <\/p>\n","protected":false},"excerpt":{"rendered":"<p>Ana Fern\u00e1ndez, nacida en Caracas, &nbsp;Empresaria, l\u00edder en Salud y bienestar, profesional dedicada al sector Spa, promotora de encuentros tur\u00edsticos donde la integraci\u00f3n de los conocimientos se hacen posibles. Desde sus inicios supo marcar un estilo ancestral el cual lo supo aprovechar marcando as\u00ed, un estilo de vida, buscando siempre la armon\u00eda y creando espacios [&hellip;]<\/p>\n","protected":false},"author":1,"featured_media":2636,"comment_status":"open","ping_status":"open","sticky":false,"template":"","format":"standard","meta":{"footnotes":""},"categories":[23,15,14],"tags":[],"class_list":["post-2627","post","type-post","status-publish","format-standard","has-post-thumbnail","hentry","category-entrevistas","category-turismo-de-bienestar","category-turismo-salud"],"_links":{"self":[{"href":"https:\/\/argentinatermal.com.ar\/index.php?rest_route=\/wp\/v2\/posts\/2627","targetHints":{"allow":["GET"]}}],"collection":[{"href":"https:\/\/argentinatermal.com.ar\/index.php?rest_route=\/wp\/v2\/posts"}],"about":[{"href":"https:\/\/argentinatermal.com.ar\/index.php?rest_route=\/wp\/v2\/types\/post"}],"author":[{"embeddable":true,"href":"https:\/\/argentinatermal.com.ar\/index.php?rest_route=\/wp\/v2\/users\/1"}],"replies":[{"embeddable":true,"href":"https:\/\/argentinatermal.com.ar\/index.php?rest_route=%2Fwp%2Fv2%2Fcomments&post=2627"}],"version-history":[{"count":6,"href":"https:\/\/argentinatermal.com.ar\/index.php?rest_route=\/wp\/v2\/posts\/2627\/revisions"}],"predecessor-version":[{"id":2646,"href":"https:\/\/argentinatermal.com.ar\/index.php?rest_route=\/wp\/v2\/posts\/2627\/revisions\/2646"}],"wp:featuredmedia":[{"embeddable":true,"href":"https:\/\/argentinatermal.com.ar\/index.php?rest_route=\/wp\/v2\/media\/2636"}],"wp:attachment":[{"href":"https:\/\/argentinatermal.com.ar\/index.php?rest_route=%2Fwp%2Fv2%2Fmedia&parent=2627"}],"wp:term":[{"taxonomy":"category","embeddable":true,"href":"https:\/\/argentinatermal.com.ar\/index.php?rest_route=%2Fwp%2Fv2%2Fcategories&post=2627"},{"taxonomy":"post_tag","embeddable":true,"href":"https:\/\/argentinatermal.com.ar\/index.php?rest_route=%2Fwp%2Fv2%2Ftags&post=2627"}],"curies":[{"name":"wp","href":"https:\/\/api.w.org\/{rel}","templated":true}]}}