{"id":2662,"date":"2019-03-12T18:38:23","date_gmt":"2019-03-12T21:38:23","guid":{"rendered":"http:\/\/argentinatermal.com.ar\/?p=2662"},"modified":"2019-03-12T18:38:25","modified_gmt":"2019-03-12T21:38:25","slug":"mendoza-santiago-y-entre-rios-proponen-legislar-el-uso-terapeutico-de-aguas-termales","status":"publish","type":"post","link":"https:\/\/argentinatermal.com.ar\/?p=2662","title":{"rendered":"MENDOZA: Santiago y Entre R\u00edos proponen legislar el uso terap\u00e9utico de aguas termales"},"content":{"rendered":"\n<p class=\"has-drop-cap\">El uso terap\u00e9utico de las aguas termales y su legislaci\u00f3n nacional fue uno de los temas tratados en la Asamblea del Consejo Federal de Turismo que se realiz\u00f3 este martes en la ciudad de Mendoza.<br>La propuesta fue realizada en conjunto por la Secretaria de Turismo de Entre R\u00edos, Carolina Gaillard y el Subsecretario de Turismo de Santiago del Estero, Ricardo Sosa, \u00abpara otorgar un beneficio social a los adultos mayores y a la vez seguir fomentando la importancia de las aguas termales, m\u00e1s all\u00e1 del bienestar y la recreaci\u00f3n\u00bb.<\/p>\n\n\n\n<p>Durante la presentaci\u00f3n, Gaillard remarc\u00f3 la existencia de un proyecto de ley en el Congreso de la Naci\u00f3n referido a este tema, donde se establece que las obras sociales y las prepagas tengan derechos y obligaciones para posibilitar que sus afiliados puedan acceder a destinos termales para uso terap\u00e9utico.<\/p>\n\n\n\n<figure class=\"wp-block-image\"><img decoding=\"async\" width=\"960\" height=\"517\" src=\"http:\/\/argentinatermal.com.ar\/wp-content\/uploads\/2019\/03\/54279374_2258337747827283_6208616689429381120_n.jpg\" alt=\"\" class=\"wp-image-2663\" srcset=\"https:\/\/argentinatermal.com.ar\/wp-content\/uploads\/2019\/03\/54279374_2258337747827283_6208616689429381120_n.jpg 960w, https:\/\/argentinatermal.com.ar\/wp-content\/uploads\/2019\/03\/54279374_2258337747827283_6208616689429381120_n-300x162.jpg 300w, https:\/\/argentinatermal.com.ar\/wp-content\/uploads\/2019\/03\/54279374_2258337747827283_6208616689429381120_n-768x414.jpg 768w, https:\/\/argentinatermal.com.ar\/wp-content\/uploads\/2019\/03\/54279374_2258337747827283_6208616689429381120_n-696x375.jpg 696w, https:\/\/argentinatermal.com.ar\/wp-content\/uploads\/2019\/03\/54279374_2258337747827283_6208616689429381120_n-780x420.jpg 780w\" sizes=\"(max-width: 960px) 100vw, 960px\" \/><figcaption> <br>Por su parte, Sosa record\u00f3 que este tema \u00abse trat\u00f3 oportunamente en septiembre de 2018 en ocasi\u00f3n de realizarse la Feria Termatalia en Foz Do Iguaz\u00fa (Brasil); adem\u00e1s en enero pasado, en Madrid, la Provincia de Santiago del Estero firm\u00f3 convenios de suma importancia con el Cluster de Turismo Salud de Espa\u00f1a y el Cluster de Turismo de Galicia, con el s\u00f3lo objetivo de potenciar los conocimientos relacionados al beneficio que otorga el uso terap\u00e9utico de las aguas termales\u00bb.<br>El funcionario Santiague\u00f1o tambi\u00e9n solicit\u00f3 a la Secretar\u00eda de Turismo de la Naci\u00f3n la puesta en pr\u00e1ctica de un Plan de Marketing de Turismo Bienestar, mientras que el Secretario de Turismo de la Naci\u00f3n, Gustavo Santos, coincidi\u00f3 con Sosa y ampli\u00f3 la visi\u00f3n para incluir a la talasoterapia, teniendo en cuenta las extensiones de la costa Argentina. <\/figcaption><\/figure>\n\n\n\n<p>En lo institucional, durante la asamblea asumi\u00f3 como nuevo Presidente del Consejo Federal de Turismo, el Ministro de Turismo de Misiones, Jos\u00e9 Mar\u00eda Arr\u00faa, ademas se analizaron las acciones a seguir en lo referente al turismo aventura y alojamientos ofrecidos por plataformas digitales. Tambi\u00e9n se adelant\u00f3 la realizaci\u00f3n de talleres inform\u00e1ticos con las nuevas resolucones para transportes de uso tur\u00edstico.<\/p>\n\n\n\n<p>Estuvieron presentes 22 representantes de provincias Argentinas, ademas del gabinete de funcionarios de la Secretar\u00eda de Turismo de la Naci\u00f3n.<\/p>\n\n\n\n<h4 class=\"wp-block-heading\"><a href=\"https:\/\/bit.ly\/2UwKdda\">Fuente: https:\/\/bit.ly\/2UwKdda<\/a><\/h4>\n","protected":false},"excerpt":{"rendered":"<p>El uso terap\u00e9utico de las aguas termales y su legislaci\u00f3n nacional fue uno de los temas tratados en la Asamblea del Consejo Federal de Turismo que se realiz\u00f3 este martes en la ciudad de Mendoza.La propuesta fue realizada en conjunto por la Secretaria de Turismo de Entre R\u00edos, Carolina Gaillard y el Subsecretario de Turismo [&hellip;]<\/p>\n","protected":false},"author":1,"featured_media":2664,"comment_status":"open","ping_status":"open","sticky":false,"template":"","format":"standard","meta":{"footnotes":""},"categories":[7],"tags":[],"class_list":["post-2662","post","type-post","status-publish","format-standard","has-post-thumbnail","hentry","category-argentina"],"_links":{"self":[{"href":"https:\/\/argentinatermal.com.ar\/index.php?rest_route=\/wp\/v2\/posts\/2662","targetHints":{"allow":["GET"]}}],"collection":[{"href":"https:\/\/argentinatermal.com.ar\/index.php?rest_route=\/wp\/v2\/posts"}],"about":[{"href":"https:\/\/argentinatermal.com.ar\/index.php?rest_route=\/wp\/v2\/types\/post"}],"author":[{"embeddable":true,"href":"https:\/\/argentinatermal.com.ar\/index.php?rest_route=\/wp\/v2\/users\/1"}],"replies":[{"embeddable":true,"href":"https:\/\/argentinatermal.com.ar\/index.php?rest_route=%2Fwp%2Fv2%2Fcomments&post=2662"}],"version-history":[{"count":1,"href":"https:\/\/argentinatermal.com.ar\/index.php?rest_route=\/wp\/v2\/posts\/2662\/revisions"}],"predecessor-version":[{"id":2665,"href":"https:\/\/argentinatermal.com.ar\/index.php?rest_route=\/wp\/v2\/posts\/2662\/revisions\/2665"}],"wp:featuredmedia":[{"embeddable":true,"href":"https:\/\/argentinatermal.com.ar\/index.php?rest_route=\/wp\/v2\/media\/2664"}],"wp:attachment":[{"href":"https:\/\/argentinatermal.com.ar\/index.php?rest_route=%2Fwp%2Fv2%2Fmedia&parent=2662"}],"wp:term":[{"taxonomy":"category","embeddable":true,"href":"https:\/\/argentinatermal.com.ar\/index.php?rest_route=%2Fwp%2Fv2%2Fcategories&post=2662"},{"taxonomy":"post_tag","embeddable":true,"href":"https:\/\/argentinatermal.com.ar\/index.php?rest_route=%2Fwp%2Fv2%2Ftags&post=2662"}],"curies":[{"name":"wp","href":"https:\/\/api.w.org\/{rel}","templated":true}]}}