{"id":2686,"date":"2019-03-18T16:07:19","date_gmt":"2019-03-18T19:07:19","guid":{"rendered":"http:\/\/argentinatermal.com.ar\/?p=2686"},"modified":"2019-03-18T16:07:21","modified_gmt":"2019-03-18T19:07:21","slug":"termatalia-2019-continua-su-promocion-internacional-en-la-btl-de-lisboa","status":"publish","type":"post","link":"https:\/\/argentinatermal.com.ar\/?p=2686","title":{"rendered":"Termatalia 2019 contin\u00faa su promoci\u00f3n internacional en la BTL de Lisboa"},"content":{"rendered":"\n<h4 class=\"wp-block-heading\">&gt;&gt; El stand de Turismo Porto e Norte acogi\u00f3 la presentaci\u00f3n de la pr\u00f3xima edici\u00f3n de la Feria Internacional del Turismo Termal, Salud y Bienestar regresa a Europa y se celebrar\u00e1 en Ourense (Galicia-Espa\u00f1a) entre los d\u00edas 18 y 21 de septiembre<br>&gt;&gt;Cont\u00f3 con la participaci\u00f3n del presidente de Porto e Norte, Luis Pedro Martins, y del secretario de Turismo de Foz do Igua\u00e7u, Gilmar Piolla, ya que Brasil participar\u00e1 como pa\u00eds invitado<\/h4>\n\n\n\n<p class=\"has-text-color has-drop-cap has-very-dark-gray-color\"> Termatalia 2019 contin\u00faa su intensa campa\u00f1a de promoci\u00f3n en Europa estando presentes en los principales foros internacionales de turismo. Despu\u00e9s de las presentaciones de FITUR de Madrid y de la IBT de Berl\u00edn, Termatalia fue presentada ayer en la BTL de Lisboa, la Feria Internacional de Turismo m\u00e1s importante de Portugal. El director de la feria, Alejandro Rub\u00edn, y la directora de Relaciones Internacionales, Emma Gonz\u00e1lez, presentaron las novedades de la pr\u00f3xima edici\u00f3n que se celebrar\u00e1 Ourense, su sede en Europa, entre el 18 y el 21 de septiembre.\u00a0<br>El lugar elegido para este acto fue un a\u00f1o m\u00e1s el stand de la Entidad de Turismo Porto e Norte, principal socio estrat\u00e9gico de Termatalia en Portugal. El presidente de Porto e Norte, Luis Pedro Martins, ejerci\u00f3 de anfitri\u00f3n en este acto al que asistieron empresarios y profesionales del sector de turismo de salud de Portugal y medios de comunicaci\u00f3n. Esta presentaci\u00f3n cont\u00f3 tambi\u00e9n la participaci\u00f3n del secretario de Turismo de Foz do Igua\u00e7u, Gilmar Piolla, representando a Brasil que ser\u00e1 el pa\u00eds invitado en Termatalia 2019. Piolla indic\u00f3 que la celebraci\u00f3n de Termatalia Brasil 2018 \u201csupuso para Foz do Igua\u00e7u un antes y un despu\u00e9s en su promoci\u00f3n internacional como destino de turismo de salud\u201d.\u00a0<br>Termatalia estuvo acompa\u00f1ada por importantes representantes institucionales del pa\u00eds y empresarios del sector del turismo. Participaron en esta presentaci\u00f3n adem\u00e1s el coordinador de Termas Centro, Adriano Barreto; el director del turoperador Yu Travel, Jes\u00fas Ares; o el director general de la Fundaci\u00f3n Semana Verde de Galicia, Ricardo Dur\u00e1n. Asistieron a esta presentaci\u00f3n representantes de c\u00e1maras municipales vinculadas a Termatalia de varias partes de Portugal como es el caso de Chaves o Lamego. Tambi\u00e9n estuvo presente el delegado de Termatalia para el Norte de Portugal, Antonio Garc\u00eda. En esta presentaci\u00f3n qued\u00f3 patente una vez m\u00e1s los grandes valores de la feria que la posicionan a nivel mundial: \u201cel capital relacional, el conocimiento y el negocio\u201d. Este acto sirvi\u00f3 adem\u00e1s para presentar a las empresas portuguesas las oportunidades de participar en Termatalia 2019.<br>Durante la estancia en la BTL de Lisboa tambi\u00e9n se realizaron encuentros con representantes del turismo de otras zonas de Portugal como Termas Centro, as\u00ed como el encuentro con el presidente de la Associa\u00e7ao das Termas de Portugal, Victor Leal.<br>Termatalia sirve tambi\u00e9n el punto de encuentro y promoci\u00f3n de los principales destinos termales del pa\u00eds luso como las Islas Azores y de las instituciones que los promueven como la Associa\u00e7ao Termas de Portugal o la Entidad Regional de Turismo Porto e Norte, todos ellos habituales expositores y colaboradores de la feria. Es un pa\u00eds que apuesta por el termalismo y por su internacionalizaci\u00f3n, confiando en el efecto llamada del \u201cTurismo de salud\u201d y en su papel como dinamizador del turismo interno y externo.\u00a0<br>De hecho, ha estado presente en todas las ediciones de Termatalia, ya que los pa\u00edses que cada a\u00f1o participan en esta cita son mercados estrat\u00e9gicos para consolidar a Portugal como destino termal de calidad. Sus centros termales cuentan con gran diversidad de equipamientos, infraestructuras y tratamientos de calidad y trabajan para posicionar el producto \u201csalud y bienestar\u201d como prioritario en su campa\u00f1a tur\u00edstica, una promoci\u00f3n que se complementa con otros atractivos como su gastronom\u00eda o su paisaje. La presencia portuguesa en Termatalia abarca de Norte a Sur destacando como expositores habituales: Turismo Porto e Norte; Turismo Centro y Termas Centro y la C\u00e1mara Municipal de Monchique (ubicada al sur en el Algarve), adem\u00e1s de la Asociaci\u00f3n de Ternas de Portugal (ATP) que representan a todo el pa\u00eds. <\/p>\n\n\n\n<p>Fuente: <a href=\"https:\/\/bit.ly\/2Obm4qe\">https:\/\/bit.ly\/2Obm4qe<\/a><\/p>\n\n\n\n<figure class=\"wp-block-image\"><img decoding=\"async\" width=\"1024\" height=\"215\" src=\"http:\/\/argentinatermal.com.ar\/wp-content\/uploads\/2019\/03\/www.argentinatermal.com_.ar-1-2-1024x215.jpg\" alt=\"\" class=\"wp-image-2687\" srcset=\"https:\/\/argentinatermal.com.ar\/wp-content\/uploads\/2019\/03\/www.argentinatermal.com_.ar-1-2-1024x215.jpg 1024w, https:\/\/argentinatermal.com.ar\/wp-content\/uploads\/2019\/03\/www.argentinatermal.com_.ar-1-2-300x63.jpg 300w, https:\/\/argentinatermal.com.ar\/wp-content\/uploads\/2019\/03\/www.argentinatermal.com_.ar-1-2-768x161.jpg 768w, https:\/\/argentinatermal.com.ar\/wp-content\/uploads\/2019\/03\/www.argentinatermal.com_.ar-1-2-696x146.jpg 696w, https:\/\/argentinatermal.com.ar\/wp-content\/uploads\/2019\/03\/www.argentinatermal.com_.ar-1-2-1068x224.jpg 1068w, https:\/\/argentinatermal.com.ar\/wp-content\/uploads\/2019\/03\/www.argentinatermal.com_.ar-1-2-2003x420.jpg 2003w\" sizes=\"(max-width: 1024px) 100vw, 1024px\" \/><\/figure>\n","protected":false},"excerpt":{"rendered":"<p>&gt;&gt; El stand de Turismo Porto e Norte acogi\u00f3 la presentaci\u00f3n de la pr\u00f3xima edici\u00f3n de la Feria Internacional del Turismo Termal, Salud y Bienestar regresa a Europa y se celebrar\u00e1 en Ourense (Galicia-Espa\u00f1a) entre los d\u00edas 18 y 21 de septiembre&gt;&gt;Cont\u00f3 con la participaci\u00f3n del presidente de Porto e Norte, Luis Pedro Martins, y [&hellip;]<\/p>\n","protected":false},"author":1,"featured_media":2689,"comment_status":"open","ping_status":"open","sticky":false,"template":"","format":"standard","meta":{"footnotes":""},"categories":[12,16,15,14],"tags":[],"class_list":["post-2686","post","type-post","status-publish","format-standard","has-post-thumbnail","hentry","category-internacionales","category-medicina-termal","category-turismo-de-bienestar","category-turismo-salud"],"_links":{"self":[{"href":"https:\/\/argentinatermal.com.ar\/index.php?rest_route=\/wp\/v2\/posts\/2686","targetHints":{"allow":["GET"]}}],"collection":[{"href":"https:\/\/argentinatermal.com.ar\/index.php?rest_route=\/wp\/v2\/posts"}],"about":[{"href":"https:\/\/argentinatermal.com.ar\/index.php?rest_route=\/wp\/v2\/types\/post"}],"author":[{"embeddable":true,"href":"https:\/\/argentinatermal.com.ar\/index.php?rest_route=\/wp\/v2\/users\/1"}],"replies":[{"embeddable":true,"href":"https:\/\/argentinatermal.com.ar\/index.php?rest_route=%2Fwp%2Fv2%2Fcomments&post=2686"}],"version-history":[{"count":1,"href":"https:\/\/argentinatermal.com.ar\/index.php?rest_route=\/wp\/v2\/posts\/2686\/revisions"}],"predecessor-version":[{"id":2688,"href":"https:\/\/argentinatermal.com.ar\/index.php?rest_route=\/wp\/v2\/posts\/2686\/revisions\/2688"}],"wp:featuredmedia":[{"embeddable":true,"href":"https:\/\/argentinatermal.com.ar\/index.php?rest_route=\/wp\/v2\/media\/2689"}],"wp:attachment":[{"href":"https:\/\/argentinatermal.com.ar\/index.php?rest_route=%2Fwp%2Fv2%2Fmedia&parent=2686"}],"wp:term":[{"taxonomy":"category","embeddable":true,"href":"https:\/\/argentinatermal.com.ar\/index.php?rest_route=%2Fwp%2Fv2%2Fcategories&post=2686"},{"taxonomy":"post_tag","embeddable":true,"href":"https:\/\/argentinatermal.com.ar\/index.php?rest_route=%2Fwp%2Fv2%2Ftags&post=2686"}],"curies":[{"name":"wp","href":"https:\/\/api.w.org\/{rel}","templated":true}]}}