{"id":2690,"date":"2019-03-19T13:06:42","date_gmt":"2019-03-19T16:06:42","guid":{"rendered":"http:\/\/argentinatermal.com.ar\/?p=2690"},"modified":"2019-03-19T13:23:45","modified_gmt":"2019-03-19T16:23:45","slug":"vi-congreso-iberoamericano-de-peloides-del-03-al-06-de-abril-2019-termas-de-copahue-neuquen-patagonia-argentina","status":"publish","type":"post","link":"https:\/\/argentinatermal.com.ar\/?p=2690","title":{"rendered":"VI CONGRESO IBEROAMERICANO DE PELOIDES del 03 al 06 de Abril 2019 \u2013 Termas de Copahue &#8211; Neuqu\u00e9n \u2013 Patagonia Argentina"},"content":{"rendered":"\n<ul class=\"wp-block-list\"><li><em>Organizadores:&nbsp; Provincia del Neuqu\u00e9n, a trav\u00e9s del Ente Provincial de Termas , Sociedad Espa\u00f1ola de Peloides Termales, Sociedad Iberoamericana de Peloides, y la Universidad Nacional del Comahue -UNCOMA.<\/em><\/li><li><em>Fecha: 03 al 06 de Abril de 2019<\/em><\/li><\/ul>\n\n\n\n<h4 class=\"wp-block-heading\">Objetivos<\/h4>\n\n\n\n<p style=\"text-align:left\" class=\"has-drop-cap\">Promover y difundir los estudios e investigaciones relacionados con las aguas mineromedicinales y especialmente sus derivados, los peloides (fangos termales medicinales) y sus aplicaciones en los campos de la salud,&nbsp; cosm\u00e9tica, seguridad e higiene, bacteriolog\u00eda y microbiologia, econom\u00eda,&nbsp; sociolog\u00eda, qu\u00edmica, f\u00edsica, las ciencias naturales, geolog\u00eda,&nbsp; arquitectura, &nbsp;ingenier\u00eda, turismo o cualquier otra disciplina o actividad cient\u00edfica relacionados directa o indirectamente con la actividad hidrotermal, que se desarrollan a nivel nacional e internacional. <\/p>\n\n\n\n<h4 class=\"wp-block-heading\">Especificos<\/h4>\n\n\n\n<p><em>&nbsp;<\/em>Difundir la actividad hidrotermal con el fin de fomentar la colaboraci\u00f3n entre las distintas organizaciones involucradas en esta actividad.<\/p>\n\n\n\n<ul class=\"wp-block-list\"><li>Crear &nbsp;un espacio de\nintercambio y construcci\u00f3n a partir de los conocimientos cient\u00edficos que cada\ndisertante aporte.<\/li><li>Promover la participaci\u00f3n\n&nbsp;de profesionales, t\u00e9cnicos e interesados en la tem\u00e1tica, facilitando el\nacceso a los avances cient\u00edficos y tecnol\u00f3gicos. &nbsp;<\/li><li>Propiciar la organizaci\u00f3n de un\nprograma post congreso en Copahue para aumentar el conocimiento acerca de este\ncentro Termal&nbsp; y las diferentes t\u00e9cnicas\nhidrotermales y programas que este centro ofrece<\/li><li>Colaborar con el desarrollo de\nun marco jur\u00eddico regional, nacional e internacional para la clasificaci\u00f3n de\nlas termas, encaminado a proteger el patrimonio termal, regular el uso y\naprovechamiento de los recursos, en el que se reconozca la posici\u00f3n y la\nfunci\u00f3n del personal especializado termal en todos los niveles.&nbsp;<\/li><li>Fomentar con este congreso la\nformaci\u00f3n en beneficio de la sociedad y de sus miembros, con miras a la\ninnovaci\u00f3n t\u00e9cnica en el campo de la medicina termal.<\/li><li>Contribuir con el desarrollo\necon\u00f3mico alrededor del turismo de Bienestar y Salud.<\/li><li>El Congreso est\u00e1 destinado a investigadores, centros de investigaci\u00f3n, profesionales del \u00e1mbito de la actividad termal y equipos profesionales tanto de instituciones p\u00fablicas como privadas, docentes universitarios, tambi\u00e9n a estudiantes e investigadores en proceso de formaci\u00f3n cient\u00edfica, tanto del pa\u00eds como del exterior.<\/li><\/ul>\n\n\n\n<p>Al ser un congreso que abarca\nm\u00faltiples disciplinas est\u00e1n invitados, ge\u00f3logos, ge\u00f3grafos, m\u00e9dicos de diversas\nespecialidades (dermat\u00f3logos, reumat\u00f3logos, neum\u00f3logos, otorrinos, pediatras,\nneur\u00f3logos, rehabilitadores, ginec\u00f3logos), Veterinarios, Ingenieros de diversas\nramas (qu\u00edmicos, industriales, etc) Farmac\u00e9uticos; Bi\u00f3logos, licenciados en\nKinesiolog\u00eda, Enfermeros, Biotecn\u00f3logos, Afines a la salud, medio ambiente y\nTurismo.<\/p>\n\n\n\n<h4 class=\"wp-block-heading\">Ejes tem\u00e1ticos<\/h4>\n\n\n\n<h4 class=\"wp-block-heading\">Generales<\/h4>\n\n\n\n<ul class=\"wp-block-list\"><li>Arcillas y turbas en las\npreparaci\u00f3n de los peloides<\/li><li>Aguas mineromedicinales y\npeloides<\/li><li>Evidencias m\u00e9dicas y avances\ncl\u00ednicos de los beneficios de los peloides<\/li><li>Experiencia en los centros\ntermales con peloides propios<\/li><li>Empleo medicinal de turbas arcillas\ny minerales<\/li><li>componentes biol\u00f3gicos en\npeloides<\/li><li>Materia org\u00e1nica presente en\nlos peloides.<\/li><li>mecanismos de acci\u00f3n de los\nPeloides<\/li><li>Peloides en dermocosm\u00e9tica<\/li><li>Propiedades termof\u00edsicas de los\nPeloides<\/li><li>Procesos de maduraci\u00f3n en\nPeloterapia<\/li><li>Miscelanea<\/li><\/ul>\n\n\n\n<h4 class=\"wp-block-heading\"><strong>Especiales<\/strong><\/h4>\n\n\n\n<ul class=\"wp-block-list\"><li>Pol\u00edticas y leyes en el termalismo<\/li><li>Aguas mineromedicinales y sus usos terap\u00e9uticos.<\/li><li>Turismo de SALUD y BIENESTAR<\/li><\/ul>\n\n\n\n<h4 class=\"wp-block-heading\">Disertantes Invitados<\/h4>\n\n\n\n<p>Son todos destacados profesionales de diferentes pa\u00edses como Portugal, Espa\u00f1a, Francia, Chile, Turqu\u00eda, Cuba y Argentina. <\/p>\n\n\n\n<h4 class=\"wp-block-heading\">Mas informaci\u00f3n e inscripciones<\/h4>\n\n\n\n<p><strong><em> <\/em><\/strong><a rel=\"noreferrer noopener\" aria-label=\" (abre en una nueva pesta\u00f1a)\" href=\"http:\/\/www.cibapnqn2019.com\/\" target=\"_blank\">http:\/\/www.cibapnqn2019.com\/<\/a><\/p>\n\n\n\n<figure class=\"wp-block-image\"><img decoding=\"async\" width=\"1024\" height=\"215\" src=\"http:\/\/argentinatermal.com.ar\/wp-content\/uploads\/2019\/03\/www.argentinatermal.com_.ar-1-3-1024x215.jpg\" alt=\"\" class=\"wp-image-2692\" srcset=\"https:\/\/argentinatermal.com.ar\/wp-content\/uploads\/2019\/03\/www.argentinatermal.com_.ar-1-3-1024x215.jpg 1024w, https:\/\/argentinatermal.com.ar\/wp-content\/uploads\/2019\/03\/www.argentinatermal.com_.ar-1-3-300x63.jpg 300w, https:\/\/argentinatermal.com.ar\/wp-content\/uploads\/2019\/03\/www.argentinatermal.com_.ar-1-3-768x161.jpg 768w, https:\/\/argentinatermal.com.ar\/wp-content\/uploads\/2019\/03\/www.argentinatermal.com_.ar-1-3-696x146.jpg 696w, https:\/\/argentinatermal.com.ar\/wp-content\/uploads\/2019\/03\/www.argentinatermal.com_.ar-1-3-1068x224.jpg 1068w, https:\/\/argentinatermal.com.ar\/wp-content\/uploads\/2019\/03\/www.argentinatermal.com_.ar-1-3-2003x420.jpg 2003w\" sizes=\"(max-width: 1024px) 100vw, 1024px\" \/><\/figure>\n","protected":false},"excerpt":{"rendered":"<p>Organizadores:&nbsp; Provincia del Neuqu\u00e9n, a trav\u00e9s del Ente Provincial de Termas , Sociedad Espa\u00f1ola de Peloides Termales, Sociedad Iberoamericana de Peloides, y la Universidad Nacional del Comahue -UNCOMA. Fecha: 03 al 06 de Abril de 2019 Objetivos Promover y difundir los estudios e investigaciones relacionados con las aguas mineromedicinales y especialmente sus derivados, los peloides [&hellip;]<\/p>\n","protected":false},"author":1,"featured_media":2691,"comment_status":"open","ping_status":"open","sticky":false,"template":"","format":"standard","meta":{"footnotes":""},"categories":[7,16,21,15,14,22,17],"tags":[],"class_list":["post-2690","post","type-post","status-publish","format-standard","has-post-thumbnail","hentry","category-argentina","category-medicina-termal","category-patagonia","category-turismo-de-bienestar","category-turismo-salud","category-turismo-sostenible","category-turismo-termal"],"_links":{"self":[{"href":"https:\/\/argentinatermal.com.ar\/index.php?rest_route=\/wp\/v2\/posts\/2690","targetHints":{"allow":["GET"]}}],"collection":[{"href":"https:\/\/argentinatermal.com.ar\/index.php?rest_route=\/wp\/v2\/posts"}],"about":[{"href":"https:\/\/argentinatermal.com.ar\/index.php?rest_route=\/wp\/v2\/types\/post"}],"author":[{"embeddable":true,"href":"https:\/\/argentinatermal.com.ar\/index.php?rest_route=\/wp\/v2\/users\/1"}],"replies":[{"embeddable":true,"href":"https:\/\/argentinatermal.com.ar\/index.php?rest_route=%2Fwp%2Fv2%2Fcomments&post=2690"}],"version-history":[{"count":7,"href":"https:\/\/argentinatermal.com.ar\/index.php?rest_route=\/wp\/v2\/posts\/2690\/revisions"}],"predecessor-version":[{"id":2704,"href":"https:\/\/argentinatermal.com.ar\/index.php?rest_route=\/wp\/v2\/posts\/2690\/revisions\/2704"}],"wp:featuredmedia":[{"embeddable":true,"href":"https:\/\/argentinatermal.com.ar\/index.php?rest_route=\/wp\/v2\/media\/2691"}],"wp:attachment":[{"href":"https:\/\/argentinatermal.com.ar\/index.php?rest_route=%2Fwp%2Fv2%2Fmedia&parent=2690"}],"wp:term":[{"taxonomy":"category","embeddable":true,"href":"https:\/\/argentinatermal.com.ar\/index.php?rest_route=%2Fwp%2Fv2%2Fcategories&post=2690"},{"taxonomy":"post_tag","embeddable":true,"href":"https:\/\/argentinatermal.com.ar\/index.php?rest_route=%2Fwp%2Fv2%2Ftags&post=2690"}],"curies":[{"name":"wp","href":"https:\/\/api.w.org\/{rel}","templated":true}]}}