{"id":2712,"date":"2019-03-20T09:39:34","date_gmt":"2019-03-20T12:39:34","guid":{"rendered":"http:\/\/argentinatermal.com.ar\/?p=2712"},"modified":"2019-03-20T09:45:02","modified_gmt":"2019-03-20T12:45:02","slug":"el-rey-de-espana-felipe-vi-preside-un-ano-mas-el-comite-de-honor-de-termatalia-2019","status":"publish","type":"post","link":"https:\/\/argentinatermal.com.ar\/?p=2712","title":{"rendered":"El Rey de Espa\u00f1a, Felipe VI, preside un a\u00f1o m\u00e1s el Comit\u00e9 de Honor de Termatalia 2019"},"content":{"rendered":"\n<h4 class=\"wp-block-heading\">&gt;&gt; Tras su \u00faltima edici\u00f3n en Foz do Igua\u00e7u en Brasil, la Feria Internacional del Turismo Termal, Salud y Bienestar regresa a Europa y se celebrar\u00e1 en Ourense entre el 18 y el 21 de septiembre<\/h4>\n\n\n\n<p class=\"has-drop-cap\">Su Majestad el Rey de Espa\u00f1a, Don Felipe VI, presidir\u00e1 el Comit\u00e9 de Honor de Termatalia 2019 que se celebrar\u00e1 en Ourense entre el 18 y el 21 de septiembre. Esta aceptaci\u00f3n avala un a\u00f1o m\u00e1s la trayectoria de la Feria Internacional de Turismo Termal, Salud y Bienestar y la posiciona como un proyecto de inter\u00e9s general para la sociedad al promover la Cultura del Agua y su aprovechamiento sostenible, al tiempo que genera nuevas oportunidades de negocio para las empresas espa\u00f1olas y latinoamericanas ya que la feria se ha posicionado como todo un ejemplo de cooperaci\u00f3n p\u00fablico-privada en Iberoam\u00e9rica. Con su aceptaci\u00f3n a formar parte de este proyecto, la Casa del Rey ratifica su apoyo una vez m\u00e1s a esta cita, presidiendo el comit\u00e9 de honor a\u00f1o tras a\u00f1o desde que era Pr\u00edncipe de Asturias y que ha continuado haciendo ahora en su papel de monarca.<\/p>\n\n\n\n<div class=\"wp-block-image\"><figure class=\"aligncenter is-resized\"><img decoding=\"async\" src=\"http:\/\/argentinatermal.com.ar\/wp-content\/uploads\/2019\/03\/R3GjvJ4-1.jpg\" alt=\"\" class=\"wp-image-2718\" width=\"435\" height=\"615\" srcset=\"https:\/\/argentinatermal.com.ar\/wp-content\/uploads\/2019\/03\/R3GjvJ4-1.jpg 565w, https:\/\/argentinatermal.com.ar\/wp-content\/uploads\/2019\/03\/R3GjvJ4-1-212x300.jpg 212w, https:\/\/argentinatermal.com.ar\/wp-content\/uploads\/2019\/03\/R3GjvJ4-1-297x420.jpg 297w\" sizes=\"(max-width: 435px) 100vw, 435px\" \/><\/figure><\/div>\n\n\n\n<p>El auge que est\u00e1 viviendo el termalismo como actividad econ\u00f3mica, tur\u00edstica y sanitaria, conlleva a la necesidad de implicar a estamentos p\u00fablicos y privados. Este hecho llevar\u00e1 un a\u00f1o m\u00e1s a la organizaci\u00f3n de TERMATALIA a hacer part\u00edcipes de este proyecto a distintas instituciones p\u00fablicas nacionales y auton\u00f3micas relacionadas con el sector del turismo de salud.\u00a0<br>Termatalia cuenta con el Sello de Internacionalidad concedido por el Ministerio de Industria, Comercio y Turismo del Gobierno de Espa\u00f1a. En lo que respecta a sus ediciones en Am\u00e9rica Latina, se han sucedido los reconocimientos y apoyos de los distintos estados y pa\u00edses que fueron sede. Celebr\u00f3 su \u00faltima edici\u00f3n en 2018 en Foz do Igua\u00e7u, Brasil, contando con el apoyo de los principales agentes del turismo p\u00fablicos y privados del pa\u00eds y estuvo presidida por el ministro de Turismo brasile\u00f1o, Vinicius Lummertz. Durante la edici\u00f3n de M\u00e9xico en 2016, Termatalia fue reconocida por el Congreso de los Diputados del Estado de Coahuila. En la edici\u00f3n de Argentina en 2014 consigui\u00f3 la declaraci\u00f3n de Inter\u00e9s Tur\u00edstico del Gobierno Argentino y la de Inter\u00e9s Parlamentario por parte de la C\u00e1mara de Diputados de la Naci\u00f3n. Durante la edici\u00f3n de 2012, celebrada en Per\u00fa, la feria consigui\u00f3 tambi\u00e9n el reconocimiento de Feria Internacional por parte de Ministerio de Relaciones Exteriores del Gobierno de Per\u00fa y tambi\u00e9n la Declaraci\u00f3n de \u201cEvento Tur\u00edstico Nacional\u201d por parte del Ministerio de Comercio Exterior y Turismo.\u00a0 <\/p>\n\n\n\n<p>Fuente:<a rel=\"noreferrer noopener\" aria-label=\" (abre en una nueva pesta\u00f1a)\" href=\"https:\/\/bit.ly\/2CtqF29\" target=\"_blank\">https:\/\/bit.ly\/2CtqF29<\/a><\/p>\n\n\n\n<figure class=\"wp-block-image\"><img decoding=\"async\" width=\"1024\" height=\"215\" src=\"http:\/\/argentinatermal.com.ar\/wp-content\/uploads\/2019\/03\/www.argentinatermal.com_.ar-1-5-1024x215.jpg\" alt=\"\" class=\"wp-image-2714\" srcset=\"https:\/\/argentinatermal.com.ar\/wp-content\/uploads\/2019\/03\/www.argentinatermal.com_.ar-1-5-1024x215.jpg 1024w, https:\/\/argentinatermal.com.ar\/wp-content\/uploads\/2019\/03\/www.argentinatermal.com_.ar-1-5-300x63.jpg 300w, https:\/\/argentinatermal.com.ar\/wp-content\/uploads\/2019\/03\/www.argentinatermal.com_.ar-1-5-768x161.jpg 768w, https:\/\/argentinatermal.com.ar\/wp-content\/uploads\/2019\/03\/www.argentinatermal.com_.ar-1-5-696x146.jpg 696w, https:\/\/argentinatermal.com.ar\/wp-content\/uploads\/2019\/03\/www.argentinatermal.com_.ar-1-5-1068x224.jpg 1068w, https:\/\/argentinatermal.com.ar\/wp-content\/uploads\/2019\/03\/www.argentinatermal.com_.ar-1-5-2003x420.jpg 2003w\" sizes=\"(max-width: 1024px) 100vw, 1024px\" \/><\/figure>\n","protected":false},"excerpt":{"rendered":"<p>&gt;&gt; Tras su \u00faltima edici\u00f3n en Foz do Igua\u00e7u en Brasil, la Feria Internacional del Turismo Termal, Salud y Bienestar regresa a Europa y se celebrar\u00e1 en Ourense entre el 18 y el 21 de septiembre Su Majestad el Rey de Espa\u00f1a, Don Felipe VI, presidir\u00e1 el Comit\u00e9 de Honor de Termatalia 2019 que se [&hellip;]<\/p>\n","protected":false},"author":1,"featured_media":2713,"comment_status":"open","ping_status":"open","sticky":false,"template":"","format":"standard","meta":{"footnotes":""},"categories":[12,30],"tags":[],"class_list":["post-2712","post","type-post","status-publish","format-standard","has-post-thumbnail","hentry","category-internacionales","category-temas-relacionados"],"_links":{"self":[{"href":"https:\/\/argentinatermal.com.ar\/index.php?rest_route=\/wp\/v2\/posts\/2712","targetHints":{"allow":["GET"]}}],"collection":[{"href":"https:\/\/argentinatermal.com.ar\/index.php?rest_route=\/wp\/v2\/posts"}],"about":[{"href":"https:\/\/argentinatermal.com.ar\/index.php?rest_route=\/wp\/v2\/types\/post"}],"author":[{"embeddable":true,"href":"https:\/\/argentinatermal.com.ar\/index.php?rest_route=\/wp\/v2\/users\/1"}],"replies":[{"embeddable":true,"href":"https:\/\/argentinatermal.com.ar\/index.php?rest_route=%2Fwp%2Fv2%2Fcomments&post=2712"}],"version-history":[{"count":2,"href":"https:\/\/argentinatermal.com.ar\/index.php?rest_route=\/wp\/v2\/posts\/2712\/revisions"}],"predecessor-version":[{"id":2719,"href":"https:\/\/argentinatermal.com.ar\/index.php?rest_route=\/wp\/v2\/posts\/2712\/revisions\/2719"}],"wp:featuredmedia":[{"embeddable":true,"href":"https:\/\/argentinatermal.com.ar\/index.php?rest_route=\/wp\/v2\/media\/2713"}],"wp:attachment":[{"href":"https:\/\/argentinatermal.com.ar\/index.php?rest_route=%2Fwp%2Fv2%2Fmedia&parent=2712"}],"wp:term":[{"taxonomy":"category","embeddable":true,"href":"https:\/\/argentinatermal.com.ar\/index.php?rest_route=%2Fwp%2Fv2%2Fcategories&post=2712"},{"taxonomy":"post_tag","embeddable":true,"href":"https:\/\/argentinatermal.com.ar\/index.php?rest_route=%2Fwp%2Fv2%2Ftags&post=2712"}],"curies":[{"name":"wp","href":"https:\/\/api.w.org\/{rel}","templated":true}]}}