{"id":2726,"date":"2019-03-22T10:25:33","date_gmt":"2019-03-22T13:25:33","guid":{"rendered":"http:\/\/argentinatermal.com.ar\/?p=2726"},"modified":"2019-03-22T10:25:35","modified_gmt":"2019-03-22T13:25:35","slug":"dia-mundial-del-agua-datos-sobre-este-recurso-y-consejos-para-cuidar-y-ahorrar-agua","status":"publish","type":"post","link":"https:\/\/argentinatermal.com.ar\/?p=2726","title":{"rendered":"D\u00eda Mundial del Agua: datos sobre este recurso y consejos para cuidar y ahorrar agua"},"content":{"rendered":"\n<h4 class=\"wp-block-heading\"> El 22 de marzo se conmemora el\u00a0<a rel=\"noreferrer noopener\" href=\"https:\/\/www.lasexta.com\/noticias\/ciencia-tecnologia\/dia-mundial-agua-aguas-residuales-planeta-vierten-recibir-tratamiento-alguno_2017032258d21c540cf2453280ce57c2.html\" target=\"_blank\"><strong>D\u00eda Mundial del Agua<\/strong><\/a>. Recopilamos algunos datos de inter\u00e9s sobre el agua y<strong>consejos para preservar este recurso<\/strong>\u00a0imprescindible para la vida. <\/h4>\n\n\n\n<p>Cada a\u00f1o desde 1993, el 22 de marzo se conmemora el&nbsp;<strong>D\u00eda Mundial del Agua<\/strong>, una ocasi\u00f3n en la que se recuerda la vital importancia de este recurso y la necesidad de garantizar que est\u00e9 al alcance de todas las personas. Recopilamos algunos datos sobre el agua y c\u00f3mo poner nuestro granito de arena para preservar los recursos h\u00eddricos.<\/p>\n\n\n\n<h2 class=\"wp-block-heading\">\u00bfQu\u00e9 es el agua en realidad?<\/h2>\n\n\n\n<p>A nivel molecular, el agua la forman&nbsp;<strong>dos \u00e1tomos de hidr\u00f3geno y uno de ox\u00edgeno<\/strong>, por lo que su f\u00f3rmula qu\u00edmica es H2O. En condiciones de presi\u00f3n normales, se solidifica por debajo de los cero grados cent\u00edgrados (convirti\u00e9ndose en hielo) y se encuentra en estado gaseoso por encima de los 100 grados (vapor de agua).<\/p>\n\n\n\n<p>Sin embargo, la temperatura de ebullici\u00f3n del agua depende de la presi\u00f3n atmosf\u00e9rica, por lo que disminuye con la altitud. As\u00ed,&nbsp;<strong>en la cima del Everest el agua se evapora a partir de los 70 grados<\/strong>cent\u00edgrados, al estar a 8.848 metros sobre el nivel del mar.<\/p>\n\n\n\n<p>El agua pura en su estado l\u00edquido en principio es incolora al ojo humano, inodora e ins\u00edpida, aunque normalmente la que bebemos contiene minerales y otras sustancias que pueden cambiar su sabor y olor.<\/p>\n\n\n\n<ul class=\"wp-block-gallery columns-1 is-cropped wp-block-gallery-1 is-layout-flex wp-block-gallery-is-layout-flex\"><li class=\"blocks-gallery-item\"><figure><img decoding=\"async\" width=\"1000\" height=\"567\" src=\"http:\/\/argentinatermal.com.ar\/wp-content\/uploads\/2019\/03\/58-1.jpg\" alt=\"\" data-id=\"2731\" data-link=\"http:\/\/argentinatermal.com.ar\/?attachment_id=2731\" class=\"wp-image-2731\" srcset=\"https:\/\/argentinatermal.com.ar\/wp-content\/uploads\/2019\/03\/58-1.jpg 1000w, https:\/\/argentinatermal.com.ar\/wp-content\/uploads\/2019\/03\/58-1-300x170.jpg 300w, https:\/\/argentinatermal.com.ar\/wp-content\/uploads\/2019\/03\/58-1-768x435.jpg 768w, https:\/\/argentinatermal.com.ar\/wp-content\/uploads\/2019\/03\/58-1-696x395.jpg 696w, https:\/\/argentinatermal.com.ar\/wp-content\/uploads\/2019\/03\/58-1-741x420.jpg 741w\" sizes=\"(max-width: 1000px) 100vw, 1000px\" \/><figcaption>SEOUL, SOUTH KOREA &#8211; MARCH 22:  A water fountain is seen at a \u00abWorld Water Day\u00bb festival on March 22, 2008 in Seoul, South Korea. World Water Day is an international day of observance and action to draw attention to the plight of the more than 1 billion people world wide that lack access to clean, safe drinking water. Celebrated since 1993, World Water Day was designated in 1992 when the United Nations (UN) General Assembly passed a resolution. With each passing year, the observance has grown larger and stronger.  (Photo by Chung Sung-Jun\/Getty Images)<\/figcaption><\/figure><\/li><\/ul>\n\n\n\n<h4 class=\"wp-block-heading\">El agua en la Tierra<\/h4>\n\n\n\n<p><strong>La superficie de nuestro planeta est\u00e1 cubierta de agua en un 70,9%<\/strong>aproximadamente . La mayor\u00eda se reparte entre los cinco oc\u00e9anos: el Pac\u00edfico (el m\u00e1s grande), el Atl\u00e1ntico, el \u00cdndico, el Ant\u00e1rtico y el \u00c1rtico. El resto se encuentra en los glaciares y casquetes polares, el permafrost (la capa de suelo que est\u00e1 siempre congelado en algunas regiones cercanas a los polos), los acu\u00edferos subterr\u00e1neos y, en menor medida, repartida entre los lagos terrestres, la humedad del suelo, la atm\u00f3sfera, embalses, r\u00edos y en los propios seres vivos.<\/p>\n\n\n\n<p><strong>El 97,5% del agua de la Tierra es salada<\/strong>. Apenas el 2,5% es dulce, y de esta aproximadamente dos tercios est\u00e1 congelada en los casquetes polares y los glaciares. De hecho,&nbsp;<strong>si todo el hielo sobre la superficie terrestre se derritiese, el nivel del mar subir\u00eda 70 metros<\/strong>.<\/p>\n\n\n\n<p>El lugar m\u00e1s seco de la Tierra, de acuerdo con el\u00a0<a rel=\"noreferrer noopener\" href=\"https:\/\/www.cia.gov\/library\/publications\/the-world-factbook\/\" target=\"_blank\"><strong>Libro Mundial de Hechos de la CIA<\/strong><\/a>, son los\u00a0<strong>Valles Secos de Mcmurdo<\/strong>, en la Ant\u00e1rtida. Aqu\u00ed, de media, caen al a\u00f1o 0 mil\u00edmetros de precipitaciones, ni una gota de agua. El sitio m\u00e1s h\u00famedo del planeta, por el contrario, est\u00e1 en la India, en la aldea de\u00a0<strong>Mawsynram<\/strong>. 11,871 mm de lluvia (casi 12 litros por metro cuadrado) al a\u00f1o la convierten en la m\u00e1s lluviosa del mundo.<\/p>\n\n\n\n<figure class=\"wp-block-image\"><img decoding=\"async\" width=\"1000\" height=\"567\" src=\"http:\/\/argentinatermal.com.ar\/wp-content\/uploads\/2019\/03\/58-2.jpg\" alt=\"\" class=\"wp-image-2732\" srcset=\"https:\/\/argentinatermal.com.ar\/wp-content\/uploads\/2019\/03\/58-2.jpg 1000w, https:\/\/argentinatermal.com.ar\/wp-content\/uploads\/2019\/03\/58-2-300x170.jpg 300w, https:\/\/argentinatermal.com.ar\/wp-content\/uploads\/2019\/03\/58-2-768x435.jpg 768w, https:\/\/argentinatermal.com.ar\/wp-content\/uploads\/2019\/03\/58-2-696x395.jpg 696w, https:\/\/argentinatermal.com.ar\/wp-content\/uploads\/2019\/03\/58-2-741x420.jpg 741w\" sizes=\"(max-width: 1000px) 100vw, 1000px\" \/><figcaption>ANTARCTICA &#8211; FEBRUARY 26: A bluish glacier is seen on ocean in Antarctica on February 26, 2019. Turkish scientific research team has completed their navigation after set up a research camp within the 3rd National Science Antarctica Expedition, under the auspices of Presidency of Turkey and under the coordination of the Ministry of Industry and Technology and Istanbul Technical University (ITU) Polar Research Center (PolReC). The continent, which is not under the rule of any countries, is called the &#8216;science&#8217; and &#8216;peace&#8217; continent. Antarctica, the world&#8217;s fifth largest continent, with an area of 14 million square kilometers, is located in the southernmost part of the southern hemisphere. The 98 percent of the continent is covered with ice with an average thickness of 1.6 kilometers, contains 67 percent of the freshwater source on the Earth. The untouched nature of Antarctica is of great importance for our future of the world. Antarctica, which has no indigenous people, is home to penguins, seals, whales, birds and various animals. (Photo by Ozge Elif Kizil\/Anadolu Agency\/Getty Images)<\/figcaption><\/figure>\n\n\n\n<h4 class=\"wp-block-heading\">\u00bfPor qu\u00e9 es tan importante el agua?<\/h4>\n\n\n\n<p>El agua es esencial para todas las formas de vida conocidas. En el caso de los seres humanos,&nbsp;<strong>es el principal componente de nuestro cuerpo<\/strong>, que est\u00e1 formado por agua en torno a un 60% en la edad adulta (la proporci\u00f3n es a\u00fan mayor en el caso de los beb\u00e9s). Es imprescindible para nuestra supervivencia hasta el punto de que no podemos aguantar m\u00e1s de cinco d\u00edas sin beber nada de agua, aproximadamente.<\/p>\n\n\n\n<p>Por ello, el acceso a agua potable y saneamiento es&nbsp;<a href=\"http:\/\/undocs.org\/es\/A\/RES\/68\/157\" target=\"_blank\" rel=\"noreferrer noopener\"><strong>un derecho humano reconocido por las Naciones Unidas<\/strong><\/a>. Este organismorecuerda que el agua es tambi\u00e9n de vital importancia para la reducci\u00f3n de la pobreza y la sostenibilidad ambiental. Sin embargo, seg\u00fan advierte la ONU,&nbsp;<strong>los problemas relacionados con los recursos h\u00eddricos cada vez se agudizar\u00e1n m\u00e1s<\/strong>&nbsp;debido al aumento de la poblaci\u00f3n y al&nbsp;<a href=\"https:\/\/www.lasexta.com\/noticias\/sociedad\/dia-mundial-agua-datos-este-recurso-consejos-ahorrar-agua_201903215c94899b0cf224e9d7ec3a09.html\" target=\"_blank\" rel=\"noreferrer noopener\"><strong>cambio clim\u00e1tico<\/strong><\/a>.<\/p>\n\n\n\n<p>De acuerdo con los datos que maneja Naciones Unidas, la escasez de agua afecta actualmente al 40% de la poblaci\u00f3n mundial:&nbsp;<strong>2.100 millones de personas carecen de acceso a agua potable<\/strong>&nbsp;y otros 4.500 millones no tienen servicios de saneamiento adecuados. M\u00e1s de 700 ni\u00f1os de menos de cinco a\u00f1os mueren cada d\u00eda por esta raz\u00f3n.<\/p>\n\n\n\n<p>Esta crisis h\u00eddrica afecta especialmente a las personas marginadas, en regiones pobres o asoladas por el conflicto. El problema puede llegar a generar refugiados por la escasez de agua: la ONU alerta de que\u00a0<strong>700 millones de personas podr\u00edan verse forzadas a desplazarse<\/strong>por este motivo de aqu\u00ed al a\u00f1o 2030.<\/p>\n\n\n\n<figure class=\"wp-block-image\"><img decoding=\"async\" width=\"1000\" height=\"567\" src=\"http:\/\/argentinatermal.com.ar\/wp-content\/uploads\/2019\/03\/58-3.jpg\" alt=\"\" class=\"wp-image-2733\" srcset=\"https:\/\/argentinatermal.com.ar\/wp-content\/uploads\/2019\/03\/58-3.jpg 1000w, https:\/\/argentinatermal.com.ar\/wp-content\/uploads\/2019\/03\/58-3-300x170.jpg 300w, https:\/\/argentinatermal.com.ar\/wp-content\/uploads\/2019\/03\/58-3-768x435.jpg 768w, https:\/\/argentinatermal.com.ar\/wp-content\/uploads\/2019\/03\/58-3-696x395.jpg 696w, https:\/\/argentinatermal.com.ar\/wp-content\/uploads\/2019\/03\/58-3-741x420.jpg 741w\" sizes=\"(max-width: 1000px) 100vw, 1000px\" \/><figcaption>RIO DE JANEIRO, BRAZIL &#8211; MARCH 29:  Jessica washes dishes at the one pipe with running water available to dozens of area residents in an impoverished section of the unpacified Complexo da Mare slum complex, one of the largest &#8216;favela&#8217; complexes in Rio, on March 29, 2014 in Rio de Janeiro, Brazil. The Brazilian government is deploying federal forces tomorrow to occupy the group of violence-plagued &#8216;favelas&#8217; ahead of the June 12 start of the 2014 FIFA World Cup. The group of 16 communities house around 130,000 residents and have been dominated by drug gangs and militias. Mare is located close to Rio&#8217;s international airport and has been mentioned as a likely pacification target for the police amid the city&#8217;s efforts to improve security ahead of the 2014 FIFA World Cup and Rio 2016 Olympic Games.  (Photo by Mario Tama\/Getty Images)<\/figcaption><\/figure>\n\n\n\n<h4 class=\"wp-block-heading\">\u00bfPor qu\u00e9 se celebra el D\u00eda Mundial del Agua?<\/h4>\n\n\n\n<p>El&nbsp;<a href=\"https:\/\/www.lasexta.com\/noticias\/ciencia-tecnologia\/falsos-mitos-que-caen-dia-mundial-agua-agua-grifo-agua-embotellada_2017032258d281ca0cf27b4f38e91cb7.html\" target=\"_blank\" rel=\"noreferrer noopener\"><strong>D\u00eda Mundial del Agua<\/strong><\/a>&nbsp;se celebra el 22 de marzo de cada a\u00f1o para llamar la atenci\u00f3n sobre la importancia del agua dulce y su gesti\u00f3n sostenible. La ONU cre\u00f3 esta efem\u00e9ride en 1992 en respuesta a la recomendaci\u00f3n de la Conferencia sobre el Medio Ambiente y el Desarrollo celebrada en R\u00edo de Janeiro, y este D\u00eda Mundial se celebr\u00f3 por primera vez al a\u00f1o siguiente.<\/p>\n\n\n\n<p>Con su creaci\u00f3n, la ONU anim\u00f3 a los distintos pa\u00edses a dedicar este d\u00eda a la celebraci\u00f3n de actividades para\u00a0<strong>concienciar a la poblaci\u00f3n<\/strong>sobre la conservaci\u00f3n y el desarrollo de los recursos h\u00eddricos. El lema este 2019 es \u00abNo dejar a nadie atr\u00e1s\u00bb, coincidiendo con la promesa de la\u00a0<a rel=\"noreferrer noopener\" href=\"https:\/\/www.un.org\/sustainabledevelopment\/es\/development-agenda\/\" target=\"_blank\"><strong>Agenda 2030 para el Desarrollo Sostenible<\/strong><\/a>. Uno sus objetivos, precisamente, es garantizar la disponibilidad y la gesti\u00f3n sostenible del agua para todas las personas antes de 2030.<\/p>\n\n\n\n<figure class=\"wp-block-image\"><img decoding=\"async\" width=\"1000\" height=\"567\" src=\"http:\/\/argentinatermal.com.ar\/wp-content\/uploads\/2019\/03\/58-4.jpg\" alt=\"\" class=\"wp-image-2734\" srcset=\"https:\/\/argentinatermal.com.ar\/wp-content\/uploads\/2019\/03\/58-4.jpg 1000w, https:\/\/argentinatermal.com.ar\/wp-content\/uploads\/2019\/03\/58-4-300x170.jpg 300w, https:\/\/argentinatermal.com.ar\/wp-content\/uploads\/2019\/03\/58-4-768x435.jpg 768w, https:\/\/argentinatermal.com.ar\/wp-content\/uploads\/2019\/03\/58-4-696x395.jpg 696w, https:\/\/argentinatermal.com.ar\/wp-content\/uploads\/2019\/03\/58-4-741x420.jpg 741w\" sizes=\"(max-width: 1000px) 100vw, 1000px\" \/><figcaption>COX&#8217;S BAZAR, BANGLADESH &#8211; DECEMBER 07: Rohingya children, who fled from oppression within ongoing military operations in Myanmars Rakhine state, have a bath as they pump water from a handpump into a pot at a refugee camp in Cox&#8217;s Bazar, Bangladesh on December 07, 2017. The outcomes of the living harsh conditions and rapid increase of population in last three months brought so many health problems. Healthcare workers expressed that, especially the encountered health problems occured due to the insufficiency of clean water and it resulted in many prevalent diseases like measles. Since Aug. 25, more than 625,000 Rohingya have crossed from Myanmar&#8217;s western state of Rakhine into Bangladesh, according to the UN. (Photo by Firat Yurdakul\/Anadolu Agency\/Getty Images)<\/figcaption><\/figure>\n\n\n\n<h4 class=\"wp-block-heading\">\u00bfQu\u00e9 se puede hacer?<\/h4>\n\n\n\n<p>La ONU se\u00f1ala que el 22 de marzo es una oportunidad para aprender m\u00e1s sobre temas relacionados con el agua, compartir los problemas relacionados con este recurso y&nbsp;<strong>tomar medidas para cambiar la situaci\u00f3n<\/strong>. En este d\u00eda hay varios eventos programados por todo el mundo, que puedes consultar&nbsp;<a href=\"https:\/\/www.worldwaterday.org\/events\/\" target=\"_blank\" rel=\"noreferrer noopener\"><strong>en este mapa<\/strong><\/a>. Para m\u00e1s informaci\u00f3n, tambi\u00e9n puedes ver&nbsp;<a href=\"https:\/\/www.worldwaterday.org\/wp-content\/uploads\/2019\/02\/WWD2019_factsheet_SPA_vs2_13feb2019.pdf%20\" target=\"_blank\" rel=\"noreferrer noopener\"><strong>esta hoja informativa<\/strong><\/a>&nbsp;elaborada por las Naciones Unidas.<\/p>\n\n\n\n<p>El D\u00eda Mundial del Agua es tambi\u00e9n un buen momento para reflexionar sobre el privilegio que supone tener a nuestra disposici\u00f3n agua limpia y segura, algo que a menudo damos por sentado, y las maneras en que podemos contribuir a la preservaci\u00f3n de los recursos h\u00eddricos. Algunos&nbsp;<strong>consejos b\u00e1sicos para ahorrar agua<\/strong>&nbsp;y contribuir a su gesti\u00f3n sostenible en nuestra vida cotidiana son m\u00e1s evidentes, como cerrar el grifo mientras nos cepillamos los dientes, optar por una ducha en vez de un ba\u00f1o (y reducir su duraci\u00f3n), o llenar el lavavajillas y la lavadora.<\/p>\n\n\n\n<p>Otra posibilidad es instalar&nbsp;<a href=\"https:\/\/www.lasexta.com\/noticias\/ciencia-tecnologia\/invento-espanol-podria-ahorrar-44000-millones-litros-agua-ano_20151226572410266584a81fd8826b63.html\" target=\"_blank\" rel=\"noreferrer noopener\"><strong>dispositivos que controlen el consumo de agua<\/strong><\/a>, como difusores en los grifos y alcachofas de la ducha y cisternas que tengan&nbsp;<strong>sistemas de ahorro de agua<\/strong>. Si tienes una cisterna antigua, una opci\u00f3n es colocar dentro botellas de pl\u00e1stico, para as\u00ed gastar menos agua al tirar de la cadena y, por supuesto, no usar el inodoro a modo de papelera. Es importante tambi\u00e9n&nbsp;<strong>arreglar goteras y fugas<\/strong>, puesto que por ellas se pierde una gran cantidad de agua.<\/p>\n\n\n\n<p>Reducir el consumo de carne es una forma m\u00e1s desconocida de ahorrar agua, ya que la producci\u00f3n de este alimento emplea enormes cantidades de este recurso:\u00a0<strong>15.000 litros por kilo de carne<\/strong>, seg\u00fan la Organizaci\u00f3n de las Naciones Unidas para la Alimentaci\u00f3n y la Agricultura. En general, reciclar y reducir nuestros niveles de consumo ayuda a preservar los recursos h\u00eddricos, ya que en la fabricaci\u00f3n de cualquier producto se emplea agua.<\/p>\n\n\n\n<p>Fuente: <a rel=\"noreferrer noopener\" aria-label=\" (abre en una nueva pesta\u00f1a)\" href=\"https:\/\/bit.ly\/2HJk07E\" target=\"_blank\">https:\/\/bit.ly\/2HJk07E<\/a><\/p>\n\n\n\n<figure class=\"wp-block-image\"><img decoding=\"async\" width=\"1024\" height=\"215\" src=\"http:\/\/argentinatermal.com.ar\/wp-content\/uploads\/2019\/03\/www.argentinatermal.com_.ar-1-7-1024x215.jpg\" alt=\"\" class=\"wp-image-2735\" srcset=\"https:\/\/argentinatermal.com.ar\/wp-content\/uploads\/2019\/03\/www.argentinatermal.com_.ar-1-7-1024x215.jpg 1024w, https:\/\/argentinatermal.com.ar\/wp-content\/uploads\/2019\/03\/www.argentinatermal.com_.ar-1-7-300x63.jpg 300w, https:\/\/argentinatermal.com.ar\/wp-content\/uploads\/2019\/03\/www.argentinatermal.com_.ar-1-7-768x161.jpg 768w, https:\/\/argentinatermal.com.ar\/wp-content\/uploads\/2019\/03\/www.argentinatermal.com_.ar-1-7-696x146.jpg 696w, https:\/\/argentinatermal.com.ar\/wp-content\/uploads\/2019\/03\/www.argentinatermal.com_.ar-1-7-1068x224.jpg 1068w, https:\/\/argentinatermal.com.ar\/wp-content\/uploads\/2019\/03\/www.argentinatermal.com_.ar-1-7-2003x420.jpg 2003w\" sizes=\"(max-width: 1024px) 100vw, 1024px\" \/><\/figure>\n","protected":false},"excerpt":{"rendered":"<p>El 22 de marzo se conmemora el\u00a0D\u00eda Mundial del Agua. Recopilamos algunos datos de inter\u00e9s sobre el agua yconsejos para preservar este recurso\u00a0imprescindible para la vida. Cada a\u00f1o desde 1993, el 22 de marzo se conmemora el&nbsp;D\u00eda Mundial del Agua, una ocasi\u00f3n en la que se recuerda la vital importancia de este recurso y la [&hellip;]<\/p>\n","protected":false},"author":1,"featured_media":2736,"comment_status":"open","ping_status":"open","sticky":false,"template":"","format":"standard","meta":{"footnotes":""},"categories":[30],"tags":[],"class_list":["post-2726","post","type-post","status-publish","format-standard","has-post-thumbnail","hentry","category-temas-relacionados"],"_links":{"self":[{"href":"https:\/\/argentinatermal.com.ar\/index.php?rest_route=\/wp\/v2\/posts\/2726","targetHints":{"allow":["GET"]}}],"collection":[{"href":"https:\/\/argentinatermal.com.ar\/index.php?rest_route=\/wp\/v2\/posts"}],"about":[{"href":"https:\/\/argentinatermal.com.ar\/index.php?rest_route=\/wp\/v2\/types\/post"}],"author":[{"embeddable":true,"href":"https:\/\/argentinatermal.com.ar\/index.php?rest_route=\/wp\/v2\/users\/1"}],"replies":[{"embeddable":true,"href":"https:\/\/argentinatermal.com.ar\/index.php?rest_route=%2Fwp%2Fv2%2Fcomments&post=2726"}],"version-history":[{"count":1,"href":"https:\/\/argentinatermal.com.ar\/index.php?rest_route=\/wp\/v2\/posts\/2726\/revisions"}],"predecessor-version":[{"id":2737,"href":"https:\/\/argentinatermal.com.ar\/index.php?rest_route=\/wp\/v2\/posts\/2726\/revisions\/2737"}],"wp:featuredmedia":[{"embeddable":true,"href":"https:\/\/argentinatermal.com.ar\/index.php?rest_route=\/wp\/v2\/media\/2736"}],"wp:attachment":[{"href":"https:\/\/argentinatermal.com.ar\/index.php?rest_route=%2Fwp%2Fv2%2Fmedia&parent=2726"}],"wp:term":[{"taxonomy":"category","embeddable":true,"href":"https:\/\/argentinatermal.com.ar\/index.php?rest_route=%2Fwp%2Fv2%2Fcategories&post=2726"},{"taxonomy":"post_tag","embeddable":true,"href":"https:\/\/argentinatermal.com.ar\/index.php?rest_route=%2Fwp%2Fv2%2Ftags&post=2726"}],"curies":[{"name":"wp","href":"https:\/\/api.w.org\/{rel}","templated":true}]}}