{"id":2760,"date":"2019-03-29T11:03:02","date_gmt":"2019-03-29T14:03:02","guid":{"rendered":"http:\/\/argentinatermal.com.ar\/?p=2760"},"modified":"2019-03-29T11:03:04","modified_gmt":"2019-03-29T14:03:04","slug":"especialistas-en-accesibilidad-de-ecuador-llegaron-a-mar-del-plata","status":"publish","type":"post","link":"https:\/\/argentinatermal.com.ar\/?p=2760","title":{"rendered":"Especialistas en accesibilidad de Ecuador llegaron a Mar del Plata"},"content":{"rendered":"\n<p><strong>Fue en el proyecto de Cooperaci\u00f3n Sur-Sur entre Ecuador y Argentina, que lidera la Agencia Nacional de Discapacidad. La ciudad fue la elegida debido a los resultados que la posiciona como el destino con mayor cantidad de establecimientos distinguidos del pa\u00eds.<\/strong><\/p>\n\n\n\n<p class=\"has-drop-cap\">Durante la tarde de este mi\u00e9rcoles autoridades del Ente Municipal de Turismo (EMTur), de la Subsecretar\u00eda de Turismo de la Provincia de\u00a0<strong><a rel=\"noreferrer noopener\" href=\"https:\/\/hostnews.com.ar\/index.php\/articulos.htm?mact=Search%2Ccntnt01%2Cdosearch%2C0&amp;cntnt01returnid=89&amp;cntnt01searchinput=Buenos%20Aires\" target=\"_blank\">Buenos Aires\u00a0<\/a><\/strong>y de la Secretar\u00eda de Gobierno de Turismo de la Naci\u00f3n recibieron a dos especialistas en accesibilidad provenientes de Ecuador, quienes se encuentran recorriendo\u00a0<strong><a rel=\"noreferrer noopener\" href=\"https:\/\/hostnews.com.ar\/index.php\/articulos.htm?mact=Search%2Ccntnt01%2Cdosearch%2C0&amp;cntnt01returnid=89&amp;cntnt01searchinput=Mar%20del%20Plata\" target=\"_blank\">Mar del Plata<\/a><\/strong>en el marco del proyecto de Cooperaci\u00f3n Sur-Sur que lidera la Agencia Nacional de Discapacidad y que tiene como objetivo el intercambio de experiencias t\u00e9cnicas y de pol\u00edticas p\u00fablicas entre Ecuador y<strong><a rel=\"noreferrer noopener\" href=\"https:\/\/hostnews.com.ar\/index.php\/articulos.htm?mact=Search%2Ccntnt01%2Cdosearch%2C0&amp;cntnt01returnid=89&amp;cntnt01searchinput=%20Argentina\" target=\"_blank\">\u00a0Argentina<\/a><\/strong>.\u00a0<\/p>\n\n\n\n<p>En este sentido, la visita a\u00a0<strong><a rel=\"noreferrer noopener\" href=\"https:\/\/hostnews.com.ar\/index.php\/articulos.htm?mact=Search%2Ccntnt01%2Cdosearch%2C0&amp;cntnt01returnid=89&amp;cntnt01searchinput=Mar%20del%20Plata\" target=\"_blank\">Mar del Plata<\/a><\/strong>\u00a0se vincula directamente con la finalidad de conocer los resultados de la implementaci\u00f3n del Programa de Directrices de Accesibilidad en Servicios Tur\u00edsticos y el trabajo del EMTur en la materia, gracias al cual hoy la ciudad se posiciona como el destino con mayor cantidad de establecimientos distinguidos del pa\u00eds.\u00a0<\/p>\n\n\n\n<p>Las profesionales de Ecuador son Mayra Liliana Carrasco Camacho, T\u00e9cnica en Discapacidades del Consejo Nacional para la Igualdad de Discapacidades (CONADIS), y Marcela Elizabeth Tipantu\u00f1a Sigcha, Analista de Proyectos del \u00c1rea de Turismo de la Federaci\u00f3n Nacional de Ecuatorianos con Discapacidad F\u00edsica (FENEDIF). Ambas mantuvieron una reuni\u00f3n de trabajo con la Presidente del Ente Municipal de Turismo (EMTur), Gabriela Magnoler; el Coordinador de Accesibilidad de la Secretar\u00eda de Gobierno de Turismo de la Naci\u00f3n, Iv\u00e1n Ravlic; la Directora de Turismo Social y\u00a0<strong><a rel=\"noreferrer noopener\" href=\"https:\/\/hostnews.com.ar\/index.php\/articulos.htm?mact=Search%2Ccntnt01%2Cdosearch%2C0&amp;cntnt01returnid=89&amp;cntnt01searchinput=Accesible\" target=\"_blank\">Accesible<\/a><\/strong>\u00a0de la Subsecretar\u00eda de Turismo de la Provincia de Buenos Aires, Agustina del Papa; el T\u00e9cnico Implementador de la Agencia Nacional de Discapacidad, Gabriel D\u00edaz Ben\u00edtez; y el Director de Coordinaci\u00f3n Tur\u00edstica de la Subsecretar\u00eda de Turismo de la Provincia de Buenos Aires, Juan Best.\u00a0<\/p>\n\n\n\n<p>Gabriela Magnoler, Presidente del EMTur, explic\u00f3 que \u201cdesde el EMTur entendemos que trabajar en forma planificada y d\u00e1ndole continuidad a una tem\u00e1tica como es la accesibilidad nos permite hoy estar en el marco de un proyecto de Cooperaci\u00f3n Sur-Sur donde\u00a0<strong><a rel=\"noreferrer noopener\" href=\"https:\/\/hostnews.com.ar\/index.php\/articulos.htm?mact=Search%2Ccntnt01%2Cdosearch%2C0&amp;cntnt01returnid=89&amp;cntnt01searchinput=Mar%20del%20Plata\" target=\"_blank\">Mar del Plata<\/a><\/strong>\u00a0recibe extranjeros para evaluar el desarrollo que hemos realizado en un trabajo conjunto con la Provincia, Naci\u00f3n y el sector privado. Todas las \u00e1reas pensamos en el turista que necesita de estos conceptos para lograr ser una ciudad inclusiva, que lo haga sentirse c\u00f3modo y lo ayude a volver a elegir el destino\u201d.\u00a0<\/p>\n\n\n\n<p>Por su parte Mayra Liliana Carrasco Camacho, T\u00e9cnica en Discapacidades del CONADIS de Ecuador, se\u00f1al\u00f3 que \u201cse nota que hay un equipo de trabajo muy consolidado y comprometido con la tem\u00e1tica de accesibilidad. La idea de llevar adelante esta visita es recorrer y aprender de\u00a0<strong><a rel=\"noreferrer noopener\" href=\"https:\/\/hostnews.com.ar\/index.php\/articulos.htm?mact=Search%2Ccntnt01%2Cdosearch%2C0&amp;cntnt01returnid=89&amp;cntnt01searchinput=Mar%20del%20Plata\" target=\"_blank\">Mar del Plata<\/a><\/strong>, observando cu\u00e1les son las experiencias en el \u00e1mbito del turismo para ver qu\u00e9 es lo que nosotros podemos tomar del destino y aplicar en Ecuador\u201d.\u00a0<\/p>\n\n\n\n<p>El proyecto de Cooperaci\u00f3n Sur-Sur se inici\u00f3 con la transferencia metodol\u00f3gica e implementaci\u00f3n de las Directrices de Accesibilidad del Sistema Argentino de Calidad Tur\u00edstica por parte de la Secretar\u00eda de Turismo de la Naci\u00f3n al gobierno Ecuatoriano. Su finalidad es contribuir a mejorar la inserci\u00f3n laboral, la gesti\u00f3n tur\u00edstica de calidad basada en la accesibilidad, la participaci\u00f3n ciudadana y los mecanismos relativos al acceso a la justicia tanto en<strong><a rel=\"noreferrer noopener\" href=\"https:\/\/hostnews.com.ar\/index.php\/articulos.htm?mact=Search%2Ccntnt01%2Cdosearch%2C0&amp;cntnt01returnid=89&amp;cntnt01searchinput=%20Argentina\" target=\"_blank\">\u00a0Argentina<\/a><\/strong>\u00a0como en Ecuador.\u00a0<\/p>\n\n\n\n<p>En este sentido, la Secretar\u00eda de Turismo de la Naci\u00f3n eligi\u00f3\u00a0<strong><a rel=\"noreferrer noopener\" href=\"https:\/\/hostnews.com.ar\/index.php\/articulos.htm?mact=Search%2Ccntnt01%2Cdosearch%2C0&amp;cntnt01returnid=89&amp;cntnt01searchinput=Mar%20del%20Plata\" target=\"_blank\">Mar del Plata<\/a><\/strong>\u00a0para mostrar a la comitiva algunos de los establecimientos distinguidos por las Directrices de Accesibilidad, de forma que las especialistas puedan registrar los est\u00e1ndares alcanzados y visualizar los criterios solicitados por el Programa para alcanzar la distinci\u00f3n. Esto se debe a los resultados obtenidos en\u00a0<strong><a rel=\"noreferrer noopener\" href=\"https:\/\/hostnews.com.ar\/index.php\/articulos.htm?mact=Search%2Ccntnt01%2Cdosearch%2C0&amp;cntnt01returnid=89&amp;cntnt01searchinput=Mar%20del%20Plata\" target=\"_blank\">Mar del Plata<\/a><\/strong>, que posicionan a nuestro destino con la mayor cantidad de establecimientos distinguidos del pa\u00eds gracias al trabajo realizado por el EMTur y los prestadores de servicios en accesibilidad. <\/p>\n\n\n\n<p>Fuente:<a rel=\"noreferrer noopener\" aria-label=\" (abre en una nueva pesta\u00f1a)\" href=\"https:\/\/bit.ly\/2Uh6VsR\" target=\"_blank\">https:\/\/bit.ly\/2Uh6VsR<\/a><\/p>\n\n\n\n<figure class=\"wp-block-image\"><img decoding=\"async\" width=\"1024\" height=\"215\" src=\"http:\/\/argentinatermal.com.ar\/wp-content\/uploads\/2019\/03\/www.argentinatermal.com_.ar-1-10-1024x215.jpg\" alt=\"\" class=\"wp-image-2761\" srcset=\"https:\/\/argentinatermal.com.ar\/wp-content\/uploads\/2019\/03\/www.argentinatermal.com_.ar-1-10-1024x215.jpg 1024w, https:\/\/argentinatermal.com.ar\/wp-content\/uploads\/2019\/03\/www.argentinatermal.com_.ar-1-10-300x63.jpg 300w, https:\/\/argentinatermal.com.ar\/wp-content\/uploads\/2019\/03\/www.argentinatermal.com_.ar-1-10-768x161.jpg 768w, https:\/\/argentinatermal.com.ar\/wp-content\/uploads\/2019\/03\/www.argentinatermal.com_.ar-1-10-696x146.jpg 696w, https:\/\/argentinatermal.com.ar\/wp-content\/uploads\/2019\/03\/www.argentinatermal.com_.ar-1-10-1068x224.jpg 1068w, https:\/\/argentinatermal.com.ar\/wp-content\/uploads\/2019\/03\/www.argentinatermal.com_.ar-1-10-2003x420.jpg 2003w\" sizes=\"(max-width: 1024px) 100vw, 1024px\" \/><\/figure>\n","protected":false},"excerpt":{"rendered":"<p>Fue en el proyecto de Cooperaci\u00f3n Sur-Sur entre Ecuador y Argentina, que lidera la Agencia Nacional de Discapacidad. La ciudad fue la elegida debido a los resultados que la posiciona como el destino con mayor cantidad de establecimientos distinguidos del pa\u00eds. Durante la tarde de este mi\u00e9rcoles autoridades del Ente Municipal de Turismo (EMTur), de [&hellip;]<\/p>\n","protected":false},"author":1,"featured_media":2762,"comment_status":"open","ping_status":"open","sticky":false,"template":"","format":"standard","meta":{"footnotes":""},"categories":[7,29],"tags":[],"class_list":["post-2760","post","type-post","status-publish","format-standard","has-post-thumbnail","hentry","category-argentina","category-datos-utiles"],"_links":{"self":[{"href":"https:\/\/argentinatermal.com.ar\/index.php?rest_route=\/wp\/v2\/posts\/2760","targetHints":{"allow":["GET"]}}],"collection":[{"href":"https:\/\/argentinatermal.com.ar\/index.php?rest_route=\/wp\/v2\/posts"}],"about":[{"href":"https:\/\/argentinatermal.com.ar\/index.php?rest_route=\/wp\/v2\/types\/post"}],"author":[{"embeddable":true,"href":"https:\/\/argentinatermal.com.ar\/index.php?rest_route=\/wp\/v2\/users\/1"}],"replies":[{"embeddable":true,"href":"https:\/\/argentinatermal.com.ar\/index.php?rest_route=%2Fwp%2Fv2%2Fcomments&post=2760"}],"version-history":[{"count":1,"href":"https:\/\/argentinatermal.com.ar\/index.php?rest_route=\/wp\/v2\/posts\/2760\/revisions"}],"predecessor-version":[{"id":2763,"href":"https:\/\/argentinatermal.com.ar\/index.php?rest_route=\/wp\/v2\/posts\/2760\/revisions\/2763"}],"wp:featuredmedia":[{"embeddable":true,"href":"https:\/\/argentinatermal.com.ar\/index.php?rest_route=\/wp\/v2\/media\/2762"}],"wp:attachment":[{"href":"https:\/\/argentinatermal.com.ar\/index.php?rest_route=%2Fwp%2Fv2%2Fmedia&parent=2760"}],"wp:term":[{"taxonomy":"category","embeddable":true,"href":"https:\/\/argentinatermal.com.ar\/index.php?rest_route=%2Fwp%2Fv2%2Fcategories&post=2760"},{"taxonomy":"post_tag","embeddable":true,"href":"https:\/\/argentinatermal.com.ar\/index.php?rest_route=%2Fwp%2Fv2%2Ftags&post=2760"}],"curies":[{"name":"wp","href":"https:\/\/api.w.org\/{rel}","templated":true}]}}