{"id":2764,"date":"2019-03-29T19:16:50","date_gmt":"2019-03-29T22:16:50","guid":{"rendered":"http:\/\/argentinatermal.com.ar\/?p=2764"},"modified":"2019-03-29T19:16:52","modified_gmt":"2019-03-29T22:16:52","slug":"el-director-de-la-fundacion-semana-verde-de-galicia-ricardo-duran-nombrado-nuevo-presidente-de-la-asociacion-gallega-de-ferias-y-eventos","status":"publish","type":"post","link":"https:\/\/argentinatermal.com.ar\/?p=2764","title":{"rendered":"El director de la Fundaci\u00f3n semana verde de Galicia, Ricardo Duran, nombrado nuevo presidente de la Asociaci\u00f3n Gallega de Ferias y Eventos."},"content":{"rendered":"\n<p class=\"has-drop-cap\">La designaci\u00f3n se concreto en la Asamblea General de AGAFE, la cual se celebro en Expourense<\/p>\n\n\n\n<p>Toma el relevo en el cargo de Alejandro Rub\u00edn Carballo, gerente del recinto Ferial Ourensano<\/p>\n\n\n\n<p>El director de la Fundaci\u00f3n Semana Verde de Galicia, Ricardo Dur\u00e1n, fue nombrado por unanimidad nuevo presidente de la Asociaci\u00f3n Gallega de Ferias y Eventos (Agafe).<\/p>\n\n\n\n<figure class=\"wp-block-image\"><img decoding=\"async\" width=\"1024\" height=\"587\" src=\"http:\/\/argentinatermal.com.ar\/wp-content\/uploads\/2019\/03\/img-4261_orig-1024x587.jpg\" alt=\"\" class=\"wp-image-2765\" srcset=\"https:\/\/argentinatermal.com.ar\/wp-content\/uploads\/2019\/03\/img-4261_orig-1024x587.jpg 1024w, https:\/\/argentinatermal.com.ar\/wp-content\/uploads\/2019\/03\/img-4261_orig-300x172.jpg 300w, https:\/\/argentinatermal.com.ar\/wp-content\/uploads\/2019\/03\/img-4261_orig-768x441.jpg 768w, https:\/\/argentinatermal.com.ar\/wp-content\/uploads\/2019\/03\/img-4261_orig-696x399.jpg 696w, https:\/\/argentinatermal.com.ar\/wp-content\/uploads\/2019\/03\/img-4261_orig-1068x613.jpg 1068w, https:\/\/argentinatermal.com.ar\/wp-content\/uploads\/2019\/03\/img-4261_orig-732x420.jpg 732w, https:\/\/argentinatermal.com.ar\/wp-content\/uploads\/2019\/03\/img-4261_orig.jpg 1100w\" sizes=\"(max-width: 1024px) 100vw, 1024px\" \/><\/figure>\n\n\n\n<p>Con esta designaci\u00f3n, que tuvo lugar ayer en Ourense en la\nasamblea general de la entidad, toma el relevo en el cargo de Alejandro Rub\u00edn,\ngerente de la Fundaci\u00f3n de Ferias y Exposiciones de Ourense, Expourense.<\/p>\n\n\n\n<p>Dur\u00e1n, cuyo mandato tendr\u00e1 una duraci\u00f3n de dos a\u00f1os, contar\u00e1\nen la vicepresidencia de Agafe con Rub\u00e9n L\u00f3pez, director gerente de la\nFundaci\u00f3n de Ferias y Exposiciones de Lugo. La tesorera ser\u00e1 Emma Gonz\u00e1lez,\ndirectora adjunta de Expourense, y como vocal estar\u00e1 Bel\u00e9n Montero, directora\ngerente del Palacio de Congresos y Exposiciones de Santiago de Compostela, en\nrepresentaci\u00f3n de Monbus. La secretaria general ser\u00e1 Mar\u00eda Jes\u00fas Abeledo,\nsecretaria de la Feira Internacional de Galicia ABANCA, recinto gestionado por\nla Fundaci\u00f3n Semana Verde de Galicia.<\/p>\n\n\n\n<p>Una junta directiva que, en palabras de Dur\u00e1n, es\nrepresentativa del sector ferial gallego y est\u00e1 dise\u00f1ada para una toma de\ndecisiones \u00e1gil y una valoraci\u00f3n de resultados autoexigente.<\/p>\n\n\n\n<p>Profesionalizaci\u00f3n y visibilizaci\u00f3n<\/p>\n\n\n\n<p>Al frente de Agafe, Ricardo Dur\u00e1n establece entre sus\nprincipales objetivos contribuir a una mayor profesionalizaci\u00f3n del sector,\npromoviendo la organizaci\u00f3n de eventos cada vez m\u00e1s relevantes y rentables,\npotenciando la formaci\u00f3n de asociados y profesionales que quieran orientar o\nperfeccionar su actividad laboral hacia la organizaci\u00f3n de eventos y tambi\u00e9n\ncreando foros de encuentro del sector para favorecer las sinergias, compartir\nconocimientos y establecer alianzas.<\/p>\n\n\n\n<p>Asimismo, en su programa de gesti\u00f3n ponen de relieve la\nprestaci\u00f3n de servicios a los asociados en asesoramiento legal y t\u00e9cnico, como\npodr\u00eda ser la elaboraci\u00f3n de un convenio especial para el sector que recoja sus\nparticularidades, y tambi\u00e9n la consecuci\u00f3n de reducci\u00f3n de costes a los\nmiembros de la Asociaci\u00f3n derivada de la capacidad de compra conjunta por parte\nde \u00e9sta. Una fuerza com\u00fan que adem\u00e1s establece como de gran importancia para\ntener mayor representaci\u00f3n frente a terceros, ya sean entidades p\u00fablicas o\nprivadas, para la consecuci\u00f3n de distintos aspectos, como elaboraci\u00f3n de normas\no colaboraciones.<\/p>\n\n\n\n<p>Adem\u00e1s, Ricardo Dur\u00e1n incluye en las tareas relevantes de la\nAsociaci\u00f3n dar visibilidad y reivindicar la aportaci\u00f3n de las ferias a la\neconom\u00eda, cultura, ocio o deporte, justificando el apoyo p\u00fablico a eventos que\ntienen un efecto multiplicador sobre determinados sectores econ\u00f3micos.<\/p>\n\n\n\n<p>Agafe<\/p>\n\n\n\n<p>La Asociaci\u00f3n Gallega de Ferias y Eventos es una entidad sin\n\u00e1nimo de lucro para la representaci\u00f3n, coordinaci\u00f3n, defensa y fomento de las\nactividades feriales, exposiciones y eventos de sus miembros.<\/p>\n\n\n\n<p>Se constituy\u00f3 en 2012 y actualmente est\u00e1 conformada por 58 asociados, entre los que se encuentran gestores de infraestructuras, organizadores de eventos, proveedores de servicios directos e indirectos y profesionales.<\/p>\n\n\n\n<p>Fuente:<a rel=\"noreferrer noopener\" aria-label=\" (abre en una nueva pesta\u00f1a)\" href=\"https:\/\/bit.ly\/2HMG3el\" target=\"_blank\">https:\/\/bit.ly\/2HMG3el<\/a><\/p>\n\n\n\n<figure class=\"wp-block-image\"><img decoding=\"async\" width=\"1024\" height=\"215\" src=\"http:\/\/argentinatermal.com.ar\/wp-content\/uploads\/2019\/03\/www.argentinatermal.com_.ar-1-11-1024x215.jpg\" alt=\"\" class=\"wp-image-2766\" srcset=\"https:\/\/argentinatermal.com.ar\/wp-content\/uploads\/2019\/03\/www.argentinatermal.com_.ar-1-11-1024x215.jpg 1024w, https:\/\/argentinatermal.com.ar\/wp-content\/uploads\/2019\/03\/www.argentinatermal.com_.ar-1-11-300x63.jpg 300w, https:\/\/argentinatermal.com.ar\/wp-content\/uploads\/2019\/03\/www.argentinatermal.com_.ar-1-11-768x161.jpg 768w, https:\/\/argentinatermal.com.ar\/wp-content\/uploads\/2019\/03\/www.argentinatermal.com_.ar-1-11-696x146.jpg 696w, https:\/\/argentinatermal.com.ar\/wp-content\/uploads\/2019\/03\/www.argentinatermal.com_.ar-1-11-1068x224.jpg 1068w, https:\/\/argentinatermal.com.ar\/wp-content\/uploads\/2019\/03\/www.argentinatermal.com_.ar-1-11-2003x420.jpg 2003w\" sizes=\"(max-width: 1024px) 100vw, 1024px\" \/><\/figure>\n\n\n\n<p><\/p>\n","protected":false},"excerpt":{"rendered":"<p>La designaci\u00f3n se concreto en la Asamblea General de AGAFE, la cual se celebro en Expourense Toma el relevo en el cargo de Alejandro Rub\u00edn Carballo, gerente del recinto Ferial Ourensano El director de la Fundaci\u00f3n Semana Verde de Galicia, Ricardo Dur\u00e1n, fue nombrado por unanimidad nuevo presidente de la Asociaci\u00f3n Gallega de Ferias y [&hellip;]<\/p>\n","protected":false},"author":1,"featured_media":2768,"comment_status":"open","ping_status":"open","sticky":false,"template":"","format":"standard","meta":{"footnotes":""},"categories":[31,29,28,30],"tags":[],"class_list":["post-2764","post","type-post","status-publish","format-standard","has-post-thumbnail","hentry","category-colaboradores","category-datos-utiles","category-portales-de-servicios-e-informacion","category-temas-relacionados"],"_links":{"self":[{"href":"https:\/\/argentinatermal.com.ar\/index.php?rest_route=\/wp\/v2\/posts\/2764","targetHints":{"allow":["GET"]}}],"collection":[{"href":"https:\/\/argentinatermal.com.ar\/index.php?rest_route=\/wp\/v2\/posts"}],"about":[{"href":"https:\/\/argentinatermal.com.ar\/index.php?rest_route=\/wp\/v2\/types\/post"}],"author":[{"embeddable":true,"href":"https:\/\/argentinatermal.com.ar\/index.php?rest_route=\/wp\/v2\/users\/1"}],"replies":[{"embeddable":true,"href":"https:\/\/argentinatermal.com.ar\/index.php?rest_route=%2Fwp%2Fv2%2Fcomments&post=2764"}],"version-history":[{"count":1,"href":"https:\/\/argentinatermal.com.ar\/index.php?rest_route=\/wp\/v2\/posts\/2764\/revisions"}],"predecessor-version":[{"id":2767,"href":"https:\/\/argentinatermal.com.ar\/index.php?rest_route=\/wp\/v2\/posts\/2764\/revisions\/2767"}],"wp:featuredmedia":[{"embeddable":true,"href":"https:\/\/argentinatermal.com.ar\/index.php?rest_route=\/wp\/v2\/media\/2768"}],"wp:attachment":[{"href":"https:\/\/argentinatermal.com.ar\/index.php?rest_route=%2Fwp%2Fv2%2Fmedia&parent=2764"}],"wp:term":[{"taxonomy":"category","embeddable":true,"href":"https:\/\/argentinatermal.com.ar\/index.php?rest_route=%2Fwp%2Fv2%2Fcategories&post=2764"},{"taxonomy":"post_tag","embeddable":true,"href":"https:\/\/argentinatermal.com.ar\/index.php?rest_route=%2Fwp%2Fv2%2Ftags&post=2764"}],"curies":[{"name":"wp","href":"https:\/\/api.w.org\/{rel}","templated":true}]}}