{"id":2770,"date":"2019-04-03T21:55:59","date_gmt":"2019-04-04T00:55:59","guid":{"rendered":"http:\/\/argentinatermal.com.ar\/?p=2770"},"modified":"2019-04-04T00:24:18","modified_gmt":"2019-04-04T03:24:18","slug":"apertura-del-vi-congreso-iberoamericano-de-peloides-en-la-provincia-de-neuquen-argentina","status":"publish","type":"post","link":"https:\/\/argentinatermal.com.ar\/?p=2770","title":{"rendered":"Apertura del VI Congreso Iberoamericano de Peloides en la provincia de Neuqu\u00e9n, Argentina"},"content":{"rendered":"\n<p class=\"has-drop-cap\">En el d\u00eda de hoy se \u00a0desarroll\u00f3 la presentaci\u00f3n del VI Congreso Iberoamericano de Peloides-Fango, en la Aula Magna de la Universidad Nacional del Comahue Neuqu\u00e9n. La presentaci\u00f3n fue encabezada por la ministra de Turismo, Marisa Focarazzo.<\/p>\n\n\n\n<figure class=\"wp-block-image\"><img decoding=\"async\" width=\"1024\" height=\"768\" src=\"http:\/\/argentinatermal.com.ar\/wp-content\/uploads\/2019\/04\/IMG-20190403-WA0038-1024x768.jpg\" alt=\"\" class=\"wp-image-2784\" srcset=\"https:\/\/argentinatermal.com.ar\/wp-content\/uploads\/2019\/04\/IMG-20190403-WA0038-1024x768.jpg 1024w, https:\/\/argentinatermal.com.ar\/wp-content\/uploads\/2019\/04\/IMG-20190403-WA0038-300x225.jpg 300w, https:\/\/argentinatermal.com.ar\/wp-content\/uploads\/2019\/04\/IMG-20190403-WA0038-768x576.jpg 768w, https:\/\/argentinatermal.com.ar\/wp-content\/uploads\/2019\/04\/IMG-20190403-WA0038-80x60.jpg 80w, https:\/\/argentinatermal.com.ar\/wp-content\/uploads\/2019\/04\/IMG-20190403-WA0038-265x198.jpg 265w, https:\/\/argentinatermal.com.ar\/wp-content\/uploads\/2019\/04\/IMG-20190403-WA0038-696x522.jpg 696w, https:\/\/argentinatermal.com.ar\/wp-content\/uploads\/2019\/04\/IMG-20190403-WA0038-1068x801.jpg 1068w, https:\/\/argentinatermal.com.ar\/wp-content\/uploads\/2019\/04\/IMG-20190403-WA0038-560x420.jpg 560w, https:\/\/argentinatermal.com.ar\/wp-content\/uploads\/2019\/04\/IMG-20190403-WA0038.jpg 1280w\" sizes=\"(max-width: 1024px) 100vw, 1024px\" \/><figcaption> <br>Integrantes de la mesa de apertura del VI congreso de Peloides Neuqu\u00e9n 2019.<br>Dra. Lorena Vela, Ministro de Salud de la Pcia. Neuqu\u00e9n Bioq. Ricardo Corradi Diez, la Vicerrectora de la UNCO Dra. Adriana Caballero, Ministra de Turismo de Neuqu\u00e9n Lic. Marisa Focarazzo, Intendente de Caviahue Copahue Oscar Mansegoza, Presidente de la Asociacion Iberoamericana de Peloides Dr. Jose Luis Legido Soto   <\/figcaption><\/figure>\n\n\n\n<p>Focarazzo expres\u00f3 que la realizaci\u00f3n del Congreso\nIberoamericano es \u201cun sue\u00f1o de hace muchos a\u00f1os, y realmente podemos decir que\nel turismo se inici\u00f3 en el mundo gracias a las termas. Las Termas de Copahue\nest\u00e1n en el coraz\u00f3n de cada neuquino y nos sentimos orgullosos de recibir a m\u00e1s\nde 50 investigadores que hablar\u00e1n de sus experiencias e investigaciones, y compartir\nsu conocimiento cient\u00edfico en nuestra tierra\u201d.<\/p>\n\n\n\n<p>Asimismo, destac\u00f3 que con el evento \u201creunimos al turismo de\nsalud, al turismo recreativo y tambi\u00e9n al turismo de reuniones. Esto quiere\ndecir que la actividad tur\u00edstica se expande y crece de la mano de las pol\u00edticas\ndel gobierno de Neuqu\u00e9n\u201d.<\/p>\n\n\n\n<p>Durante la presentaci\u00f3n, Mar\u00eda Lorena Vela dijo que el\nCongreso \u201ces un gran puntapi\u00e9, porque el termalismo se sustenta de la\ninvestigaci\u00f3n, y se sustenta cuando logramos dar respuesta a las patolog\u00edas que\nla gente padece. Nosotros vemos la mejor\u00eda de pacientes temporada tras\ntemporada, y con el Congreso daremos el puntapi\u00e9 para lograr datos estad\u00edsticos\ny cl\u00ednicos para posicionar a Copahue desde lo t\u00e9cnico y cient\u00edfico\u201d.<\/p>\n\n\n\n<p>En tanto la Vicerrectora de la Universidad Dra. Adriana Caballero destac\u00f3 que \u201ces un evento muy trascendente desde lo cient\u00edfico, porque es el primero que se realiza en Latinoam\u00e9rica. Hay mucha investigaci\u00f3n que requiere un detalle minucioso en la comprensi\u00f3n de los sistemas, que comprende a diversos profesionales y que la reuni\u00f3n de todos ellos sea en Copahue es un motivo de un enorme orgullo para Neuqu\u00e9n\u201d.<\/p>\n\n\n\n<p>La actividad es organizada por la Sociedad Espa\u00f1ola de\nPeloides Termales, Sociedad Iberoamericana de Peloides, UNCo y Termas del\nNeuqu\u00e9n. Cuenta con el financiamiento del Consejo Federal de Inversiones (CFI),\na trav\u00e9s de la secretar\u00eda de Planificaci\u00f3n y Acci\u00f3n para el Desarrollo-COPADE.<\/p>\n\n\n\n<p>El objetivo de este evento acad\u00e9mico es promover y difundir\nlos estudios e investigaciones relacionados con las aguas mineromedicinales y\nespecialmente sus derivados, los peloides (fangos termales medicinales) y sus\naplicaciones en los campos de la salud, cosm\u00e9tica, seguridad e higiene,\nbacteriolog\u00eda y microbiolog\u00eda, econom\u00eda, sociolog\u00eda, qu\u00edmica, f\u00edsica, las\nciencias naturales, geolog\u00eda, arquitectura, ingenier\u00eda, turismo o cualquier\notra disciplina o actividad cient\u00edfica relacionados directa o indirectamente\ncon la actividad hidrotermal, que se desarrollan a nivel nacional e\ninternacional.<\/p>\n\n\n\n<p>El Congreso est\u00e1 destinado a investigadores, centros de\ninvestigaci\u00f3n, profesionales del \u00e1mbito de la actividad termal y equipos\nprofesionales tanto de instituciones p\u00fablicas como privadas, docentes\nuniversitarios, tambi\u00e9n a estudiantes e investigadores en proceso de formaci\u00f3n\ncient\u00edfica, tanto del pa\u00eds como del exterior. Los disertantes invitados son\ntodos destacados profesionales de diferentes pa\u00edses como Cuba, Portugal,\nEspa\u00f1a, Francia, Chile, Turqu\u00eda y Argentina, entre otros.<\/p>\n\n\n\n<p>En la apertura tambi\u00e9n se aprovecho para las firmas de convenios entre la provincia de Neuqu\u00e9n, la Universidad Nacional de Copahue y la Universidad Nacional de Estambul, la Universidad Complutense de Madrid. Donde las partes se comprometen a:<\/p>\n\n\n\n<ul class=\"wp-block-gallery columns-3 is-cropped wp-block-gallery-1 is-layout-flex wp-block-gallery-is-layout-flex\"><li class=\"blocks-gallery-item\"><figure><img decoding=\"async\" width=\"855\" height=\"1024\" src=\"http:\/\/argentinatermal.com.ar\/wp-content\/uploads\/2019\/04\/IMG-20190403-WA0049-855x1024.jpg\" alt=\"\" data-id=\"2773\" class=\"wp-image-2773\" srcset=\"https:\/\/argentinatermal.com.ar\/wp-content\/uploads\/2019\/04\/IMG-20190403-WA0049-855x1024.jpg 855w, https:\/\/argentinatermal.com.ar\/wp-content\/uploads\/2019\/04\/IMG-20190403-WA0049-251x300.jpg 251w, https:\/\/argentinatermal.com.ar\/wp-content\/uploads\/2019\/04\/IMG-20190403-WA0049-768x920.jpg 768w, https:\/\/argentinatermal.com.ar\/wp-content\/uploads\/2019\/04\/IMG-20190403-WA0049-696x833.jpg 696w, https:\/\/argentinatermal.com.ar\/wp-content\/uploads\/2019\/04\/IMG-20190403-WA0049-351x420.jpg 351w, https:\/\/argentinatermal.com.ar\/wp-content\/uploads\/2019\/04\/IMG-20190403-WA0049.jpg 957w\" sizes=\"(max-width: 855px) 100vw, 855px\" \/><\/figure><\/li><li class=\"blocks-gallery-item\"><figure><img decoding=\"async\" width=\"1024\" height=\"768\" src=\"http:\/\/argentinatermal.com.ar\/wp-content\/uploads\/2019\/04\/IMG-20190403-WA0048-1024x768.jpg\" alt=\"\" data-id=\"2774\" data-link=\"http:\/\/argentinatermal.com.ar\/?attachment_id=2774\" class=\"wp-image-2774\" srcset=\"https:\/\/argentinatermal.com.ar\/wp-content\/uploads\/2019\/04\/IMG-20190403-WA0048-1024x768.jpg 1024w, https:\/\/argentinatermal.com.ar\/wp-content\/uploads\/2019\/04\/IMG-20190403-WA0048-300x225.jpg 300w, https:\/\/argentinatermal.com.ar\/wp-content\/uploads\/2019\/04\/IMG-20190403-WA0048-768x576.jpg 768w, https:\/\/argentinatermal.com.ar\/wp-content\/uploads\/2019\/04\/IMG-20190403-WA0048-80x60.jpg 80w, https:\/\/argentinatermal.com.ar\/wp-content\/uploads\/2019\/04\/IMG-20190403-WA0048-265x198.jpg 265w, https:\/\/argentinatermal.com.ar\/wp-content\/uploads\/2019\/04\/IMG-20190403-WA0048-696x522.jpg 696w, https:\/\/argentinatermal.com.ar\/wp-content\/uploads\/2019\/04\/IMG-20190403-WA0048-1068x801.jpg 1068w, https:\/\/argentinatermal.com.ar\/wp-content\/uploads\/2019\/04\/IMG-20190403-WA0048-560x420.jpg 560w, https:\/\/argentinatermal.com.ar\/wp-content\/uploads\/2019\/04\/IMG-20190403-WA0048.jpg 1280w\" sizes=\"(max-width: 1024px) 100vw, 1024px\" \/><\/figure><\/li><li class=\"blocks-gallery-item\"><figure><img decoding=\"async\" width=\"926\" height=\"1024\" src=\"http:\/\/argentinatermal.com.ar\/wp-content\/uploads\/2019\/04\/IMG-20190403-WA0047-926x1024.jpg\" alt=\"\" data-id=\"2775\" data-link=\"http:\/\/argentinatermal.com.ar\/?attachment_id=2775\" class=\"wp-image-2775\" srcset=\"https:\/\/argentinatermal.com.ar\/wp-content\/uploads\/2019\/04\/IMG-20190403-WA0047-926x1024.jpg 926w, https:\/\/argentinatermal.com.ar\/wp-content\/uploads\/2019\/04\/IMG-20190403-WA0047-271x300.jpg 271w, https:\/\/argentinatermal.com.ar\/wp-content\/uploads\/2019\/04\/IMG-20190403-WA0047-768x850.jpg 768w, https:\/\/argentinatermal.com.ar\/wp-content\/uploads\/2019\/04\/IMG-20190403-WA0047-696x770.jpg 696w, https:\/\/argentinatermal.com.ar\/wp-content\/uploads\/2019\/04\/IMG-20190403-WA0047-380x420.jpg 380w, https:\/\/argentinatermal.com.ar\/wp-content\/uploads\/2019\/04\/IMG-20190403-WA0047.jpg 960w\" sizes=\"(max-width: 926px) 100vw, 926px\" \/><\/figure><\/li><\/ul>\n\n\n\n<ul class=\"wp-block-list\"><li>Asesoramiento\n     mutuo en el \u00e1mbito de las termo-minero-medicinales y fangos, informes,\n     estudios anal\u00edticos (f\u00edsicos-qu\u00edmicos y\/o microbiol\u00f3gicos) etc.<\/li><li>Promoci\u00f3n\n     y realizaci\u00f3n conjunta de proyectos coordinados o concertados de\n     investigaci\u00f3n Cient\u00edfica y T\u00e9cnica en los campos de sus competencias.<\/li><li>Intercambio\n     y cooperaci\u00f3n en el campo de la docencia formaci\u00f3n continuada de t\u00e9cnicos,\n     profesionales y personal laboral mediante cursos, seminarios y otras\n     actividades similares.<\/li><\/ul>\n\n\n\n<p>En el d\u00eda de ma\u00f1ana se visitaran centros termales junto a prensa Nacional e internacional.<\/p>\n\n\n\n<p><strong>Reporte: Marisol Dom\u00ednguez para Argentina Termal<\/strong> <\/p>\n\n\n\n<figure class=\"wp-block-image\"><img decoding=\"async\" width=\"1024\" height=\"215\" src=\"http:\/\/argentinatermal.com.ar\/wp-content\/uploads\/2019\/04\/www.argentinatermal.com_.ar-1-1024x215.jpg\" alt=\"\" class=\"wp-image-2777\" srcset=\"https:\/\/argentinatermal.com.ar\/wp-content\/uploads\/2019\/04\/www.argentinatermal.com_.ar-1-1024x215.jpg 1024w, https:\/\/argentinatermal.com.ar\/wp-content\/uploads\/2019\/04\/www.argentinatermal.com_.ar-1-300x63.jpg 300w, https:\/\/argentinatermal.com.ar\/wp-content\/uploads\/2019\/04\/www.argentinatermal.com_.ar-1-768x161.jpg 768w, https:\/\/argentinatermal.com.ar\/wp-content\/uploads\/2019\/04\/www.argentinatermal.com_.ar-1-696x146.jpg 696w, https:\/\/argentinatermal.com.ar\/wp-content\/uploads\/2019\/04\/www.argentinatermal.com_.ar-1-1068x224.jpg 1068w, https:\/\/argentinatermal.com.ar\/wp-content\/uploads\/2019\/04\/www.argentinatermal.com_.ar-1-2003x420.jpg 2003w\" sizes=\"(max-width: 1024px) 100vw, 1024px\" \/><\/figure>\n","protected":false},"excerpt":{"rendered":"<p>En el d\u00eda de hoy se \u00a0desarroll\u00f3 la presentaci\u00f3n del VI Congreso Iberoamericano de Peloides-Fango, en la Aula Magna de la Universidad Nacional del Comahue Neuqu\u00e9n. La presentaci\u00f3n fue encabezada por la ministra de Turismo, Marisa Focarazzo. Focarazzo expres\u00f3 que la realizaci\u00f3n del Congreso Iberoamericano es \u201cun sue\u00f1o de hace muchos a\u00f1os, y realmente podemos [&hellip;]<\/p>\n","protected":false},"author":1,"featured_media":2776,"comment_status":"open","ping_status":"open","sticky":false,"template":"","format":"standard","meta":{"footnotes":""},"categories":[7,21,15,14,17],"tags":[],"class_list":["post-2770","post","type-post","status-publish","format-standard","has-post-thumbnail","hentry","category-argentina","category-patagonia","category-turismo-de-bienestar","category-turismo-salud","category-turismo-termal"],"_links":{"self":[{"href":"https:\/\/argentinatermal.com.ar\/index.php?rest_route=\/wp\/v2\/posts\/2770","targetHints":{"allow":["GET"]}}],"collection":[{"href":"https:\/\/argentinatermal.com.ar\/index.php?rest_route=\/wp\/v2\/posts"}],"about":[{"href":"https:\/\/argentinatermal.com.ar\/index.php?rest_route=\/wp\/v2\/types\/post"}],"author":[{"embeddable":true,"href":"https:\/\/argentinatermal.com.ar\/index.php?rest_route=\/wp\/v2\/users\/1"}],"replies":[{"embeddable":true,"href":"https:\/\/argentinatermal.com.ar\/index.php?rest_route=%2Fwp%2Fv2%2Fcomments&post=2770"}],"version-history":[{"count":6,"href":"https:\/\/argentinatermal.com.ar\/index.php?rest_route=\/wp\/v2\/posts\/2770\/revisions"}],"predecessor-version":[{"id":2787,"href":"https:\/\/argentinatermal.com.ar\/index.php?rest_route=\/wp\/v2\/posts\/2770\/revisions\/2787"}],"wp:featuredmedia":[{"embeddable":true,"href":"https:\/\/argentinatermal.com.ar\/index.php?rest_route=\/wp\/v2\/media\/2776"}],"wp:attachment":[{"href":"https:\/\/argentinatermal.com.ar\/index.php?rest_route=%2Fwp%2Fv2%2Fmedia&parent=2770"}],"wp:term":[{"taxonomy":"category","embeddable":true,"href":"https:\/\/argentinatermal.com.ar\/index.php?rest_route=%2Fwp%2Fv2%2Fcategories&post=2770"},{"taxonomy":"post_tag","embeddable":true,"href":"https:\/\/argentinatermal.com.ar\/index.php?rest_route=%2Fwp%2Fv2%2Ftags&post=2770"}],"curies":[{"name":"wp","href":"https:\/\/api.w.org\/{rel}","templated":true}]}}