{"id":2823,"date":"2019-04-09T11:07:26","date_gmt":"2019-04-09T14:07:26","guid":{"rendered":"http:\/\/argentinatermal.com.ar\/?p=2823"},"modified":"2019-04-09T11:07:29","modified_gmt":"2019-04-09T14:07:29","slug":"lo-que-dejo-el-vi-congreso-iberoamericano-de-peloides-en-copahue","status":"publish","type":"post","link":"https:\/\/argentinatermal.com.ar\/?p=2823","title":{"rendered":"Lo que dejo el VI Congreso Iberoamericano de Peloides en Copahue"},"content":{"rendered":"\n<p class=\"has-drop-cap\">El s\u00e1bado 6 finaliz\u00f3 el VI Congreso Iberoamericano de Peloides en el complejo termal Copahue. Fueron tres jornadas intensas, donde los mejores cient\u00edficos expusieron sobre las propiedades terap\u00e9uticas del peloide y destacaron la calidad de la arcilla de las termas de Copahue.<\/p>\n\n\n\n<p>El VI Congreso Iberoam\u00e9ricano de Peloides, reuni\u00f3 a cient\u00edficos calificados en la tem\u00e1tica provenientes de distintas partes del mundo que se reunieron en un lugar \u00fanico como Copahue. El objetivo fue poner en debate y actualizar las \u00faltimas investigaciones en el campo de peloides. Durante las exposiciones, se debatieron y expusieron las novedades relacionadas con la investigaci\u00f3n y desarrollo de fangos termales, como sus aplicaciones en la actividad terap\u00e9utica y cosm\u00e9tica.<\/p>\n\n\n\n<p>La apertura fue presidida por la ministra de turismo, Marisa\nFocarazzo, quien agradeci\u00f3 a la Sociedad Iberoamericana de Peloides, \u201cpor haber\nelegido a Copahue, el primer Congreso fuera de Europa, que nos han honrado con\nesa elecci\u00f3n.\u201d Asimismo agradeci\u00f3 a los cient\u00edficos, expositores y p\u00fablico\npresente porque \u201csin su generosidad y conocimiento esto no ser\u00eda posible\u201d, y\npara dar comienzo a las exposiciones indic\u00f3 que \u201clas Termas de Copahue siempre\nlos va a esperar con los brazos abiertos\u201d.<\/p>\n\n\n\n<p>El evento comenz\u00f3 el jueves a partir de las 8, en el\nauditorio del Hotel del Comahue con la exposici\u00f3n del presidente del Congreso\nIberoam\u00e9ricano de Peloides, el Prof. Dr. Jos\u00e9 Luis Legido, quien realiz\u00f3 un\nrecorrido del congreso en estos \u00faltimos a\u00f1os, destacando la importancia y\nmagnitud de la realizaci\u00f3n de este evento en Neuqu\u00e9n y en lo que concierne a la\ncalidad del peloide de Copahue, que calific\u00f3 como: \u201cun lugar \u00fanico en el mundo,\nera el lugar indicado para hacer el congreso. A partir de ahora ser\u00e1 la sede\u201d.\nAsimismo destac\u00f3 el esfuerzo de todo el Organismo de termas para realizar por\nprimera vez en Am\u00e9rica este evento, donde participaron grandes cient\u00edficos y\nprofesionales destacados en la tem\u00e1tica, de diferentes pa\u00edses como Portugal,\nEspa\u00f1a, Francia, Chile, Turqu\u00eda, Cuba y Argentina.<\/p>\n\n\n\n<p>Sobre el Congreso, la anfitriona del Congreso y directora de\nmedicina termal e investigaci\u00f3n del Eproten, la Dra. Lorena Vela&nbsp; expuso la investigaci\u00f3n en \u201cTermalismo\u201d y\ndestac\u00f3 que \u201ces un orgullo haber recibido el VI Congreso Iberoamericano de\nPeloides en nuestra provincia, que es la base de una sociedad cient\u00edfica, que\nse dedica a estudiar el fango-terap\u00e9utico\u201d y destac\u00f3 la importancia de Copahue\nen el marco internacional ya que de las \u201c7 propiedades minero-medicinales\nCopahue cuenta con 5 de ellas: azufre, bicarbonato, hierro, calcio y sulfato,\nlo que las posiciona como \u00fanicas a nivel mundial\u201d. En tanto, la Dra. Vela junto\nal Dr. Nicol\u00e1s Gurnik invitaron a los presentes a realizar un recorrido por el\ncomplejo termal Copahue.<\/p>\n\n\n\n<p>Estuvo presente el Dr. Zeki Karag\u00fclle de Turqu\u00eda, director\nde Ecolog\u00eda e Hidrolog\u00eda en la facultad de medicina de la Universidad de\nEstambul, quien expuso sobre los efectos terap\u00e9uticos de las termas en\npacientes tratados externamente al centro termal usando fango terapia e\nhidroterapia. El Dr. Karag\u00fclle fue calificado por sus pares como \u201cuna eminencia\nen el tema quien desempe\u00f1a sus funciones en una universidad con m\u00e1s 600 a\u00f1os, y\nque fueron atra\u00eddos por las termas de Copahue\u201d.<\/p>\n\n\n\n<p>Tambi\u00e9n particip\u00f3 el Dr. Severiano Persechino, investigador\nde la Universidad de Roma (Italia), considerado uno referentes mundiales de la\ntem\u00e1tica Peloides.<\/p>\n\n\n\n<p>De Espa\u00f1a, adem\u00e1s particip\u00f3 la Dra. en F\u00edsica, Mar\u00eda Lourdes\nMourelle quien explic\u00f3 el \u201cinter\u00e9s de&nbsp;\nlas algas en la formaci\u00f3n de Peloides\u201d. En tanto su par, el Dr.\nFrancisco Maraver, catedr\u00e1tico de la Universidad Complutense, quien es\nconocedor de las termas de Copahue desde hace 10 a\u00f1os, disert\u00f3 sobre \u201cla\nimportancia de la fase l\u00edquida en la propiedades f\u00edsicas de los peloides\u201d. Tambi\u00e9n\nparticip\u00f3 el Dr. Manuel Pozo Rodr\u00edguez, de la facultad de Ciencias de la\nUniversidad de Madrid, centro su exposici\u00f3n sobre la \u201cCaracterizaci\u00f3n de\nBentonitas para su empleo en la preparaci\u00f3n de Peloides\u201d.<\/p>\n\n\n\n<p>Otra disertaci\u00f3n destacada fue la de Dra. Margaret Suarez\nMu\u00f1oz, quien desde Cuba vino a Copahue a disertar sobre el estado del Peloides\nen su pa\u00eds.&nbsp; Y tambi\u00e9n, la del Dr.\nFederico Texeira, Director Cl\u00ednico de las Termas de Monte Real- Portugal, de la\nDra. Alejandra L\u00e9pore, m\u00e9dica dermat\u00f3loga de Bs.As., que expuso sobre los\nefectos antinflamatorios de la aplicaci\u00f3n de agua rica en selenio, como spray\ntermal en pacientes con psoriasis.<\/p>\n\n\n\n<p>De Am\u00e9rica del Sur fueron tambi\u00e9n fueron parte los\nespecialistas en Peloides como Ang\u00e9lica Cruz Concha, M\u00e1g\u00edster en Salud P\u00fablica\nde Chile, quien disert\u00f3 sobre \u201cLas bondades Terap\u00e9uticas de las Fuentes\nTermales y sus Fangos\u201d.<\/p>\n\n\n\n<p>En tanto de Argentina se hicieron presentes destacados\nprofesionales y referentes de la tem\u00e1tica como Nestor H. Dudikand de la\nUniversidad Nacional del Chaco Austral, quien realizo una \u201cEvaluaci\u00f3n del\ncomportamiento T\u00e9rmico de Peloides artificiales extempor\u00e1neos y maduros\u201d; Prof.\nDra. Miria Baschini de la Universidad Nacional del Comahue, quien centro su\ndebate en la Laguna Mar Chiquita (C\u00f3rdoba) y lago Epecu\u00e9n (Buenos Aires), como\nfuentes de peloides y aguas mineromedicinales naturales. Tambi\u00e9n participaron\nespecialistas en Salud como la Dra. Roucco de Neuqu\u00e9n quien hablo sobre las\n\u201cEnfermedades Respiratorias y sus tratamientos termales en Copahue\u201d; y Laura\nMonteverde y Marcelo Carrascal expusieron el proyecto ANDES, una plataforma\ntecnol\u00f3gica al servicio del proceso del Cuidado de la Salud y su experiencia en\nel centro termal\u201d. Estos fueron algunos de los muchos disertantes destacados\nque participaron del evento acad\u00e9mico.<\/p>\n\n\n\n<p>Al ser un congreso que abarca m\u00faltiples disciplinas fueron invitados, ge\u00f3logos, ge\u00f3grafos, m\u00e9dicos de diversas especialidades como dermat\u00f3logos, reumat\u00f3logos, neum\u00f3logos, otorrinos, pediatras, neur\u00f3logos, rehabilitadores, ginec\u00f3logos. Asimismo se invitaron veterinarios, ingenieros de diversas ramas, farmac\u00e9uticos; bi\u00f3logos, licenciados en kinesiolog\u00eda, enfermeros, biotecn\u00f3logos, y personal de salud, medio ambiente y turismo.<\/p>\n\n\n\n<p>fuente. <a rel=\"noreferrer noopener\" aria-label=\" (abre en una nueva pesta\u00f1a)\" href=\"https:\/\/bit.ly\/2P2tixi\" target=\"_blank\">https:\/\/bit.ly\/2P2tixi<\/a><\/p>\n\n\n\n<figure class=\"wp-block-image\"><img decoding=\"async\" width=\"728\" height=\"90\" src=\"http:\/\/argentinatermal.com.ar\/wp-content\/uploads\/2019\/04\/CANOES-3-2.jpg\" alt=\"\" class=\"wp-image-2824\" srcset=\"https:\/\/argentinatermal.com.ar\/wp-content\/uploads\/2019\/04\/CANOES-3-2.jpg 728w, https:\/\/argentinatermal.com.ar\/wp-content\/uploads\/2019\/04\/CANOES-3-2-300x37.jpg 300w, https:\/\/argentinatermal.com.ar\/wp-content\/uploads\/2019\/04\/CANOES-3-2-696x86.jpg 696w\" sizes=\"(max-width: 728px) 100vw, 728px\" \/><\/figure>\n\n\n\n<hr class=\"wp-block-separator\" \/>\n","protected":false},"excerpt":{"rendered":"<p>El s\u00e1bado 6 finaliz\u00f3 el VI Congreso Iberoamericano de Peloides en el complejo termal Copahue. Fueron tres jornadas intensas, donde los mejores cient\u00edficos expusieron sobre las propiedades terap\u00e9uticas del peloide y destacaron la calidad de la arcilla de las termas de Copahue. El VI Congreso Iberoam\u00e9ricano de Peloides, reuni\u00f3 a cient\u00edficos calificados en la tem\u00e1tica [&hellip;]<\/p>\n","protected":false},"author":1,"featured_media":2825,"comment_status":"open","ping_status":"open","sticky":false,"template":"","format":"standard","meta":{"footnotes":""},"categories":[21],"tags":[],"class_list":["post-2823","post","type-post","status-publish","format-standard","has-post-thumbnail","hentry","category-patagonia"],"_links":{"self":[{"href":"https:\/\/argentinatermal.com.ar\/index.php?rest_route=\/wp\/v2\/posts\/2823","targetHints":{"allow":["GET"]}}],"collection":[{"href":"https:\/\/argentinatermal.com.ar\/index.php?rest_route=\/wp\/v2\/posts"}],"about":[{"href":"https:\/\/argentinatermal.com.ar\/index.php?rest_route=\/wp\/v2\/types\/post"}],"author":[{"embeddable":true,"href":"https:\/\/argentinatermal.com.ar\/index.php?rest_route=\/wp\/v2\/users\/1"}],"replies":[{"embeddable":true,"href":"https:\/\/argentinatermal.com.ar\/index.php?rest_route=%2Fwp%2Fv2%2Fcomments&post=2823"}],"version-history":[{"count":1,"href":"https:\/\/argentinatermal.com.ar\/index.php?rest_route=\/wp\/v2\/posts\/2823\/revisions"}],"predecessor-version":[{"id":2826,"href":"https:\/\/argentinatermal.com.ar\/index.php?rest_route=\/wp\/v2\/posts\/2823\/revisions\/2826"}],"wp:featuredmedia":[{"embeddable":true,"href":"https:\/\/argentinatermal.com.ar\/index.php?rest_route=\/wp\/v2\/media\/2825"}],"wp:attachment":[{"href":"https:\/\/argentinatermal.com.ar\/index.php?rest_route=%2Fwp%2Fv2%2Fmedia&parent=2823"}],"wp:term":[{"taxonomy":"category","embeddable":true,"href":"https:\/\/argentinatermal.com.ar\/index.php?rest_route=%2Fwp%2Fv2%2Fcategories&post=2823"},{"taxonomy":"post_tag","embeddable":true,"href":"https:\/\/argentinatermal.com.ar\/index.php?rest_route=%2Fwp%2Fv2%2Ftags&post=2823"}],"curies":[{"name":"wp","href":"https:\/\/api.w.org\/{rel}","templated":true}]}}