{"id":2881,"date":"2019-05-02T12:42:41","date_gmt":"2019-05-02T15:42:41","guid":{"rendered":"http:\/\/argentinatermal.com.ar\/?p=2881"},"modified":"2019-05-02T12:42:42","modified_gmt":"2019-05-02T15:42:42","slug":"termatalia-se-presenta-como-ejemplo-de-cooperacion-internacional-en-el-xiv-congreso-de-la-union-de-ferias-iberoamericanas-unifib-que-se-celebra-estos-dias-en-barcelona","status":"publish","type":"post","link":"https:\/\/argentinatermal.com.ar\/?p=2881","title":{"rendered":"Termatalia se presenta como ejemplo de cooperaci\u00f3n internacional en el XIV Congreso de la Uni\u00f3n de Ferias Iberoamericanas, UNIFIB, que se celebra estos d\u00edas en Barcelona"},"content":{"rendered":"\n<p class=\"has-drop-cap\"> La directora adjunta de Expourense, Emma Gonz\u00e1lez, particip\u00f3 esta ma\u00f1ana como ponente en el programa del XIV Congreso de la Uni\u00f3n de Ferias Iberoamericanas, UNIF, que se celebra desde ayer y hasta el s\u00e1bado en Barcelona, ejerciendo FIRA de Barcelona de anfitriona del evento.<br>La directora adjunta de Expourense particip\u00f3 en la mesa redonda sobre \u201cModelos de cooperaci\u00f3n internacional en la industria ferial\u201d junto a Jaime de la Figuera de IFEMA-Madrid, Ricard Zapatero de Fira de Barcelona y Mario Cajiao de Corferias en Colombia. Est\u00e1 mesa estuvo moderada por Mario Goffard del Bilbao Exhibition Center (BEC).\u00a0\u00a0<br>Durante su ponencia, Emma Gonz\u00e1lez habl\u00f3 de Termatalia, feria Internacional de Turismo Termal, Salud y Bienestar como ejemplo de cooperaci\u00f3n internacional, ya que esta feria est\u00e1 considerada el puente termal entre Europa y Am\u00e9rica Latina y re\u00fane en cada edici\u00f3n a profesionales de m\u00e1s de 30 pa\u00edses. Expourense fue adem\u00e1s el primer recinto ferial que organiz\u00f3 una de sus ferias fuera de Espa\u00f1a. Fue en 2012 con la celebraci\u00f3n de Termatalia Per\u00fa en El Callao-Lima, Desde entonces, en los a\u00f1os pares la feria celebra una nueva edici\u00f3n en Am\u00e9rica Latina contando siempre con el apoyo y la cooperaci\u00f3n de un partner local que apuesta para convertirse en sede del evento y con la colaboraci\u00f3n de los principales agentes p\u00fablicos uy privados relacionados con el sector del turismo de salud.\u00a0<br>En 2014 se celebr\u00f3 en Termas de R\u00edo Hondo, en la provincia argentina de Santiago del Estero; en 2016 en Saltillo, en el Estado mexicano de Coahuila de Zaragoza y en 2018 se celebr\u00f3 en Foz de Igua\u00e7u, en Brasil. Termatalia 2019 se celebrar\u00e1 en su sede habitual en Europa, la capital termal de Ourense. <\/p>\n\n\n\n<p>Fuente: <a rel=\"noreferrer noopener\" aria-label=\" (abre en una nueva pesta\u00f1a)\" href=\"https:\/\/bit.ly\/2Lin8L6\" target=\"_blank\">https:\/\/bit.ly\/2Lin8L6<\/a><\/p>\n\n\n\n<figure class=\"wp-block-image\"><img decoding=\"async\" width=\"1024\" height=\"215\" src=\"http:\/\/argentinatermal.com.ar\/wp-content\/uploads\/2019\/04\/www.argentinatermal.com_.ar-1-1-1024x215.jpg\" alt=\"\" class=\"wp-image-2790\" srcset=\"https:\/\/argentinatermal.com.ar\/wp-content\/uploads\/2019\/04\/www.argentinatermal.com_.ar-1-1-1024x215.jpg 1024w, https:\/\/argentinatermal.com.ar\/wp-content\/uploads\/2019\/04\/www.argentinatermal.com_.ar-1-1-300x63.jpg 300w, https:\/\/argentinatermal.com.ar\/wp-content\/uploads\/2019\/04\/www.argentinatermal.com_.ar-1-1-768x161.jpg 768w, https:\/\/argentinatermal.com.ar\/wp-content\/uploads\/2019\/04\/www.argentinatermal.com_.ar-1-1-696x146.jpg 696w, https:\/\/argentinatermal.com.ar\/wp-content\/uploads\/2019\/04\/www.argentinatermal.com_.ar-1-1-1068x224.jpg 1068w, https:\/\/argentinatermal.com.ar\/wp-content\/uploads\/2019\/04\/www.argentinatermal.com_.ar-1-1-2003x420.jpg 2003w\" sizes=\"(max-width: 1024px) 100vw, 1024px\" \/><\/figure>\n","protected":false},"excerpt":{"rendered":"<p>La directora adjunta de Expourense, Emma Gonz\u00e1lez, particip\u00f3 esta ma\u00f1ana como ponente en el programa del XIV Congreso de la Uni\u00f3n de Ferias Iberoamericanas, UNIF, que se celebra desde ayer y hasta el s\u00e1bado en Barcelona, ejerciendo FIRA de Barcelona de anfitriona del evento.La directora adjunta de Expourense particip\u00f3 en la mesa redonda sobre \u201cModelos [&hellip;]<\/p>\n","protected":false},"author":1,"featured_media":2882,"comment_status":"open","ping_status":"open","sticky":false,"template":"","format":"standard","meta":{"footnotes":""},"categories":[12],"tags":[],"class_list":["post-2881","post","type-post","status-publish","format-standard","has-post-thumbnail","hentry","category-internacionales"],"_links":{"self":[{"href":"https:\/\/argentinatermal.com.ar\/index.php?rest_route=\/wp\/v2\/posts\/2881","targetHints":{"allow":["GET"]}}],"collection":[{"href":"https:\/\/argentinatermal.com.ar\/index.php?rest_route=\/wp\/v2\/posts"}],"about":[{"href":"https:\/\/argentinatermal.com.ar\/index.php?rest_route=\/wp\/v2\/types\/post"}],"author":[{"embeddable":true,"href":"https:\/\/argentinatermal.com.ar\/index.php?rest_route=\/wp\/v2\/users\/1"}],"replies":[{"embeddable":true,"href":"https:\/\/argentinatermal.com.ar\/index.php?rest_route=%2Fwp%2Fv2%2Fcomments&post=2881"}],"version-history":[{"count":1,"href":"https:\/\/argentinatermal.com.ar\/index.php?rest_route=\/wp\/v2\/posts\/2881\/revisions"}],"predecessor-version":[{"id":2883,"href":"https:\/\/argentinatermal.com.ar\/index.php?rest_route=\/wp\/v2\/posts\/2881\/revisions\/2883"}],"wp:featuredmedia":[{"embeddable":true,"href":"https:\/\/argentinatermal.com.ar\/index.php?rest_route=\/wp\/v2\/media\/2882"}],"wp:attachment":[{"href":"https:\/\/argentinatermal.com.ar\/index.php?rest_route=%2Fwp%2Fv2%2Fmedia&parent=2881"}],"wp:term":[{"taxonomy":"category","embeddable":true,"href":"https:\/\/argentinatermal.com.ar\/index.php?rest_route=%2Fwp%2Fv2%2Fcategories&post=2881"},{"taxonomy":"post_tag","embeddable":true,"href":"https:\/\/argentinatermal.com.ar\/index.php?rest_route=%2Fwp%2Fv2%2Ftags&post=2881"}],"curies":[{"name":"wp","href":"https:\/\/api.w.org\/{rel}","templated":true}]}}