{"id":2924,"date":"2019-05-08T08:17:14","date_gmt":"2019-05-08T11:17:14","guid":{"rendered":"http:\/\/argentinatermal.com.ar\/?p=2924"},"modified":"2019-05-08T08:19:06","modified_gmt":"2019-05-08T11:19:06","slug":"veinticinco-expertos-en-turismo-de-salud-de-espana-y-portugal-perfilan-las-acciones-de-la-semana-termatalia","status":"publish","type":"post","link":"https:\/\/argentinatermal.com.ar\/?p=2924","title":{"rendered":"Veinticinco expertos en turismo de salud de Espa\u00f1a y Portugal perfilan las acciones de la \u201cSemana Termatalia\u201d"},"content":{"rendered":"\n<h3 class=\"wp-block-heading\">&gt;&gt; Entre el 17 y el 21 de septiembre, Ourense ser\u00e1 la sede de la 19\u00aa Feria Internacional del Turismo Termal, Salud y Bienestar y tambi\u00e9n del Congreso Internacional sobre Termalismo y Reto Demogr\u00e1fico organizado por el proyecto \u201cRaia Termal\u201d y del III Symposium sobre Termalismo y Calidad de Vida<\/h3>\n\n\n\n<p class=\"has-drop-cap\"> En la ciudad de Ourense- Veinticinco expertos en turismo de salud e industria termal integrados en el comit\u00e9 asesor de Termatalia se reunieron esta ma\u00f1ana en el Centro Cultural de la Diputaci\u00f3n Provincial de Ourense para perfilar las acciones profesionales de la que ser\u00e1 ya la 19\u00aa edici\u00f3n de la Feria Internacional de Turismo Termal, Salud y Bienestar y que se celebrar\u00e1 de nuevo en la capital termal ourensana contando con Brasil como pa\u00eds invitado.<\/p>\n\n\n\n<p>El comit\u00e9 asesor perfil\u00f3 las acciones de la denominada \u201cSemana Termatalia\u201d que concentrar\u00e1 en la provincia de Ourense, entre el 17 y el 21 de septiembre, tres importantes eventos internacionales relacionados con el turismo de salud. Coincidiendo con la celebraci\u00f3n de Termatalia los d\u00edas 19 y 20 de septiembre y aprovechando las sinergias que crea la feria reuniendo en Ourense a profesionales del sector de una treintena de pa\u00edses, se celebrar\u00e1n de forma complementaria dos congresos m\u00e1s que contribuir\u00e1n al desarrollo del sector posicionando a Ourense capital, provincia y a Galicia en general como centros internacionales de capacitaci\u00f3n termal. La 2Semana termatalia\u201d arrancar\u00e1 con el Congreso Internacional sobre Termalismo y Reto Demogr\u00e1fico organizado por el proyecto \u201cRaia Termal\u201d en el Balnearios de Lobios con el liderazgo de la Diputaci\u00f3n Provincial de Ourense, la Confederaci\u00f3n Hidrogr\u00e1fica Mi\u00f1o-Sil y los municipios termales transfronterizos y financiado con Fondos Interrreg de la Uni\u00f3n Europea. El otro encuentro profesional de la semana ser\u00e1 la III edici\u00f3n del Symposium sobre Termalismo y Calidad de Vida liderado por el Campus del Agua de la Universidad de Vigo.&nbsp;<\/p>\n\n\n\n<figure class=\"wp-block-image\"><img decoding=\"async\" width=\"800\" height=\"533\" src=\"http:\/\/argentinatermal.com.ar\/wp-content\/uploads\/2019\/05\/f1He5hV.jpg\" alt=\"\" class=\"wp-image-2926\" srcset=\"https:\/\/argentinatermal.com.ar\/wp-content\/uploads\/2019\/05\/f1He5hV.jpg 800w, https:\/\/argentinatermal.com.ar\/wp-content\/uploads\/2019\/05\/f1He5hV-300x200.jpg 300w, https:\/\/argentinatermal.com.ar\/wp-content\/uploads\/2019\/05\/f1He5hV-768x512.jpg 768w, https:\/\/argentinatermal.com.ar\/wp-content\/uploads\/2019\/05\/f1He5hV-696x464.jpg 696w, https:\/\/argentinatermal.com.ar\/wp-content\/uploads\/2019\/05\/f1He5hV-630x420.jpg 630w\" sizes=\"(max-width: 800px) 100vw, 800px\" \/><\/figure>\n\n\n\n<p>En esta primera reuni\u00f3n de Termatalia arroparon a la nueva directora de la feria, Emma Gonz\u00e1lez, la directora de la Agencia Gallega de Turismo, Nava Castro; el alcalde de Ourense y vicepresidente ejecutivo de Expourense, Jes\u00fas V\u00e1zquez; la diputada provincial de Termalismo, Ana Villarino; el concejal de Termalismo de Ourense, Jorge Pumar; el vicepresidente de la C\u00e1mara Municipal de Chaves., Francisco Antonio Chaves de Melo; el director territorial del ICEX en Galicia, Sergio Prieto; el presidente de la Sociedad Espa\u00f1ola de Hidrolog\u00eda M\u00e9dica, Francisco Maraver; el representante de Balnearios de Galicia, Rafael Lua\u00f1a; el gerente del Cl\u00faster del Agua Mineral y Termal de Galicia, Benigno Amor; el representante del Cl\u00faster de Turismo de Galicia, Ovidio Fern\u00e1ndez; el presidente de la Sociedad Iberoamericana de Peloides Termales, Jos\u00e9 Luis Legido; la vicerrectora del campus de Ourense, Esther de Blas; la profesora de la Facultad de CC. Empresariales y Turismo y miembro del Campus del Agua, Elisa Al\u00e9n; el gerente del Grupo Caldaria, Javier Soto; el coordinador de Termas Centro Portugal, Adriano Barreto; el miembro de la Asociaci\u00f3n Iberoamericana de Termalismo y Bienestar, Antonio Freire; el director del Master de Turismo de Salud del Campus de Ourense, Jos\u00e9 Antonio Fraiz; la doctora en Ciencias Qu\u00edmicas e investigadora termal Marita Souto; el representante para Galicia de la Federaci\u00f3n Espa\u00f1ola de Agencias de Viajes; Jos\u00e9 Luis L\u00f3pez, y el vicepresidente de la Asociaci\u00f3n de Hospitales Privados de Galicia, Jos\u00e9 Ignacio Vidal.<\/p>\n\n\n\n<p>La directora de la Agencia de Turismo de Galicia, Nava Castro, incidi\u00f3 durante su intervenci\u00f3n en que Galicia tiene herramientas como su gran potencial termal, la C\u00e1tedra de Hidrolog\u00eda M\u00e9dica o el Cl\u00faster del Agua Mineral y Termal que la capacitan para ser referencia termal internacional tanto en Am\u00e9rica Latina como en Europa y que el sector debe de seguir trabajando y profesionaliz\u00e1ndose para aprovechar y poner en valor la oportunidad que supone contar con aguas termales a lo largo de todo el territorio.<\/p>\n\n\n\n<p>La presencia en este comit\u00e9 de representantes de distintas administraciones, de empresas, asociaciones profesionales y Universidad, posiciona a Termatalia como un ejemplo de cooperaci\u00f3n p\u00fablico-privada internacional y la ratifica en su papel de puente de conexi\u00f3n entre el termalismo europeo y el latinoamericano.&nbsp;<\/p>\n\n\n\n<p>La profesionalizaci\u00f3n del sector, tanto a nivel tur\u00edstico como industrial y empresarial seguir\u00e1 ocupando un lugar destacado en la pr\u00f3xima edici\u00f3n de la feria a trav\u00e9s de la Bolsa de Contrataci\u00f3n Tur\u00edstica entre Touroperadores y Establecimientos tur\u00edsticos, Proveedores de Bienes de Equipo y potenciales importadores de diversos pa\u00edses, aguas de bebida envasadas y distribuidores as\u00ed como visitantes profesionales procedentes de una treintena de pa\u00edses. Adem\u00e1s, la celebraci\u00f3n de la feria en Galicia tiene el valor a\u00f1adido de ofrecerles a los profesionales internacionales la posibilidad de realizar rutas por la comunidad para conocer in situ la oferta de bienestar del entorno, lo que contribuir\u00e1 a la promoci\u00f3n internacional de esta comunidad como l\u00edder en Turismo Termal en Espa\u00f1a. <\/p>\n\n\n\n<p>Fuente:<a rel=\"noreferrer noopener\" aria-label=\" (abre en una nueva pesta\u00f1a)\" href=\"https:\/\/bit.ly\/2VkR51H\" target=\"_blank\">https:\/\/bit.ly\/2VkR51H<\/a><\/p>\n\n\n\n<figure class=\"wp-block-image\"><img decoding=\"async\" width=\"1024\" height=\"215\" src=\"http:\/\/argentinatermal.com.ar\/wp-content\/uploads\/2019\/05\/www.argentinatermal.com_.ar-1-1024x215.jpg\" alt=\"\" class=\"wp-image-2886\" srcset=\"https:\/\/argentinatermal.com.ar\/wp-content\/uploads\/2019\/05\/www.argentinatermal.com_.ar-1-1024x215.jpg 1024w, https:\/\/argentinatermal.com.ar\/wp-content\/uploads\/2019\/05\/www.argentinatermal.com_.ar-1-300x63.jpg 300w, https:\/\/argentinatermal.com.ar\/wp-content\/uploads\/2019\/05\/www.argentinatermal.com_.ar-1-768x161.jpg 768w, https:\/\/argentinatermal.com.ar\/wp-content\/uploads\/2019\/05\/www.argentinatermal.com_.ar-1-696x146.jpg 696w, https:\/\/argentinatermal.com.ar\/wp-content\/uploads\/2019\/05\/www.argentinatermal.com_.ar-1-1068x224.jpg 1068w, https:\/\/argentinatermal.com.ar\/wp-content\/uploads\/2019\/05\/www.argentinatermal.com_.ar-1-2003x420.jpg 2003w\" sizes=\"(max-width: 1024px) 100vw, 1024px\" \/><\/figure>\n","protected":false},"excerpt":{"rendered":"<p>&gt;&gt; Entre el 17 y el 21 de septiembre, Ourense ser\u00e1 la sede de la 19\u00aa Feria Internacional del Turismo Termal, Salud y Bienestar y tambi\u00e9n del Congreso Internacional sobre Termalismo y Reto Demogr\u00e1fico organizado por el proyecto \u201cRaia Termal\u201d y del III Symposium sobre Termalismo y Calidad de Vida En la ciudad de Ourense- [&hellip;]<\/p>\n","protected":false},"author":1,"featured_media":2925,"comment_status":"open","ping_status":"open","sticky":false,"template":"","format":"standard","meta":{"footnotes":""},"categories":[12,15,14,22,17],"tags":[],"class_list":["post-2924","post","type-post","status-publish","format-standard","has-post-thumbnail","hentry","category-internacionales","category-turismo-de-bienestar","category-turismo-salud","category-turismo-sostenible","category-turismo-termal"],"_links":{"self":[{"href":"https:\/\/argentinatermal.com.ar\/index.php?rest_route=\/wp\/v2\/posts\/2924","targetHints":{"allow":["GET"]}}],"collection":[{"href":"https:\/\/argentinatermal.com.ar\/index.php?rest_route=\/wp\/v2\/posts"}],"about":[{"href":"https:\/\/argentinatermal.com.ar\/index.php?rest_route=\/wp\/v2\/types\/post"}],"author":[{"embeddable":true,"href":"https:\/\/argentinatermal.com.ar\/index.php?rest_route=\/wp\/v2\/users\/1"}],"replies":[{"embeddable":true,"href":"https:\/\/argentinatermal.com.ar\/index.php?rest_route=%2Fwp%2Fv2%2Fcomments&post=2924"}],"version-history":[{"count":2,"href":"https:\/\/argentinatermal.com.ar\/index.php?rest_route=\/wp\/v2\/posts\/2924\/revisions"}],"predecessor-version":[{"id":2928,"href":"https:\/\/argentinatermal.com.ar\/index.php?rest_route=\/wp\/v2\/posts\/2924\/revisions\/2928"}],"wp:featuredmedia":[{"embeddable":true,"href":"https:\/\/argentinatermal.com.ar\/index.php?rest_route=\/wp\/v2\/media\/2925"}],"wp:attachment":[{"href":"https:\/\/argentinatermal.com.ar\/index.php?rest_route=%2Fwp%2Fv2%2Fmedia&parent=2924"}],"wp:term":[{"taxonomy":"category","embeddable":true,"href":"https:\/\/argentinatermal.com.ar\/index.php?rest_route=%2Fwp%2Fv2%2Fcategories&post=2924"},{"taxonomy":"post_tag","embeddable":true,"href":"https:\/\/argentinatermal.com.ar\/index.php?rest_route=%2Fwp%2Fv2%2Ftags&post=2924"}],"curies":[{"name":"wp","href":"https:\/\/api.w.org\/{rel}","templated":true}]}}