{"id":2972,"date":"2019-05-21T12:07:26","date_gmt":"2019-05-21T15:07:26","guid":{"rendered":"http:\/\/argentinatermal.com.ar\/?p=2972"},"modified":"2019-05-21T12:10:09","modified_gmt":"2019-05-21T15:10:09","slug":"aguas-do-parano-confirma-su-presencia-en-el-bar-de-aguas-de-termatalia-2019","status":"publish","type":"post","link":"https:\/\/argentinatermal.com.ar\/?p=2972","title":{"rendered":"Aguas do Para\u00f1o confirma su presencia en el Bar de Aguas de Termatalia 2019"},"content":{"rendered":"\n<h5 class=\"wp-block-heading\">&gt;&gt; Esta empresa gallega participar\u00e1 tambi\u00e9n en la Cata Internacional de Aguas<\/h5>\n\n\n\n<p class=\"has-drop-cap\">\n\nAguas do Para\u00f1o ha confirmado ya su participaci\u00f3n en Termatalia 2019, la Feria Internacional de Turismo Termal, Salud y Bienestar que se celebrar\u00e1 en Ourense los d\u00edas 19 y 20 de septiembre. Esta empresa estar\u00e1 presente en el Bar de Aguas de la feria que re\u00fane a marcas internacionales para dar a conocer al p\u00fablico los distintos tipos de agua mineral existentes. Contar\u00e1 adem\u00e1s con un stand independiente para explicar las caracter\u00edsticas de su agua y su distribuci\u00f3n en la que predomina el servicio a domicilio al cliente final.<\/p>\n\n\n\n<p>La presencia en el Bar de Aguas le da acceso directo a esta marca a participar en la que ser\u00e1 la 17\u00aa Cata Internacional de Aguas. Durante su participaci\u00f3n en anteriores ediciones de Termatalia, ha conseguido importantes premios en esta prueba internacional y que la empresa utiliza como herramienta de marketing para promocionar la calidad de sus aguas de mineralizaci\u00f3n muy d\u00e9bil. El agua del Para\u00f1o, fue declarada en 2008, Agua Mineral Natural de Mineralizaci\u00f3n Muy D\u00e9bil, por su bajo contenido de Residuo Seco, siendo apta y recomendada para la alimentaci\u00f3n infantil.<\/p>\n\n\n\n<p>Aguas do Para\u00f1o es una empresa de distribuci\u00f3n a domicilio de botellas de agua mineral natural desde el a\u00f1o 2010. Cuentan con un alto grado de fidelidad entre sus clientes.\n\n<\/p>\n\n\n\n<p>Fuente:<a href=\"https:\/\/bit.ly\/2JX3WjF\" target=\"_blank\" rel=\"noreferrer noopener\" aria-label=\" (opens in a new tab)\">https:\/\/bit.ly\/2JX3WjF<\/a><\/p>\n\n\n\n<figure class=\"wp-block-image\"><img decoding=\"async\" width=\"1024\" height=\"215\" src=\"http:\/\/argentinatermal.com.ar\/wp-content\/uploads\/2019\/05\/www.argentinatermal.com_.ar-1-1024x215.jpg\" alt=\"\" class=\"wp-image-2886\" srcset=\"https:\/\/argentinatermal.com.ar\/wp-content\/uploads\/2019\/05\/www.argentinatermal.com_.ar-1-1024x215.jpg 1024w, https:\/\/argentinatermal.com.ar\/wp-content\/uploads\/2019\/05\/www.argentinatermal.com_.ar-1-300x63.jpg 300w, https:\/\/argentinatermal.com.ar\/wp-content\/uploads\/2019\/05\/www.argentinatermal.com_.ar-1-768x161.jpg 768w, https:\/\/argentinatermal.com.ar\/wp-content\/uploads\/2019\/05\/www.argentinatermal.com_.ar-1-696x146.jpg 696w, https:\/\/argentinatermal.com.ar\/wp-content\/uploads\/2019\/05\/www.argentinatermal.com_.ar-1-1068x224.jpg 1068w, https:\/\/argentinatermal.com.ar\/wp-content\/uploads\/2019\/05\/www.argentinatermal.com_.ar-1-2003x420.jpg 2003w\" sizes=\"(max-width: 1024px) 100vw, 1024px\" \/><\/figure>\n","protected":false},"excerpt":{"rendered":"<p>&gt;&gt; Esta empresa gallega participar\u00e1 tambi\u00e9n en la Cata Internacional de Aguas Aguas do Para\u00f1o ha confirmado ya su participaci\u00f3n en Termatalia 2019, la Feria Internacional de Turismo Termal, Salud y Bienestar que se celebrar\u00e1 en Ourense los d\u00edas 19 y 20 de septiembre. Esta empresa estar\u00e1 presente en el Bar de Aguas de la [&hellip;]<\/p>\n","protected":false},"author":1,"featured_media":2973,"comment_status":"open","ping_status":"open","sticky":false,"template":"","format":"standard","meta":{"footnotes":""},"categories":[29,30],"tags":[],"class_list":["post-2972","post","type-post","status-publish","format-standard","has-post-thumbnail","hentry","category-datos-utiles","category-temas-relacionados"],"_links":{"self":[{"href":"https:\/\/argentinatermal.com.ar\/index.php?rest_route=\/wp\/v2\/posts\/2972","targetHints":{"allow":["GET"]}}],"collection":[{"href":"https:\/\/argentinatermal.com.ar\/index.php?rest_route=\/wp\/v2\/posts"}],"about":[{"href":"https:\/\/argentinatermal.com.ar\/index.php?rest_route=\/wp\/v2\/types\/post"}],"author":[{"embeddable":true,"href":"https:\/\/argentinatermal.com.ar\/index.php?rest_route=\/wp\/v2\/users\/1"}],"replies":[{"embeddable":true,"href":"https:\/\/argentinatermal.com.ar\/index.php?rest_route=%2Fwp%2Fv2%2Fcomments&post=2972"}],"version-history":[{"count":2,"href":"https:\/\/argentinatermal.com.ar\/index.php?rest_route=\/wp\/v2\/posts\/2972\/revisions"}],"predecessor-version":[{"id":2975,"href":"https:\/\/argentinatermal.com.ar\/index.php?rest_route=\/wp\/v2\/posts\/2972\/revisions\/2975"}],"wp:featuredmedia":[{"embeddable":true,"href":"https:\/\/argentinatermal.com.ar\/index.php?rest_route=\/wp\/v2\/media\/2973"}],"wp:attachment":[{"href":"https:\/\/argentinatermal.com.ar\/index.php?rest_route=%2Fwp%2Fv2%2Fmedia&parent=2972"}],"wp:term":[{"taxonomy":"category","embeddable":true,"href":"https:\/\/argentinatermal.com.ar\/index.php?rest_route=%2Fwp%2Fv2%2Fcategories&post=2972"},{"taxonomy":"post_tag","embeddable":true,"href":"https:\/\/argentinatermal.com.ar\/index.php?rest_route=%2Fwp%2Fv2%2Ftags&post=2972"}],"curies":[{"name":"wp","href":"https:\/\/api.w.org\/{rel}","templated":true}]}}