{"id":3037,"date":"2019-06-06T11:25:00","date_gmt":"2019-06-06T14:25:00","guid":{"rendered":"http:\/\/argentinatermal.com.ar\/?p=3037"},"modified":"2019-06-06T11:25:02","modified_gmt":"2019-06-06T14:25:02","slug":"fehgra-presenta-en-villaguay-provincia-de-entre-rios-argentina-el-paquete-especial-para-participar-en-termatalia-2019","status":"publish","type":"post","link":"https:\/\/argentinatermal.com.ar\/?p=3037","title":{"rendered":"FEHGRA presenta en Villaguay, provincia de Entre R\u00edos (Argentina), el paquete especial para participar en Termatalia 2019"},"content":{"rendered":"\n<h3 class=\"wp-block-heading\">&gt;&gt; La Federaci\u00f3n Empresarial Hotelera Gastron\u00f3mica de la Rep\u00fablica Argentina organiza una nueva misi\u00f3n de empresarios del sector a la Feria Internacional de Turismo Termal, Salud y Bienestar<\/h3>\n\n\n\n<p>\n\nLa ciudad de Villaguay, en la provincia argentina de Entre R\u00edos, acogi\u00f3 ayer la presentaci\u00f3n del paquete especial que la Federaci\u00f3n Empresarial Hotelera Gastron\u00f3mica de la Rep\u00fablica Argentina, FEHGRA, ha preparado para organizar una misi\u00f3n empresarial que participar\u00e1 activamente en Termatalia, la Feria Internacional de Turismo Termal, Salud y Bienestar que se celebrar\u00e1 en Ourense (Galicia-Espa\u00f1a) entre el 17 y el 21 de septiembre pr\u00f3ximos.<\/p>\n\n\n\n<p>Esta presentaci\u00f3n a empresarios del sector hotelero corri\u00f3 a cargo de la representante del departamento de Turismo de FEHGRA, Alicia Punt\u00edn, acompa\u00f1ada, entre otros, por la secretaria de Turismo de la provincia de Entre R\u00edos, Carolina Gaillard, y de la secretaria de Turismo de Federaci\u00f3n, Graciela Racedo.<\/p>\n\n\n\n<p>El paquete de visitante profesional de Termatalia 2019 organizado por FEHGRA incluye la participaci\u00f3n en la feria y tambi\u00e9n en las actividades formativas complementarias a ella como el Congreso sobre Termalismo y reto demogr\u00e1fico organizado por el proyecto Raia Termal; el Simpiosio Internacional sobre Termalismo y Calidad de Vida organizado por la Universidad de Vigo- Campus del Agua y el propio programa acad\u00e9mico de Termatalia denominado Encuentro Internacional sobre Agua y Termalismo. Este paquete incluye adem\u00e1s la visita in situ a infraestructuras termales punteras de Galicia, comunidad l\u00edder del termalismo en Espa\u00f1a, y del Norte de Portugal.<\/p>\n\n\n\n<p>FEHGRA lleva ya varias ediciones organizando misiones de empresarios del sector tur\u00edstico y hotelero procedentes de distintas provincias termales argentinas siendo la de Entre R\u00edos una de las que cuentan con mayor participaci\u00f3n. Estas misiones se organizan a ra\u00edz de los distintos convenios que Termatalia mantiene con FEHGRA, ya que esta entidad es uno de los socios estrat\u00e9gicos de la feria en la Argentina.<\/p>\n\n\n\n<p>El turismo de bienestar se ha convertido en un sector pujante que act\u00faa como un importante dinamizador de la econom\u00eda para los pa\u00edses que lo desarrollan y propicia experiencias de alto valor a\u00f1adido a un demandante que cada vez se interesa m\u00e1s por esta modalidad de turismo y estilo de vida saludable. Desde FEHGRA apuestan por este sector pujante en Argentina apoyando y acompa\u00f1ando en la promoci\u00f3n a las provincias argentinas en las que el termalismo juega un papel destacado a la hora de venderse como destino de salud.&nbsp;\n\n<\/p>\n\n\n\n<figure class=\"wp-block-image\"><a href=\"https:\/\/www.termatalia.com\/index.php\" target=\"_blank\" rel=\"noreferrer noopener\"><img decoding=\"async\" width=\"280\" height=\"240\" src=\"http:\/\/argentinatermal.com.ar\/wp-content\/uploads\/2019\/06\/termatalia_galicia.gif\" alt=\"\" class=\"wp-image-3028\" \/><\/a><\/figure>\n","protected":false},"excerpt":{"rendered":"<p>&gt;&gt; La Federaci\u00f3n Empresarial Hotelera Gastron\u00f3mica de la Rep\u00fablica Argentina organiza una nueva misi\u00f3n de empresarios del sector a la Feria Internacional de Turismo Termal, Salud y Bienestar La ciudad de Villaguay, en la provincia argentina de Entre R\u00edos, acogi\u00f3 ayer la presentaci\u00f3n del paquete especial que la Federaci\u00f3n Empresarial Hotelera Gastron\u00f3mica de la Rep\u00fablica [&hellip;]<\/p>\n","protected":false},"author":1,"featured_media":3038,"comment_status":"open","ping_status":"open","sticky":false,"template":"","format":"standard","meta":{"footnotes":""},"categories":[7,17],"tags":[],"class_list":["post-3037","post","type-post","status-publish","format-standard","has-post-thumbnail","hentry","category-argentina","category-turismo-termal"],"_links":{"self":[{"href":"https:\/\/argentinatermal.com.ar\/index.php?rest_route=\/wp\/v2\/posts\/3037","targetHints":{"allow":["GET"]}}],"collection":[{"href":"https:\/\/argentinatermal.com.ar\/index.php?rest_route=\/wp\/v2\/posts"}],"about":[{"href":"https:\/\/argentinatermal.com.ar\/index.php?rest_route=\/wp\/v2\/types\/post"}],"author":[{"embeddable":true,"href":"https:\/\/argentinatermal.com.ar\/index.php?rest_route=\/wp\/v2\/users\/1"}],"replies":[{"embeddable":true,"href":"https:\/\/argentinatermal.com.ar\/index.php?rest_route=%2Fwp%2Fv2%2Fcomments&post=3037"}],"version-history":[{"count":1,"href":"https:\/\/argentinatermal.com.ar\/index.php?rest_route=\/wp\/v2\/posts\/3037\/revisions"}],"predecessor-version":[{"id":3039,"href":"https:\/\/argentinatermal.com.ar\/index.php?rest_route=\/wp\/v2\/posts\/3037\/revisions\/3039"}],"wp:featuredmedia":[{"embeddable":true,"href":"https:\/\/argentinatermal.com.ar\/index.php?rest_route=\/wp\/v2\/media\/3038"}],"wp:attachment":[{"href":"https:\/\/argentinatermal.com.ar\/index.php?rest_route=%2Fwp%2Fv2%2Fmedia&parent=3037"}],"wp:term":[{"taxonomy":"category","embeddable":true,"href":"https:\/\/argentinatermal.com.ar\/index.php?rest_route=%2Fwp%2Fv2%2Fcategories&post=3037"},{"taxonomy":"post_tag","embeddable":true,"href":"https:\/\/argentinatermal.com.ar\/index.php?rest_route=%2Fwp%2Fv2%2Ftags&post=3037"}],"curies":[{"name":"wp","href":"https:\/\/api.w.org\/{rel}","templated":true}]}}