{"id":3040,"date":"2019-06-06T15:40:52","date_gmt":"2019-06-06T18:40:52","guid":{"rendered":"http:\/\/argentinatermal.com.ar\/?p=3040"},"modified":"2019-06-06T15:40:54","modified_gmt":"2019-06-06T18:40:54","slug":"presentacion-de-termatalia-en-costa-rica","status":"publish","type":"post","link":"https:\/\/argentinatermal.com.ar\/?p=3040","title":{"rendered":"Presentaci\u00f3n de Termatalia en Costa Rica"},"content":{"rendered":"\n<h4 class=\"wp-block-heading\">&gt;&gt; Tuvo lugar en el marco de la capacitaci\u00f3n a profesionales del sector tur\u00edstico impartida por la consultora gallega Autoxiro y organizada por la Asociaci\u00f3n Costarricense de Turismo de Bienestar<\/h4>\n\n\n\n<p class=\"has-drop-cap\">Termatalia 2019 contin\u00faa con su promoci\u00f3n internacional para dar a conocer los detalles de la pr\u00f3xima edici\u00f3n que se celebrar\u00e1 en Ourense (Galicia \u2013 Espa\u00f1a) entre el 17 y el 21 de septiembre pr\u00f3ximos.\u00a0<\/p>\n\n\n\n<p>El pasado 1 de junio Termatalia era presentada en el Arenal, en el destino de referencia de turismo de bienestar y principal centro termal de Costa Rica. Esta presentaci\u00f3n estuvo enmarcada en el proyecto de capacitaci\u00f3n promovido por la Asociaci\u00f3n Costarricense de Turismo de Bienestar con el apoyo del Instituto Costarricense de Turismo y coordinado junto a Arenal C\u00e1mara de Turismo y Comercio. Esta capacitaci\u00f3n surgi\u00f3 a ra\u00edz de los contactos realizado durante la \u00faltima edici\u00f3n de la feria.<\/p>\n\n\n\n<p>Laura Barrantes, presidente de la Asociaci\u00f3n Costarricense de Turismo de Bienestar y Emilio Cui\u00f1as, consultor de la empresa Autoxiro fueron los encargados de realizar la presentaci\u00f3n de Termatalia a la que se refieron como el puente termal entre Europa y Am\u00e9rica Latina.&nbsp;<br><br>Los empresarios de Arenal pudieron conocer los detalles de esta oportunidad de intercambio de conocimiento, colaboraci\u00f3n y negocio para empresas e instituciones de ambos lados de Atl\u00e1ntico.&nbsp;<\/p>\n\n\n\n<p>La actividad fue realizada para el destino, destacando la presencia de empresarios tur\u00edsticos de la zona.&nbsp;&nbsp;\n\n<\/p>\n\n\n\n<figure class=\"wp-block-image\"><a href=\"https:\/\/www.termatalia.com\/noticia.php?id=1253\" target=\"_blank\" rel=\"noreferrer noopener\"><img decoding=\"async\" width=\"280\" height=\"240\" src=\"http:\/\/argentinatermal.com.ar\/wp-content\/uploads\/2019\/06\/termatalia_galicia.gif\" alt=\"\" class=\"wp-image-3028\" \/><\/a><\/figure>\n","protected":false},"excerpt":{"rendered":"<p>&gt;&gt; Tuvo lugar en el marco de la capacitaci\u00f3n a profesionales del sector tur\u00edstico impartida por la consultora gallega Autoxiro y organizada por la Asociaci\u00f3n Costarricense de Turismo de Bienestar Termatalia 2019 contin\u00faa con su promoci\u00f3n internacional para dar a conocer los detalles de la pr\u00f3xima edici\u00f3n que se celebrar\u00e1 en Ourense (Galicia \u2013 Espa\u00f1a) [&hellip;]<\/p>\n","protected":false},"author":1,"featured_media":3041,"comment_status":"open","ping_status":"open","sticky":false,"template":"","format":"standard","meta":{"footnotes":""},"categories":[12],"tags":[],"class_list":["post-3040","post","type-post","status-publish","format-standard","has-post-thumbnail","hentry","category-internacionales"],"_links":{"self":[{"href":"https:\/\/argentinatermal.com.ar\/index.php?rest_route=\/wp\/v2\/posts\/3040","targetHints":{"allow":["GET"]}}],"collection":[{"href":"https:\/\/argentinatermal.com.ar\/index.php?rest_route=\/wp\/v2\/posts"}],"about":[{"href":"https:\/\/argentinatermal.com.ar\/index.php?rest_route=\/wp\/v2\/types\/post"}],"author":[{"embeddable":true,"href":"https:\/\/argentinatermal.com.ar\/index.php?rest_route=\/wp\/v2\/users\/1"}],"replies":[{"embeddable":true,"href":"https:\/\/argentinatermal.com.ar\/index.php?rest_route=%2Fwp%2Fv2%2Fcomments&post=3040"}],"version-history":[{"count":1,"href":"https:\/\/argentinatermal.com.ar\/index.php?rest_route=\/wp\/v2\/posts\/3040\/revisions"}],"predecessor-version":[{"id":3042,"href":"https:\/\/argentinatermal.com.ar\/index.php?rest_route=\/wp\/v2\/posts\/3040\/revisions\/3042"}],"wp:featuredmedia":[{"embeddable":true,"href":"https:\/\/argentinatermal.com.ar\/index.php?rest_route=\/wp\/v2\/media\/3041"}],"wp:attachment":[{"href":"https:\/\/argentinatermal.com.ar\/index.php?rest_route=%2Fwp%2Fv2%2Fmedia&parent=3040"}],"wp:term":[{"taxonomy":"category","embeddable":true,"href":"https:\/\/argentinatermal.com.ar\/index.php?rest_route=%2Fwp%2Fv2%2Fcategories&post=3040"},{"taxonomy":"post_tag","embeddable":true,"href":"https:\/\/argentinatermal.com.ar\/index.php?rest_route=%2Fwp%2Fv2%2Ftags&post=3040"}],"curies":[{"name":"wp","href":"https:\/\/api.w.org\/{rel}","templated":true}]}}