{"id":3096,"date":"2019-06-25T17:03:59","date_gmt":"2019-06-25T20:03:59","guid":{"rendered":"http:\/\/argentinatermal.com.ar\/?p=3096"},"modified":"2019-06-25T21:16:31","modified_gmt":"2019-06-26T00:16:31","slug":"desde-brasil-entrevista-exclusiva-al-geologo-fabio-lazzerini-en-el-marco-del-festival-de-turismo-das-cataratas-2019","status":"publish","type":"post","link":"https:\/\/argentinatermal.com.ar\/?p=3096","title":{"rendered":"Desde Brasil entrevista  exclusiva al Ge\u00f3logo, Fabio Lazzerini, en el marco del Festival de Turismo das Cataratas 2019"},"content":{"rendered":"\n<p><strong>Geol. Fabio Lazzerini, postdoc*; \u00e9s . Consultor en Factores Naturales Terap\u00e9uticos para SPA, medicina hidrol\u00f3gica y tradicional, turismo de salud y wellness. Presidente de la &nbsp;ALATh Asociaci\u00f3n Latino Americana de Thermalismo, delegado de Termatalia en Brasil entre otros cargos de nivel internacional.<\/strong><\/p>\n\n\n\n<p class=\"has-drop-cap\">Persona sencilla, unido siempre &nbsp;a la vida familiar, &nbsp;con una trayectoria importante en la funci\u00f3n que desarrolla, acompa\u00f1ado siempre por su simpat\u00eda y respeto por los dem\u00e1s, levantando siempre los valores religiosos que tambi\u00e9n profesa y promueve. Su esposa Angela Lazzerini, es quien ayuda a vivenciar el termalismo (turismo salud &amp; bienestar) ya son m\u00e1s de 22 a\u00f1os trabajando juntos por lo cual Esperan contribuir siempre a la sostenibilidad y a calidad de vida, a trav\u00e9s de lo que hacen.<\/p>\n\n\n\n<p><strong>AT<\/strong>: <em><strong>Participar de un evento de Turismo como lo es el Festival das Cataratas con qu\u00e9 grado de expectativas se participa?<\/strong><\/em><\/p>\n\n\n\n<p>Este evento FIT CATARATAS anual\nde local fijo, se ha convertido en uno de los m\u00e1s atractivos puntos de\nencuentro de los principales \u00abplayers\u00bb del mercado tur\u00edstico del\nMERCOSUR. Y creo que atender y suplantar el grado de expectativas de los\nparticipantes, ser la motivaci\u00f3n resultante de su evoluci\u00f3n observada.<\/p>\n\n\n\n<p><strong><em>AT:  En \u00e9sta ocasi\u00f3n que est\u00e1n promocionando? <\/em><\/strong><\/p>\n\n\n\n<ul class=\"wp-block-gallery columns-3 is-cropped wp-block-gallery-1 is-layout-flex wp-block-gallery-is-layout-flex\"><li class=\"blocks-gallery-item\"><figure><img decoding=\"async\" width=\"768\" height=\"1024\" src=\"http:\/\/argentinatermal.com.ar\/wp-content\/uploads\/2019\/06\/WhatsApp-Image-2019-06-13-at-3.26.52-PM-1-768x1024.jpeg\" alt=\"\" data-id=\"3105\" data-link=\"http:\/\/argentinatermal.com.ar\/?attachment_id=3105\" class=\"wp-image-3105\" srcset=\"https:\/\/argentinatermal.com.ar\/wp-content\/uploads\/2019\/06\/WhatsApp-Image-2019-06-13-at-3.26.52-PM-1-768x1024.jpeg 768w, https:\/\/argentinatermal.com.ar\/wp-content\/uploads\/2019\/06\/WhatsApp-Image-2019-06-13-at-3.26.52-PM-1-225x300.jpeg 225w, https:\/\/argentinatermal.com.ar\/wp-content\/uploads\/2019\/06\/WhatsApp-Image-2019-06-13-at-3.26.52-PM-1-696x928.jpeg 696w, https:\/\/argentinatermal.com.ar\/wp-content\/uploads\/2019\/06\/WhatsApp-Image-2019-06-13-at-3.26.52-PM-1-315x420.jpeg 315w, https:\/\/argentinatermal.com.ar\/wp-content\/uploads\/2019\/06\/WhatsApp-Image-2019-06-13-at-3.26.52-PM-1.jpeg 780w\" sizes=\"(max-width: 768px) 100vw, 768px\" \/><\/figure><\/li><li class=\"blocks-gallery-item\"><figure><img decoding=\"async\" width=\"768\" height=\"1024\" src=\"http:\/\/argentinatermal.com.ar\/wp-content\/uploads\/2019\/06\/WhatsApp-Image-2019-06-24-at-7.05.28-AM-2-2-768x1024.jpeg\" alt=\"\" data-id=\"3106\" data-link=\"http:\/\/argentinatermal.com.ar\/?attachment_id=3106\" class=\"wp-image-3106\" srcset=\"https:\/\/argentinatermal.com.ar\/wp-content\/uploads\/2019\/06\/WhatsApp-Image-2019-06-24-at-7.05.28-AM-2-2-768x1024.jpeg 768w, https:\/\/argentinatermal.com.ar\/wp-content\/uploads\/2019\/06\/WhatsApp-Image-2019-06-24-at-7.05.28-AM-2-2-225x300.jpeg 225w, https:\/\/argentinatermal.com.ar\/wp-content\/uploads\/2019\/06\/WhatsApp-Image-2019-06-24-at-7.05.28-AM-2-2-696x928.jpeg 696w, https:\/\/argentinatermal.com.ar\/wp-content\/uploads\/2019\/06\/WhatsApp-Image-2019-06-24-at-7.05.28-AM-2-2-315x420.jpeg 315w, https:\/\/argentinatermal.com.ar\/wp-content\/uploads\/2019\/06\/WhatsApp-Image-2019-06-24-at-7.05.28-AM-2-2.jpeg 780w\" sizes=\"(max-width: 768px) 100vw, 768px\" \/><\/figure><\/li><li class=\"blocks-gallery-item\"><figure><img decoding=\"async\" width=\"808\" height=\"805\" src=\"http:\/\/argentinatermal.com.ar\/wp-content\/uploads\/2019\/06\/WhatsApp-Image-2019-06-24-at-7.05.28-AM-3-1.jpeg\" alt=\"\" data-id=\"3107\" data-link=\"http:\/\/argentinatermal.com.ar\/?attachment_id=3107\" class=\"wp-image-3107\" srcset=\"https:\/\/argentinatermal.com.ar\/wp-content\/uploads\/2019\/06\/WhatsApp-Image-2019-06-24-at-7.05.28-AM-3-1.jpeg 808w, https:\/\/argentinatermal.com.ar\/wp-content\/uploads\/2019\/06\/WhatsApp-Image-2019-06-24-at-7.05.28-AM-3-1-150x150.jpeg 150w, https:\/\/argentinatermal.com.ar\/wp-content\/uploads\/2019\/06\/WhatsApp-Image-2019-06-24-at-7.05.28-AM-3-1-300x300.jpeg 300w, https:\/\/argentinatermal.com.ar\/wp-content\/uploads\/2019\/06\/WhatsApp-Image-2019-06-24-at-7.05.28-AM-3-1-768x765.jpeg 768w, https:\/\/argentinatermal.com.ar\/wp-content\/uploads\/2019\/06\/WhatsApp-Image-2019-06-24-at-7.05.28-AM-3-1-696x693.jpeg 696w, https:\/\/argentinatermal.com.ar\/wp-content\/uploads\/2019\/06\/WhatsApp-Image-2019-06-24-at-7.05.28-AM-3-1-422x420.jpeg 422w\" sizes=\"(max-width: 808px) 100vw, 808px\" \/><\/figure><\/li><\/ul>\n\n\n\n<p>Se promocionan las m\u00e1s modernas facilidades de los destinos, novedades log\u00edsticas, productos y comodidades del turismo local, regional, nacional e internacional. Adem\u00e1s de promover el encuentro de conocimientos, especialistas y actores de este mercado; esta versi\u00f3n del evento cont\u00f3 nuevamente con la presencia del segmento del Turismo de Salud y Bienestar, la secci\u00f3n especial del Turismo Religioso y la evidencia del apoyo de pol\u00edticas p\u00fablicas al turismo de naturaleza.<\/p>\n\n\n\n<p><strong><em>AT:  El Termalismo en Brasil se lo puede considerar en pleno auge? <\/em><\/strong><\/p>\n\n\n\n<p>Considerando el Termalismo, disociado del enfoque medicinal,\ny como actividad econ\u00f3mica relacionada al ocio, bienestar o turismo de salud y\nSPA; s\u00ed, el mercado est\u00e1 calentado, a pesar de la actual dificultad\nmacroecon\u00f3mica en el MERCOSUR. Sin embargo, en la casi totalidad de balnearios\n\/ SPA (balnearios-estancias) gestionados por el poder p\u00fablico (principalmente\nen el sureste y el noreste del pa\u00eds), las situaciones de aprovechamiento,\ninfraestructura, preservaci\u00f3n y planificaci\u00f3n socil; est\u00e1n en situaciones\nbastante desfavorables.<\/p>\n\n\n\n<p><strong><em>AT: En lo personal cu\u00e1l fue el balance realizado despu\u00e9s de haber sido anfitriones de un evento donde el Termalismo fue el protagonismo?<\/em><\/strong><\/p>\n\n\n\n<p>En lo personal, &nbsp;es &nbsp;muy claro el desarrollo, promoci\u00f3n y destacado\npara la regi\u00f3n y para este seguimiento; despu\u00e9s de uno evento internacional de\ntermalismo em Foz do Igua\u00e7\u00fa (incluso de corto plazo). Adem\u00e1s de la rica dotaci\u00f3n\nnatural regional (Cataratas do Igua\u00e7u, Aquifero Guarani, Bacia Hidrogr\u00e1fica do\nParan\u00e1, Lago de Itaipu), la vocaci\u00f3n en turismo y buenos IDH; se pode decir que\neste segmento fue parte importante del inventario al atractivo regional en la\nmanera destacada tambi\u00e9n en lo nacional.<\/p>\n\n\n\n<p><em><strong>AT: Por lo que se ve est\u00e1n representando al estado de Paran\u00e1! Como se articula lo privado con lo estatal?<\/strong><\/em><\/p>\n\n\n\n<div class=\"wp-block-image\"><figure class=\"alignleft\"><img decoding=\"async\" width=\"768\" height=\"1024\" src=\"http:\/\/argentinatermal.com.ar\/wp-content\/uploads\/2019\/06\/WhatsApp-Image-2019-06-24-at-7.05.28-AM-768x1024.jpeg\" alt=\"\" class=\"wp-image-3097\" srcset=\"https:\/\/argentinatermal.com.ar\/wp-content\/uploads\/2019\/06\/WhatsApp-Image-2019-06-24-at-7.05.28-AM.jpeg 768w, https:\/\/argentinatermal.com.ar\/wp-content\/uploads\/2019\/06\/WhatsApp-Image-2019-06-24-at-7.05.28-AM-225x300.jpeg 225w, https:\/\/argentinatermal.com.ar\/wp-content\/uploads\/2019\/06\/WhatsApp-Image-2019-06-24-at-7.05.28-AM-696x928.jpeg 696w, https:\/\/argentinatermal.com.ar\/wp-content\/uploads\/2019\/06\/WhatsApp-Image-2019-06-24-at-7.05.28-AM-315x420.jpeg 315w\" sizes=\"(max-width: 768px) 100vw, 768px\" \/><\/figure><\/div>\n\n\n\n<p>La presencia en espacio de stands\nde 3 estancias termales como importante segmento, junto a la Secretar\u00eda de\nturismo y medio ambiente del Estado de Paran\u00e1; es otra evidencia de los\nbeneficios promocionales del termalismo; adem\u00e1s de este Estado estar\nactualmente destac\u00e1ndose en relaci\u00f3n a los dem\u00e1s estados brasile\u00f1os en la\nb\u00fasqueda de termalismo. El Paran\u00e1 posee la menor cantidad de sitios termales\nestatales, siendo en su amplia mayor\u00eda privados. As\u00ed, el apoyo gubernamental en\nemprendimientos privados exitosos, es de fundamental importancia en este\nmomento, para el fortalecimiento a largo plazo del sector tur\u00edstico como todo.\nLo que puede fortalecer a\u00fan m\u00e1s esta regi\u00f3n como el gran destaque del Destino\ntermal del MERCOSUR.<\/p>\n\n\n\n<p><strong><em>AT: Itaipulandia ya est\u00e1 posicionada como un destino a tener en cuenta para el turismo regional?<\/em><\/strong> <\/p>\n\n\n\n<p>La peque\u00f1a, pintoresca\ny tranquila localidad de Itaipul\u00e2ndia (Estado de Paran\u00e1 \/ BRA) representa hoy\nel segundo destino de mayor importancia en la regi\u00f3n del Lago de Itaip\u00fa\n(Lindeiros), despu\u00e9s del destino internacional de Foz do Igua\u00e7u. Estando en\nesta el taller de la ALATh (Asociaci\u00f3n Latinoamericana del Thermalismo) \/ OMTh\n(World Hydrothermal Organization). En busca de reconocimiento como la primera\nestancia hidroclimatica del estado de Paran\u00e1, destino de verano y de invierno\ndel MERCOSUR (Suiza de Paran\u00e1, debido a la buena calidad de vida y el medio\nambiente saludable en regi\u00f3n de Blue Health y Lake Wellness Tourism).<\/p>\n\n\n\n<p>En este contexto,\nItaipul\u00e2ndia posee y viene desarrollando el atractivo del geotermalismo\n(ITAIPULAND \/ CATARATAS hot spring SPA, health &amp; golf resort, con el SPA\nVertical y el Oasis Thermal), playa de agua dulce (Costa Oeste Paranaense &#8211;\nblue health &amp; lake wellness tourism ), recreaci\u00f3n en water park (Itaipuland\nHot Park &#8211; el m\u00e1s grande del Sur y el primer SPA free de Brasil), lago\ngigantesco de agua limpia y navegable.<\/p>\n\n\n\n<p>Posee agua geotermal\ncon 42 oC y termal con 36 oC, m\u00e1s diversas sales minerales potencialmente\nbioactivos medicinales; donde se utiliza como materia prima en la primera l\u00ednea\ndermocosm\u00e9tica de Brasil la \u00abeau thermale CATARATAS\u00bb, que tambi\u00e9n se\nutiliza de insumos termales naturales de la regi\u00f3n, t\u00e9cnicas de preservaci\u00f3n de\nlos bioactivos originales y que fomentan otras actividades tur\u00edsticas\ncorrelacionadas. Tambi\u00e9n son excelentes souvenirs y atractivos al innovador\nplan de turismo compartido del \u00abRoyal Thermale\u00bb.<\/p>\n\n\n\n<p><strong><em>AT: El turismo religioso es parte del itinerario a promocionar?<\/em><\/strong> <\/p>\n\n\n\n<div class=\"wp-block-image\"><figure class=\"alignleft\"><img decoding=\"async\" width=\"1024\" height=\"768\" src=\"http:\/\/argentinatermal.com.ar\/wp-content\/uploads\/2019\/06\/IMG_20180915_122319-1024x768.jpg\" alt=\"\" class=\"wp-image-3110\" srcset=\"https:\/\/argentinatermal.com.ar\/wp-content\/uploads\/2019\/06\/IMG_20180915_122319-1024x768.jpg 1024w, https:\/\/argentinatermal.com.ar\/wp-content\/uploads\/2019\/06\/IMG_20180915_122319-300x225.jpg 300w, https:\/\/argentinatermal.com.ar\/wp-content\/uploads\/2019\/06\/IMG_20180915_122319-768x576.jpg 768w, https:\/\/argentinatermal.com.ar\/wp-content\/uploads\/2019\/06\/IMG_20180915_122319-80x60.jpg 80w, https:\/\/argentinatermal.com.ar\/wp-content\/uploads\/2019\/06\/IMG_20180915_122319-265x198.jpg 265w, https:\/\/argentinatermal.com.ar\/wp-content\/uploads\/2019\/06\/IMG_20180915_122319-696x522.jpg 696w, https:\/\/argentinatermal.com.ar\/wp-content\/uploads\/2019\/06\/IMG_20180915_122319-1068x801.jpg 1068w, https:\/\/argentinatermal.com.ar\/wp-content\/uploads\/2019\/06\/IMG_20180915_122319-560x420.jpg 560w, https:\/\/argentinatermal.com.ar\/wp-content\/uploads\/2019\/06\/IMG_20180915_122319.jpg 1152w\" sizes=\"(max-width: 1024px) 100vw, 1024px\" \/><\/figure><\/div>\n\n\n\n<p>S\u00ed, el Turismo Religioso es uno de los segmentos tur\u00edsticos de mayor potencial, que se viene desarrollando en la regi\u00f3n. A trav\u00e9s de sus naturalezas, historias (Misiones), diversidad (Guaran\u00ed, mul\u00e7umana) e infraestructuras facilitadas. La proyecci\u00f3n e implantaci\u00f3n de rutas (itinerarios, caminos de peregrinaci\u00f3n), como la Ruta de la Fe del Lago de Itaip\u00fa a la que el municipio de Itaipul\u00e2ndia es el Portal; tiene la mayor Nuestra Se\u00f1ora de hormig\u00f3n del mundo (patrona de Brasil, Nuestra Se\u00f1ora Aparecida). Siendo inspirada y ahora apoyada por la Orden del Camino de Santiago de Compostela.<\/p>\n\n\n\n<p><strong><em>AT: Considerando las fronteras tripartitas a tu consideraci\u00f3n cu\u00e1l es la mayor demanda del turista que llega a Foz de Iguaz\u00fa?<\/em><\/strong><\/p>\n\n\n\n<p>En el caso de las Cataratas del Iguaz\u00fa (considerada una de las Siete Maravillas de la Naturaleza (ONU), el turismo de compras (shopping),  cultura,  business,  wellness,  resorts de salud, gastronom\u00eda, naturaleza, puntos termales, el parque de atracciones de la ciudad de Itaip\u00fa considerado el (m\u00e1s grande del mundo), (rutas religiosas, monumentos y pluralidad de creencias), .. ..<\/p>\n\n\n\n<p>Actualmente, debido al\nAcu\u00edfero Guaran\u00ed ser transfronterizo el turismo wellness, SPA y recreaci\u00f3n\nacu\u00e1tica; adem\u00e1s del geotermalismo, que constituye una de las grandes\noportunidades actuales de desarrollo de usos directos de este segmento\nintegrado a los dem\u00e1s, a trav\u00e9s de los ba\u00f1os y water cure (turismo de salud,\ntermalismo (SPA health resort).<\/p>\n\n\n\n<p><strong><em>AT:  A tu consideraci\u00f3n el Festival das Cataratas se lo puede considerar un referente del turismo mundial?<\/em><\/strong><\/p>\n\n\n\n<div class=\"wp-block-image\"><figure class=\"alignleft\"><img decoding=\"async\" width=\"1024\" height=\"683\" src=\"http:\/\/argentinatermal.com.ar\/wp-content\/uploads\/2019\/06\/MG_5753-1024x683-1024x683.jpg\" alt=\"\" class=\"wp-image-3113\" srcset=\"https:\/\/argentinatermal.com.ar\/wp-content\/uploads\/2019\/06\/MG_5753-1024x683.jpg 1024w, https:\/\/argentinatermal.com.ar\/wp-content\/uploads\/2019\/06\/MG_5753-1024x683-300x200.jpg 300w, https:\/\/argentinatermal.com.ar\/wp-content\/uploads\/2019\/06\/MG_5753-1024x683-768x512.jpg 768w, https:\/\/argentinatermal.com.ar\/wp-content\/uploads\/2019\/06\/MG_5753-1024x683-696x464.jpg 696w, https:\/\/argentinatermal.com.ar\/wp-content\/uploads\/2019\/06\/MG_5753-1024x683-630x420.jpg 630w\" sizes=\"(max-width: 1024px) 100vw, 1024px\" \/><\/figure><\/div>\n\n\n\n<p>Ante la magnitud del\nevento, su crecimiento cada a\u00f1o, diversidad de los segmentos tur\u00edsticos, la\nrepresentaci\u00f3n de otros pa\u00edses (especialmente MERCOSUR y Am\u00e9rica Latina) y de\ntodos los estados brasile\u00f1os; adem\u00e1s de la riqueza y variedad de los atractivos\nregionales, del inter\u00e9s educativo y cient\u00edfico; esta feria creo ser considerada\nun referente del turismo mundial.<\/p>\n\n\n\n<p><strong><em>AT: Para considerar y elaborar un posible contacto<\/em><\/strong>!<\/p>\n\n\n\n<p>.CEO eau thermale\nCATARATAS Resort SPA Thermale y Dermocosmetique \u2013 <a href=\"http:\/\/www.eauthermalecataratas.com\">www.eauthermalecataratas.com<\/a>&nbsp; &nbsp;&nbsp;<\/p>\n\n\n\n<p>.Delegado TERMATALIA\nBrasil &amp; Paraguay &#8211; <a href=\"http:\/\/www.termatalia.com\">www.termatalia.com<\/a>&nbsp;&nbsp;&nbsp; <\/p>\n\n\n\n<p>.Comendador Caballero,\nOrden del Camino de Santiago-<a href=\"http:\/\/www.ordendelcaminodesantiago.es\">www.ordendelcaminodesantiago.es<\/a><\/p>\n\n\n\n<p>.Embajador del Iguassu &#8211; <a href=\"http:\/\/termalismobrasil.wordpress.com\/\">http:\/\/termalismobrasil.wordpress.com\/<\/a> <\/p>\n\n\n\n<p>.CV: <a href=\"http:\/\/buscatextual.cnpq.br\/buscatextual\/visualizacv.do?id=K4785591A6\">http:\/\/buscatextual.cnpq.br\/buscatextual\/visualizacv.do?id=K4785591A6<\/a>&nbsp; <\/p>\n\n\n\n<h5 class=\"wp-block-heading\"><strong>Gracias Fabio Lazzerini y Angela Lazzerini por acceder a la nota.<\/strong><\/h5>\n\n\n\n<figure class=\"wp-block-image\"><a href=\"https:\/\/www.termatalia.com\/index.php\" target=\"_blank\" rel=\"noreferrer noopener\"><img decoding=\"async\" width=\"280\" height=\"240\" src=\"http:\/\/argentinatermal.com.ar\/wp-content\/uploads\/2019\/06\/termatalia_galicia-2.gif\" alt=\"\" class=\"wp-image-3120\" \/><\/a><\/figure>\n\n\n\n<figure class=\"wp-block-image\"><img decoding=\"async\" width=\"1024\" height=\"215\" src=\"http:\/\/argentinatermal.com.ar\/wp-content\/uploads\/2019\/05\/www.argentinatermal.com_.ar-1-1024x215.jpg\" alt=\"\" class=\"wp-image-2886\" srcset=\"https:\/\/argentinatermal.com.ar\/wp-content\/uploads\/2019\/05\/www.argentinatermal.com_.ar-1-1024x215.jpg 1024w, https:\/\/argentinatermal.com.ar\/wp-content\/uploads\/2019\/05\/www.argentinatermal.com_.ar-1-300x63.jpg 300w, https:\/\/argentinatermal.com.ar\/wp-content\/uploads\/2019\/05\/www.argentinatermal.com_.ar-1-768x161.jpg 768w, https:\/\/argentinatermal.com.ar\/wp-content\/uploads\/2019\/05\/www.argentinatermal.com_.ar-1-696x146.jpg 696w, https:\/\/argentinatermal.com.ar\/wp-content\/uploads\/2019\/05\/www.argentinatermal.com_.ar-1-1068x224.jpg 1068w, https:\/\/argentinatermal.com.ar\/wp-content\/uploads\/2019\/05\/www.argentinatermal.com_.ar-1-2003x420.jpg 2003w\" sizes=\"(max-width: 1024px) 100vw, 1024px\" \/><\/figure>\n\n\n\n<figure class=\"wp-block-image\"><a href=\"http:\/\/nubesmgzdigital.com.ar\/\" target=\"_blank\" rel=\"noreferrer noopener\"><img decoding=\"async\" width=\"760\" height=\"100\" src=\"http:\/\/argentinatermal.com.ar\/wp-content\/uploads\/2019\/05\/nubes_arg.png\" alt=\"\" class=\"wp-image-2985\" srcset=\"https:\/\/argentinatermal.com.ar\/wp-content\/uploads\/2019\/05\/nubes_arg.png 760w, https:\/\/argentinatermal.com.ar\/wp-content\/uploads\/2019\/05\/nubes_arg-300x39.png 300w, https:\/\/argentinatermal.com.ar\/wp-content\/uploads\/2019\/05\/nubes_arg-696x92.png 696w\" sizes=\"(max-width: 760px) 100vw, 760px\" \/><\/a><\/figure>\n","protected":false},"excerpt":{"rendered":"<p>Geol. Fabio Lazzerini, postdoc*; \u00e9s . Consultor en Factores Naturales Terap\u00e9uticos para SPA, medicina hidrol\u00f3gica y tradicional, turismo de salud y wellness. Presidente de la &nbsp;ALATh Asociaci\u00f3n Latino Americana de Thermalismo, delegado de Termatalia en Brasil entre otros cargos de nivel internacional. Persona sencilla, unido siempre &nbsp;a la vida familiar, &nbsp;con una trayectoria importante en [&hellip;]<\/p>\n","protected":false},"author":1,"featured_media":3100,"comment_status":"open","ping_status":"open","sticky":false,"template":"","format":"standard","meta":{"footnotes":""},"categories":[23],"tags":[],"class_list":["post-3096","post","type-post","status-publish","format-standard","has-post-thumbnail","hentry","category-entrevistas"],"_links":{"self":[{"href":"https:\/\/argentinatermal.com.ar\/index.php?rest_route=\/wp\/v2\/posts\/3096","targetHints":{"allow":["GET"]}}],"collection":[{"href":"https:\/\/argentinatermal.com.ar\/index.php?rest_route=\/wp\/v2\/posts"}],"about":[{"href":"https:\/\/argentinatermal.com.ar\/index.php?rest_route=\/wp\/v2\/types\/post"}],"author":[{"embeddable":true,"href":"https:\/\/argentinatermal.com.ar\/index.php?rest_route=\/wp\/v2\/users\/1"}],"replies":[{"embeddable":true,"href":"https:\/\/argentinatermal.com.ar\/index.php?rest_route=%2Fwp%2Fv2%2Fcomments&post=3096"}],"version-history":[{"count":11,"href":"https:\/\/argentinatermal.com.ar\/index.php?rest_route=\/wp\/v2\/posts\/3096\/revisions"}],"predecessor-version":[{"id":3123,"href":"https:\/\/argentinatermal.com.ar\/index.php?rest_route=\/wp\/v2\/posts\/3096\/revisions\/3123"}],"wp:featuredmedia":[{"embeddable":true,"href":"https:\/\/argentinatermal.com.ar\/index.php?rest_route=\/wp\/v2\/media\/3100"}],"wp:attachment":[{"href":"https:\/\/argentinatermal.com.ar\/index.php?rest_route=%2Fwp%2Fv2%2Fmedia&parent=3096"}],"wp:term":[{"taxonomy":"category","embeddable":true,"href":"https:\/\/argentinatermal.com.ar\/index.php?rest_route=%2Fwp%2Fv2%2Fcategories&post=3096"},{"taxonomy":"post_tag","embeddable":true,"href":"https:\/\/argentinatermal.com.ar\/index.php?rest_route=%2Fwp%2Fv2%2Ftags&post=3096"}],"curies":[{"name":"wp","href":"https:\/\/api.w.org\/{rel}","templated":true}]}}