{"id":3137,"date":"2019-07-03T18:04:21","date_gmt":"2019-07-03T21:04:21","guid":{"rendered":"http:\/\/argentinatermal.com.ar\/?p=3137"},"modified":"2019-07-03T18:04:23","modified_gmt":"2019-07-03T21:04:23","slug":"agua-de-solares-participara-en-la-cata-internacional-de-aguas-de-termatalia-2019","status":"publish","type":"post","link":"https:\/\/argentinatermal.com.ar\/?p=3137","title":{"rendered":"Agua de Solares participar\u00e1 en la Cata Internacional de Aguas de Termatalia 2019"},"content":{"rendered":"\n<h4 class=\"wp-block-heading\">Podr\u00e1 degustarse en el Bar de Aguas del recinto<\/h4>\n\n\n\n<p class=\"has-drop-cap\">El agua mineral Solares, precedente de la localidad que le da nombre ubicada en la comunidad aut\u00f3noma de Cantabria, ha confirmado un a\u00f1o m\u00e1s su participaci\u00f3n en Termatalia. Participar\u00e1 tanto en el Bar de Aguas como en la Cata Internacional de Aguas que celebra ya su 17\u00aa edici\u00f3n y en la que esta marca ha obtenido anteriormente varios reconocimientos.\u00a0<\/p>\n\n\n\n<div class=\"wp-block-image\"><figure class=\"alignleft\"><a href=\"https:\/\/www.termatalia.com\/index.php\" target=\"_blank\" rel=\"noreferrer noopener\"><img decoding=\"async\" width=\"280\" height=\"240\" src=\"http:\/\/argentinatermal.com.ar\/wp-content\/uploads\/2019\/06\/termatalia_galicia-1-1.gif\" alt=\"\" class=\"wp-image-3133\" \/><\/a><\/figure><\/div>\n\n\n\n<p>La calidad del manantial de Fuencaliente que presenta la marca, cuenta actualmente con una presencia global abarcando todos los continentes. Destacando sus principales mercados, aparte de Espa\u00f1a, que son: China, EE.UU y M\u00e9xico.&nbsp;<\/p>\n\n\n\n<p>El agua mineral de Solares, conocida por sus propiedades medicinales desde el siglo XIII, fueron declaradas como Agua Mineral de Utilidad P\u00fablica en 1828. Desde entonces ha trabajado para que siga siendo la mejor agua de mesa en el mercado espa\u00f1ol por sus propiedades medicinales para el aparato digestivo y renal.&nbsp;<\/p>\n\n\n\n<p>No solo con la calidad, tambi\u00e9n est\u00e1n comprometidos con el medio ambiente para mantener vigente su lema \u201cAgua de Solares, el agua que solo sabe a agua\u201d. <\/p>\n\n\n\n<ul class=\"wp-block-gallery columns-2 is-cropped wp-block-gallery-1 is-layout-flex wp-block-gallery-is-layout-flex\"><li class=\"blocks-gallery-item\"><figure><img decoding=\"async\" width=\"800\" height=\"546\" src=\"http:\/\/argentinatermal.com.ar\/wp-content\/uploads\/2019\/07\/F9ha06J.jpg\" alt=\"\" data-id=\"3138\" data-link=\"http:\/\/argentinatermal.com.ar\/?attachment_id=3138\" class=\"wp-image-3138\" srcset=\"https:\/\/argentinatermal.com.ar\/wp-content\/uploads\/2019\/07\/F9ha06J.jpg 800w, https:\/\/argentinatermal.com.ar\/wp-content\/uploads\/2019\/07\/F9ha06J-300x205.jpg 300w, https:\/\/argentinatermal.com.ar\/wp-content\/uploads\/2019\/07\/F9ha06J-768x524.jpg 768w, https:\/\/argentinatermal.com.ar\/wp-content\/uploads\/2019\/07\/F9ha06J-218x150.jpg 218w, https:\/\/argentinatermal.com.ar\/wp-content\/uploads\/2019\/07\/F9ha06J-696x475.jpg 696w, https:\/\/argentinatermal.com.ar\/wp-content\/uploads\/2019\/07\/F9ha06J-615x420.jpg 615w\" sizes=\"(max-width: 800px) 100vw, 800px\" \/><\/figure><\/li><li class=\"blocks-gallery-item\"><figure><img decoding=\"async\" width=\"800\" height=\"465\" src=\"http:\/\/argentinatermal.com.ar\/wp-content\/uploads\/2019\/07\/j9ZP3Ds.jpg\" alt=\"\" data-id=\"3139\" data-link=\"http:\/\/argentinatermal.com.ar\/?attachment_id=3139\" class=\"wp-image-3139\" srcset=\"https:\/\/argentinatermal.com.ar\/wp-content\/uploads\/2019\/07\/j9ZP3Ds.jpg 800w, https:\/\/argentinatermal.com.ar\/wp-content\/uploads\/2019\/07\/j9ZP3Ds-300x174.jpg 300w, https:\/\/argentinatermal.com.ar\/wp-content\/uploads\/2019\/07\/j9ZP3Ds-768x446.jpg 768w, https:\/\/argentinatermal.com.ar\/wp-content\/uploads\/2019\/07\/j9ZP3Ds-696x405.jpg 696w, https:\/\/argentinatermal.com.ar\/wp-content\/uploads\/2019\/07\/j9ZP3Ds-723x420.jpg 723w\" sizes=\"(max-width: 800px) 100vw, 800px\" \/><\/figure><\/li><\/ul>\n","protected":false},"excerpt":{"rendered":"<p>Podr\u00e1 degustarse en el Bar de Aguas del recinto El agua mineral Solares, precedente de la localidad que le da nombre ubicada en la comunidad aut\u00f3noma de Cantabria, ha confirmado un a\u00f1o m\u00e1s su participaci\u00f3n en Termatalia. Participar\u00e1 tanto en el Bar de Aguas como en la Cata Internacional de Aguas que celebra ya su [&hellip;]<\/p>\n","protected":false},"author":1,"featured_media":3140,"comment_status":"open","ping_status":"open","sticky":false,"template":"","format":"standard","meta":{"footnotes":""},"categories":[12,30],"tags":[],"class_list":["post-3137","post","type-post","status-publish","format-standard","has-post-thumbnail","hentry","category-internacionales","category-temas-relacionados"],"_links":{"self":[{"href":"https:\/\/argentinatermal.com.ar\/index.php?rest_route=\/wp\/v2\/posts\/3137","targetHints":{"allow":["GET"]}}],"collection":[{"href":"https:\/\/argentinatermal.com.ar\/index.php?rest_route=\/wp\/v2\/posts"}],"about":[{"href":"https:\/\/argentinatermal.com.ar\/index.php?rest_route=\/wp\/v2\/types\/post"}],"author":[{"embeddable":true,"href":"https:\/\/argentinatermal.com.ar\/index.php?rest_route=\/wp\/v2\/users\/1"}],"replies":[{"embeddable":true,"href":"https:\/\/argentinatermal.com.ar\/index.php?rest_route=%2Fwp%2Fv2%2Fcomments&post=3137"}],"version-history":[{"count":1,"href":"https:\/\/argentinatermal.com.ar\/index.php?rest_route=\/wp\/v2\/posts\/3137\/revisions"}],"predecessor-version":[{"id":3141,"href":"https:\/\/argentinatermal.com.ar\/index.php?rest_route=\/wp\/v2\/posts\/3137\/revisions\/3141"}],"wp:featuredmedia":[{"embeddable":true,"href":"https:\/\/argentinatermal.com.ar\/index.php?rest_route=\/wp\/v2\/media\/3140"}],"wp:attachment":[{"href":"https:\/\/argentinatermal.com.ar\/index.php?rest_route=%2Fwp%2Fv2%2Fmedia&parent=3137"}],"wp:term":[{"taxonomy":"category","embeddable":true,"href":"https:\/\/argentinatermal.com.ar\/index.php?rest_route=%2Fwp%2Fv2%2Fcategories&post=3137"},{"taxonomy":"post_tag","embeddable":true,"href":"https:\/\/argentinatermal.com.ar\/index.php?rest_route=%2Fwp%2Fv2%2Ftags&post=3137"}],"curies":[{"name":"wp","href":"https:\/\/api.w.org\/{rel}","templated":true}]}}