{"id":3196,"date":"2019-07-10T18:51:32","date_gmt":"2019-07-10T21:51:32","guid":{"rendered":"http:\/\/argentinatermal.com.ar\/?p=3196"},"modified":"2019-07-10T18:51:33","modified_gmt":"2019-07-10T21:51:33","slug":"la-semana-termatalia-incluye-el-iii-simposio-internacional-de-termalismo-y-calidad-de-vida","status":"publish","type":"post","link":"https:\/\/argentinatermal.com.ar\/?p=3196","title":{"rendered":"La semana Termatalia incluye el III Simposio Internacional de Termalismo y Calidad de Vida"},"content":{"rendered":"\n<h3 class=\"wp-block-heading\">El Campus&nbsp; del Agua de la Universidad de Vigo colaborar\u00e1 durante los d\u00edas 18 y 19 de septiembre de 2019<\/h3>\n\n\n\n<p class=\"has-drop-cap\">Desde el punto de vista institucional, el Simposio Internacional de Termalismo y Calidad de Vida (STCV-2019) constituye una oportunidad para avanzar en la estrategia de colaboraci\u00f3n de instituciones p\u00fablicas de la provincia significadas en el termalismo, tales como el Concello de Ourense, la Diputaci\u00f3n Provincial de Ourense, Expourense y la Universidade de Vigo (Campus de Ourense-Campus da Auga), quienes ya vienen colaborando en esta materia.<\/p>\n\n\n\n<p>Ourense destaca por ser una de las provincias con mayor tradici\u00f3n termal y de balnearios de la pen\u00ednsula, siendo adem\u00e1s su capital una de las principales ciudades termales de Europa. Por consiguiente, el termalismo es un \u00e1mbito estrat\u00e9gico como motor del desarrollo econ\u00f3mico en el \u00e1mbito del termalismo y el turismo, convirti\u00e9ndose en un destino preferencial para lo que ha dado en llamarse el Turismo experiencial y de salud en termalismo.<\/p>\n\n\n\n<figure class=\"wp-block-image\"><a href=\"https:\/\/www.termatalia.com\/index.php\" target=\"_blank\" rel=\"noreferrer noopener\"><img decoding=\"async\" width=\"800\" height=\"106\" src=\"http:\/\/argentinatermal.com.ar\/wp-content\/uploads\/2019\/07\/termatalia_galicia.gif\" alt=\"\" class=\"wp-image-3178\" \/><\/a><\/figure>\n\n\n\n<p>Las aguas mineromedicinales y termales son un \u00e1rea de alto inter\u00e9s cient\u00edfico dentro de los \u00e1mbitos de especializaci\u00f3n del campus de Ourense (Campus del Agua) de la Universidad de Vigo. Su estudio y aprovechamiento pueden incidir claramente en la calidad de vida de la sociedad actual, contribuyendo muy significativamente a su bienestar. El Simposio cuenta con un total de 4 \u00e1reas:&nbsp;Aguas Mineromedicinales y Termales: caracterizaci\u00f3n y aprovechamiento,&nbsp;Bienestar y Salud,&nbsp;Turismo Termal e Investigaci\u00f3n e Innovaci\u00f3n Tecnol\u00f3gica en Termalismo<\/p>\n\n\n\n<p>Recuerden que pueden realizar su reserva para asistir al III Simposio Internacional de Termalismo y Calidad de Vida en el Paquete Especial Semana Termatalia haciendo click&nbsp;<a href=\"https:\/\/www.termatalia.com\/docu\/SemanaTermatalia2019.pdf\" target=\"_blank\" rel=\"noreferrer noopener\">AQU\u00cd<\/a><\/p>\n\n\n\n<p>Tambi\u00e9n pueden acceder mediante su web:&nbsp;<a href=\"https:\/\/www.uvigo.gal\/eventos\/es\/simposio-termalismo\/simposio\/\" target=\"_blank\" rel=\"noreferrer noopener\">www.uvigo.gal\/eventos\/es\/simposio-termalismo\/simposio\/<\/a><\/p>\n\n\n\n<p>Fuente:<a href=\"https:\/\/bit.ly\/2YMKVVB\" target=\"_blank\" rel=\"noreferrer noopener\" aria-label=\" (opens in a new tab)\">https:\/\/bit.ly\/2YMKVVB<\/a><\/p>\n\n\n\n<ul class=\"wp-block-gallery columns-2 is-cropped wp-block-gallery-1 is-layout-flex wp-block-gallery-is-layout-flex\"><li class=\"blocks-gallery-item\"><figure><img decoding=\"async\" width=\"800\" height=\"384\" src=\"http:\/\/argentinatermal.com.ar\/wp-content\/uploads\/2019\/07\/Q523b60.jpg\" alt=\"\" data-id=\"3197\" class=\"wp-image-3197\" srcset=\"https:\/\/argentinatermal.com.ar\/wp-content\/uploads\/2019\/07\/Q523b60.jpg 800w, https:\/\/argentinatermal.com.ar\/wp-content\/uploads\/2019\/07\/Q523b60-300x144.jpg 300w, https:\/\/argentinatermal.com.ar\/wp-content\/uploads\/2019\/07\/Q523b60-768x369.jpg 768w, https:\/\/argentinatermal.com.ar\/wp-content\/uploads\/2019\/07\/Q523b60-696x334.jpg 696w\" sizes=\"(max-width: 800px) 100vw, 800px\" \/><\/figure><\/li><li class=\"blocks-gallery-item\"><figure><img decoding=\"async\" width=\"800\" height=\"658\" src=\"http:\/\/argentinatermal.com.ar\/wp-content\/uploads\/2019\/07\/7L61D51-1.jpg\" alt=\"\" data-id=\"3198\" data-link=\"http:\/\/argentinatermal.com.ar\/?attachment_id=3198\" class=\"wp-image-3198\" srcset=\"https:\/\/argentinatermal.com.ar\/wp-content\/uploads\/2019\/07\/7L61D51-1.jpg 800w, https:\/\/argentinatermal.com.ar\/wp-content\/uploads\/2019\/07\/7L61D51-1-300x247.jpg 300w, https:\/\/argentinatermal.com.ar\/wp-content\/uploads\/2019\/07\/7L61D51-1-768x632.jpg 768w, https:\/\/argentinatermal.com.ar\/wp-content\/uploads\/2019\/07\/7L61D51-1-696x572.jpg 696w, https:\/\/argentinatermal.com.ar\/wp-content\/uploads\/2019\/07\/7L61D51-1-511x420.jpg 511w\" sizes=\"(max-width: 800px) 100vw, 800px\" \/><\/figure><\/li><\/ul>\n","protected":false},"excerpt":{"rendered":"<p>El Campus&nbsp; del Agua de la Universidad de Vigo colaborar\u00e1 durante los d\u00edas 18 y 19 de septiembre de 2019 Desde el punto de vista institucional, el Simposio Internacional de Termalismo y Calidad de Vida (STCV-2019) constituye una oportunidad para avanzar en la estrategia de colaboraci\u00f3n de instituciones p\u00fablicas de la provincia significadas en el [&hellip;]<\/p>\n","protected":false},"author":1,"featured_media":3198,"comment_status":"open","ping_status":"open","sticky":false,"template":"","format":"standard","meta":{"footnotes":""},"categories":[31],"tags":[],"class_list":["post-3196","post","type-post","status-publish","format-standard","has-post-thumbnail","hentry","category-colaboradores"],"_links":{"self":[{"href":"https:\/\/argentinatermal.com.ar\/index.php?rest_route=\/wp\/v2\/posts\/3196","targetHints":{"allow":["GET"]}}],"collection":[{"href":"https:\/\/argentinatermal.com.ar\/index.php?rest_route=\/wp\/v2\/posts"}],"about":[{"href":"https:\/\/argentinatermal.com.ar\/index.php?rest_route=\/wp\/v2\/types\/post"}],"author":[{"embeddable":true,"href":"https:\/\/argentinatermal.com.ar\/index.php?rest_route=\/wp\/v2\/users\/1"}],"replies":[{"embeddable":true,"href":"https:\/\/argentinatermal.com.ar\/index.php?rest_route=%2Fwp%2Fv2%2Fcomments&post=3196"}],"version-history":[{"count":1,"href":"https:\/\/argentinatermal.com.ar\/index.php?rest_route=\/wp\/v2\/posts\/3196\/revisions"}],"predecessor-version":[{"id":3199,"href":"https:\/\/argentinatermal.com.ar\/index.php?rest_route=\/wp\/v2\/posts\/3196\/revisions\/3199"}],"wp:featuredmedia":[{"embeddable":true,"href":"https:\/\/argentinatermal.com.ar\/index.php?rest_route=\/wp\/v2\/media\/3198"}],"wp:attachment":[{"href":"https:\/\/argentinatermal.com.ar\/index.php?rest_route=%2Fwp%2Fv2%2Fmedia&parent=3196"}],"wp:term":[{"taxonomy":"category","embeddable":true,"href":"https:\/\/argentinatermal.com.ar\/index.php?rest_route=%2Fwp%2Fv2%2Fcategories&post=3196"},{"taxonomy":"post_tag","embeddable":true,"href":"https:\/\/argentinatermal.com.ar\/index.php?rest_route=%2Fwp%2Fv2%2Ftags&post=3196"}],"curies":[{"name":"wp","href":"https:\/\/api.w.org\/{rel}","templated":true}]}}