{"id":3311,"date":"2019-08-14T13:43:33","date_gmt":"2019-08-14T16:43:33","guid":{"rendered":"http:\/\/argentinatermal.com.ar\/?p=3311"},"modified":"2019-08-14T13:43:34","modified_gmt":"2019-08-14T16:43:34","slug":"la-villa-caldas-da-rainha-presentara-su-oferta-termal-en-termatalia-2019","status":"publish","type":"post","link":"https:\/\/argentinatermal.com.ar\/?p=3311","title":{"rendered":"La villa Caldas da Rainha presentar\u00e1 su oferta termal en Termatalia 2019"},"content":{"rendered":"\n<h3 class=\"wp-block-heading\">&gt;&gt;Centro termal m\u00e1s antiguo del mundo&nbsp;<\/h3>\n\n\n\n<p class=\"has-drop-cap\">La villa termal de Caldas da Rainha que est\u00e1 ubicada en la Regi\u00f3n Centro de Portugal a una hora de Lisboa. Caldas es socia de E.H.T.T.A. promocion\u00e1ndose como \u201cPatrimonio de las Aguas\u201d. El presidente de su C\u00e1mara Municipal, Fernando Tinta Ferreira, y el vicepresidente Hugo Martinho de Oliveira, presentar\u00e1n a Termatalia las potencialidades de esta ciudad entre los que destaca su Hospital Termal en honor a la reina Leomor, fundado por el rey Joao II en el siglo XV.<\/p>\n\n\n\n<figure class=\"wp-block-image\"><a href=\"https:\/\/www.termatalia.com\/index.php\" target=\"_blank\" rel=\"noreferrer noopener\"><img decoding=\"async\" width=\"800\" height=\"106\" src=\"http:\/\/argentinatermal.com.ar\/wp-content\/uploads\/2019\/07\/termatalia_galicia.gif\" alt=\"\" class=\"wp-image-3178\" \/><\/a><\/figure>\n\n\n\n<p>La villa termal de Caldas da Rainha naci\u00f3 de las aguas y dio al mundo el mas antiguo de los hospitales termales y a la vez la primera gran unidad asistencial en Portugal. Cinco siglos m\u00e1s tarde, el Hospital Termal mantiene su vocaci\u00f3n terap\u00e9utica mientras se adoptan medidas para su reordenaci\u00f3n, en el marco de un proyecto de desarrollo termal, presentado en el II Encuentro de Ciudades Termales, celebrado en Termatalia.<\/p>\n\n\n\n<p>Considerado el precursor del termalismo cient\u00edfico de la Europa del siglo XVIII, el Hospital Termal est\u00e1 siendo objeto de estudio para preservar su valor patrimonial. El proyecto contempla crear una Centro Reumatol\u00f3gico Nacional como unidad de investigaci\u00f3n, ense\u00f1anza y terapia asociada al edificio hospitalario, se fundamenta en la oportunidad de aprovechar las cualidades terap\u00e9uticas de sus aguas termales y la necesidad de una formaci\u00f3n avanzada de estos especialistas en Hidrolog\u00eda M\u00e9dica.<\/p>\n\n\n\n<p>El proyecto de desarrollo termal en la villa portuguesa, prev\u00e9 la creaci\u00f3n de un Centro del Conocimiento del Termalismo que articule su ense\u00f1anza y la pr\u00e1ctica profesional mediante un Centro Reumatol\u00f3gico de \u00e1mbito nacional con especialidades de Reumatolog\u00eda, Medicina F\u00edsica y Rehabilitaci\u00f3n e Hidrolog\u00eda M\u00e9dica, adem\u00e1s del fomento de la investigaci\u00f3n a trav\u00e9s de un Centro Internacional de Estudios asociados.\n\n<\/p>\n\n\n\n<p>Fuente: <a href=\"https:\/\/www.termatalia.com\/index.php\" target=\"_blank\" rel=\"noreferrer noopener\" aria-label=\" (opens in a new tab)\">https:\/\/www.termatalia.com\/index.php<\/a><\/p>\n\n\n\n<ul class=\"wp-block-gallery columns-2 is-cropped wp-block-gallery-1 is-layout-flex wp-block-gallery-is-layout-flex\"><li class=\"blocks-gallery-item\"><figure><img decoding=\"async\" width=\"800\" height=\"450\" src=\"http:\/\/argentinatermal.com.ar\/wp-content\/uploads\/2019\/08\/nz75f5y.jpeg\" alt=\"\" data-id=\"3312\" class=\"wp-image-3312\" srcset=\"https:\/\/argentinatermal.com.ar\/wp-content\/uploads\/2019\/08\/nz75f5y.jpeg 800w, https:\/\/argentinatermal.com.ar\/wp-content\/uploads\/2019\/08\/nz75f5y-300x169.jpeg 300w, https:\/\/argentinatermal.com.ar\/wp-content\/uploads\/2019\/08\/nz75f5y-768x432.jpeg 768w, https:\/\/argentinatermal.com.ar\/wp-content\/uploads\/2019\/08\/nz75f5y-696x392.jpeg 696w, https:\/\/argentinatermal.com.ar\/wp-content\/uploads\/2019\/08\/nz75f5y-747x420.jpeg 747w\" sizes=\"(max-width: 800px) 100vw, 800px\" \/><\/figure><\/li><li class=\"blocks-gallery-item\"><figure><img decoding=\"async\" width=\"761\" height=\"800\" src=\"http:\/\/argentinatermal.com.ar\/wp-content\/uploads\/2019\/08\/3160bLj.jpg\" alt=\"\" data-id=\"3313\" data-link=\"http:\/\/argentinatermal.com.ar\/?attachment_id=3313\" class=\"wp-image-3313\" srcset=\"https:\/\/argentinatermal.com.ar\/wp-content\/uploads\/2019\/08\/3160bLj.jpg 761w, https:\/\/argentinatermal.com.ar\/wp-content\/uploads\/2019\/08\/3160bLj-285x300.jpg 285w, https:\/\/argentinatermal.com.ar\/wp-content\/uploads\/2019\/08\/3160bLj-696x732.jpg 696w, https:\/\/argentinatermal.com.ar\/wp-content\/uploads\/2019\/08\/3160bLj-400x420.jpg 400w\" sizes=\"(max-width: 761px) 100vw, 761px\" \/><\/figure><\/li><\/ul>\n","protected":false},"excerpt":{"rendered":"<p>&gt;&gt;Centro termal m\u00e1s antiguo del mundo&nbsp; La villa termal de Caldas da Rainha que est\u00e1 ubicada en la Regi\u00f3n Centro de Portugal a una hora de Lisboa. Caldas es socia de E.H.T.T.A. promocion\u00e1ndose como \u201cPatrimonio de las Aguas\u201d. El presidente de su C\u00e1mara Municipal, Fernando Tinta Ferreira, y el vicepresidente Hugo Martinho de Oliveira, presentar\u00e1n [&hellip;]<\/p>\n","protected":false},"author":1,"featured_media":3313,"comment_status":"open","ping_status":"open","sticky":false,"template":"","format":"standard","meta":{"footnotes":""},"categories":[17],"tags":[],"class_list":["post-3311","post","type-post","status-publish","format-standard","has-post-thumbnail","hentry","category-turismo-termal"],"_links":{"self":[{"href":"https:\/\/argentinatermal.com.ar\/index.php?rest_route=\/wp\/v2\/posts\/3311","targetHints":{"allow":["GET"]}}],"collection":[{"href":"https:\/\/argentinatermal.com.ar\/index.php?rest_route=\/wp\/v2\/posts"}],"about":[{"href":"https:\/\/argentinatermal.com.ar\/index.php?rest_route=\/wp\/v2\/types\/post"}],"author":[{"embeddable":true,"href":"https:\/\/argentinatermal.com.ar\/index.php?rest_route=\/wp\/v2\/users\/1"}],"replies":[{"embeddable":true,"href":"https:\/\/argentinatermal.com.ar\/index.php?rest_route=%2Fwp%2Fv2%2Fcomments&post=3311"}],"version-history":[{"count":1,"href":"https:\/\/argentinatermal.com.ar\/index.php?rest_route=\/wp\/v2\/posts\/3311\/revisions"}],"predecessor-version":[{"id":3314,"href":"https:\/\/argentinatermal.com.ar\/index.php?rest_route=\/wp\/v2\/posts\/3311\/revisions\/3314"}],"wp:featuredmedia":[{"embeddable":true,"href":"https:\/\/argentinatermal.com.ar\/index.php?rest_route=\/wp\/v2\/media\/3313"}],"wp:attachment":[{"href":"https:\/\/argentinatermal.com.ar\/index.php?rest_route=%2Fwp%2Fv2%2Fmedia&parent=3311"}],"wp:term":[{"taxonomy":"category","embeddable":true,"href":"https:\/\/argentinatermal.com.ar\/index.php?rest_route=%2Fwp%2Fv2%2Fcategories&post=3311"},{"taxonomy":"post_tag","embeddable":true,"href":"https:\/\/argentinatermal.com.ar\/index.php?rest_route=%2Fwp%2Fv2%2Ftags&post=3311"}],"curies":[{"name":"wp","href":"https:\/\/api.w.org\/{rel}","templated":true}]}}