{"id":3388,"date":"2019-09-04T11:10:42","date_gmt":"2019-09-04T14:10:42","guid":{"rendered":"http:\/\/argentinatermal.com.ar\/?p=3388"},"modified":"2019-09-04T11:10:44","modified_gmt":"2019-09-04T14:10:44","slug":"el-alivio-de-los-sintomas-hace-que-las-personas-cambien-sus-vidas-para-usar-aguas-terapeuticas-dentro-de-sp","status":"publish","type":"post","link":"https:\/\/argentinatermal.com.ar\/?p=3388","title":{"rendered":"El alivio de los s\u00edntomas hace que las personas cambien sus vidas para usar aguas terap\u00e9uticas dentro de SP"},"content":{"rendered":"\n<figure class=\"wp-block-image\"><a href=\"https:\/\/www.termatalia.com\/index.php#intro\" target=\"_blank\" rel=\"noreferrer noopener\"><img decoding=\"async\" width=\"800\" height=\"106\" src=\"http:\/\/argentinatermal.com.ar\/wp-content\/uploads\/2019\/08\/termatalia_galicia.gif\" alt=\"\" class=\"wp-image-3334\" \/><\/a><\/figure>\n\n\n\n<h3 class=\"wp-block-heading\">Hay tres opciones de agua disponibles para beber y ba\u00f1arse en \u00c1guas de S\u00e3o Pedro.&nbsp;Los informes escuchados por el G1 van desde la mejora de enfermedades raras hasta la decisi\u00f3n m\u00e9dica cambiante sobre la amputaci\u00f3n de la pierna;&nbsp;El investigador afirma que existe evidencia cient\u00edfica en el tratamiento.<\/h3>\n\n\n\n<p><strong>Por Fernando Jacomini *, G1 Piracicaba y Regi\u00f3n<\/strong><\/p>\n\n\n\n<figure class=\"wp-block-image\"><img decoding=\"async\" src=\"https:\/\/s2.glbimg.com\/cX7QGg_Q0Fcx_KdWdKCKI33GCPU=\/0x0:6000x4000\/1262x0\/smart\/filters:strip_icc()\/i.s3.glbimg.com\/v1\/AUTH_59edd422c0c84a879bd37670ae4f538a\/internal_photos\/bs\/2019\/I\/n\/dGsLzcSUGaPbCmZUeUpw\/dsc-0384.jpg\" alt=\"\" \/><figcaption> Ba\u00f1era con agua Juventud, en \u00c1guas de S\u00e3o Pedro &#8211; Foto: Fernando Jacomini \/ G1 <\/figcaption><\/figure>\n\n\n\n<p>Hace ocho a\u00f1os, J\u00falio Guilhermo cambi\u00f3 su vida en R\u00edo de Janeiro (RJ), donde naci\u00f3, para vivir en \u00c1guas de S\u00e3o Pedro (SP) en busca de tratamiento para una rara enfermedad de la piel.&nbsp;Es una de las personas que informa a&nbsp;los cambios de rutina de&nbsp;<strong>G1<\/strong>&nbsp;despu\u00e9s de descubrir que la ciudad de S\u00e3o Paulo es una cuna de aguas que prometen aliviar los s\u00edntomas e incluso curar diversas enfermedades.&nbsp;\u00abLos ba\u00f1os han mejorado mucho mi piel\u00bb, dice.<\/p>\n\n\n\n<p>Los informes escuchados por el&nbsp;<strong>G1<\/strong>&nbsp;sobre los beneficios que las aguas del municipio aportan a la salud van desde cambiar la decisi\u00f3n m\u00e9dica sobre la amputaci\u00f3n de la pierna hasta terminar las hospitalizaciones causadas por la complicaci\u00f3n de la enfermedad muscular.&nbsp;<strong><em>[Conozca las historias al final del art\u00edculo y tambi\u00e9n comprenda sobre las aguas]<\/em><\/strong><strong><em><\/em><\/strong><\/p>\n\n\n\n<p>El uso efectivo de las aguas terap\u00e9uticas divide las opiniones de expertos.&nbsp;Por un lado, los investigadores dicen que hay evidencia de que el agua mejora los s\u00edntomas de la enfermedad.&nbsp;La Sociedad de Dermatolog\u00eda recomienda el uso para el alivio de algunas patolog\u00edas, pero las instituciones de Reumatolog\u00eda y Enfermedades Infecciosas requieren precauci\u00f3n, ya que no hay pruebas cient\u00edficas de tratamiento terap\u00e9utico.<\/p>\n\n\n\n<figure class=\"wp-block-image\"><img decoding=\"async\" src=\"https:\/\/s2.glbimg.com\/t8NPZtpzAjnG0LUEgqkcdXmj-gc=\/0x0:6000x4000\/1262x0\/smart\/filters:strip_icc()\/i.s3.glbimg.com\/v1\/AUTH_59edd422c0c84a879bd37670ae4f538a\/internal_photos\/bs\/2019\/N\/9\/xPFvmnTvWmhsmNbxlJFQ\/39bdced8-1709-4d3f-bbb3-812b0100d508.jpg\" alt=\"\" \/><figcaption> Las aguas termales se pueden consumir de forma gratuita en \u00c1guas de S\u00e3o Pedro &#8211; Foto: Fernando Jacomini \/ G1 <\/figcaption><\/figure>\n\n\n\n<p>En la peque\u00f1a ciudad, que est\u00e1 a 190 kil\u00f3metros de Sao Paulo (SP), las aguas son valiosas y no hay cementerios ni vertederos para evitar la contaminaci\u00f3n de los pozos.&nbsp;Se dividen en tres fuentes y se diferencian por la cantidad de cada propiedad que llevan y por los gases.<\/p>\n\n\n\n<p>Los visitantes pueden beber Gioconda y Almeida Salles, y Youth, adem\u00e1s del consumo oral, tambi\u00e9n se usa en ba\u00f1os de remojo porque es rico en materia org\u00e1nica y tiene el segundo contenido de azufre m\u00e1s alto del mundo en el nivel de acidez alcalina de seg\u00fan Fabio Lazzerini, ge\u00f3logo especializado en geolog\u00eda m\u00e9dica, investigador de aguas termales y tambi\u00e9n presidente de la Asociaci\u00f3n Termal de Am\u00e9rica Latina.<\/p>\n\n\n\n<p>El investigador explica que el potencial del tratamiento del agua est\u00e1 relacionado con la combinaci\u00f3n de los principios presentes en cada uno de ellos, convirti\u00e9ndolos en \u00abdrogas naturales\u00bb.\u00bbExiste evidencia de que las aguas terap\u00e9uticas ayudan a tratar una variedad de enfermedades\u00bb, dice Lazzerini.<\/p>\n\n\n\n<p>\u00abDebido al gas de azufre, por ejemplo, [el agua] tiene un gran potencial para penetrar la piel e ir a la sangre durante los ba\u00f1os. El azufre tambi\u00e9n est\u00e1 presente en los hospitales y en algunos productos para el cuidado de la piel\u00bb, agrega.<\/p>\n\n\n\n<figure class=\"wp-block-image\"><img decoding=\"async\" src=\"https:\/\/s2.glbimg.com\/ye2b0ALFwuQKyjA_UlC-fMc7gn8=\/0x0:6000x4000\/640x0\/smart\/filters:strip_icc()\/i.s3.glbimg.com\/v1\/AUTH_59edd422c0c84a879bd37670ae4f538a\/internal_photos\/bs\/2019\/V\/w\/vRLiD4TBqE0esr0DzREA\/dsc-0221.jpg\" alt=\"\" \/><figcaption> Lugar donde hay aguas termales y un ba\u00f1o en \u00c1guas de S\u00e3o Pedro &#8211; Foto: Fernando Jacomini \/ G1 <\/figcaption><\/figure>\n\n\n\n<h2 class=\"wp-block-heading\">De Rio al interior de SP<\/h2>\n\n\n\n<p>\n\nNacido con Darier, una rara enfermedad dermatol\u00f3gica, Julius tiene 54 a\u00f1os y siempre ha sufrido erupciones cut\u00e1neas, \u00abcostras\u00bb que se forman, mal olor y sensibilidad a la luz solar.&nbsp;En R\u00edo de Janeiro, trabaj\u00f3 con la edici\u00f3n de videos, pero tuvo que retirarse temprano debido a sus s\u00edntomas.&nbsp;Las principales restricciones de la enfermedad son el contacto con el polvo y la exposici\u00f3n al sol.\n\n<\/p>\n\n\n\n<figure class=\"wp-block-image\"><img decoding=\"async\" src=\"https:\/\/s2.glbimg.com\/3DPwzJEX9hV-E4A5FYbgLG7jQU8=\/0x0:1280x738\/640x0\/smart\/filters:strip_icc()\/i.s3.glbimg.com\/v1\/AUTH_59edd422c0c84a879bd37670ae4f538a\/internal_photos\/bs\/2019\/X\/c\/E32iX4QUS5scpqXuAroA\/bdf8e211-bafc-4a91-866b-358138a8ae0c.jpg\" alt=\"\" \/><figcaption> J\u00falio en el momento en que comenz\u00f3 el tratamiento en \u00c1guas de S\u00e3o Pedro &#8211; Foto: J\u00falio Guilhermo \/ Archivo personal <\/figcaption><\/figure>\n\n\n\n<p>Un d\u00eda, viendo la televisi\u00f3n, vio a una persona con piel que se parec\u00eda a su tratamiento en \u00c1guas de S\u00e3o Pedro.&nbsp;Julio dice que esto despert\u00f3 la curiosidad de conocer la ciudad de S\u00e3o Paulo y probar el ba\u00f1o.\u201cComenc\u00e9 el ba\u00f1o de 21 d\u00edas seguidos y comenc\u00e9 a tener una calidad de vida un 80% mejor.&nbsp;Sol\u00eda \u200b\u200bvivir con dolor de cabeza.&nbsp;Hoy rara vez se enciende \u00ab, recuerda.<\/p>\n\n\n\n<p>El tratamiento comenz\u00f3 a funcionar, por lo que decidi\u00f3 mudarse permanentemente a S\u00e3o Paulo con su esposa y su hijastro.&nbsp;<strong><em>[Vea en el video a continuaci\u00f3n c\u00f3mo logr\u00f3 construir la casa donde vive]<\/em><\/strong><\/p>\n\n\n\n<p><a href=\"http:\/\/g1.globo.com\/sp\/sao-carlos-regiao\/jornal-da-eptv\/videos\/v\/julio-guilhermo-relata-sobre-casa-que-vive-para-tratamento-em-aguas-de-sao-pedro\/7891059\/\">http:\/\/g1.globo.com\/sp\/sao-carlos-regiao\/jornal-da-eptv\/videos\/v\/julio-guilhermo-relata-sobre-casa-que-vive-para-tratamento-em-aguas-de-sao-pedro\/7891059\/<\/a><\/p>\n\n\n\n<p>Julius dice que los \u00abba\u00f1os de mantenimiento\u00bb se realizan tres o cuatro veces por semana, un rito complementado por el consumo de agua embotellada que se lleva a casa.&nbsp;Seg\u00fan \u00e9l, durante alg\u00fan tiempo contrajo neumon\u00eda y se le impidi\u00f3 continuar el tratamiento.&nbsp;Durante este tiempo, nuevamente sinti\u00f3 los s\u00edntomas de la enfermedad dermatol\u00f3gica.\u00bbMi intenci\u00f3n es quedarme aqu\u00ed. Me instal\u00e9, tengo mi hogar y la familia se ha adaptado\u00bb, dice.<\/p>\n\n\n\n<p>Adem\u00e1s de los ba\u00f1os, Julio acompa\u00f1a a dermat\u00f3logos en la Universidad Estatal de Campinas (Unicamp) y aprovecha su tiempo libre en casa para reparar equipos electr\u00f3nicos de vecinos y conocidos.<\/p>\n\n\n\n<figure class=\"wp-block-image\"><img decoding=\"async\" src=\"https:\/\/s2.glbimg.com\/8XOhPJc8uRJea1kAH5mFrvbsXB8=\/0x0:6000x4000\/1262x0\/smart\/filters:strip_icc()\/i.s3.glbimg.com\/v1\/AUTH_59edd422c0c84a879bd37670ae4f538a\/internal_photos\/bs\/2019\/9\/G\/E1gcRTR2CYyElvlmQkeg\/julio-conceicao-faz-tratamento-em-aguas-de-sao-pedro.jpg\" alt=\"\" \/><figcaption> J\u00falio ha sido tratado durante 8 a\u00f1os en \u00c1guas de S\u00e3o Pedro &#8211; Foto: Fernando Jacomini \/ G1 <\/figcaption><\/figure>\n\n\n\n<h2 class=\"wp-block-heading\">Cambio diagn\u00f3stico de amputaci\u00f3n<\/h2>\n\n\n\n<p>Residente de Santa B\u00e1rbara d&#8217;Oeste, a 56 kil\u00f3metros de \u00c1guas de S\u00e3o Pedro, Aparecida Roman Campos, de 59 a\u00f1os, le dijo al&nbsp;<strong>G1<\/strong>&nbsp;que tuvo complicaciones en una pierna despu\u00e9s de una fractura en 2006: el cuerpo finalmente rechaz\u00f3 la pr\u00f3tesis que p\u00f3ntelo.&nbsp;La situaci\u00f3n se ha convertido en osteomielitis, una enfermedad infecciosa que afecta los huesos y la piel.&nbsp;<strong><em>[Ver informe en video a continuaci\u00f3n]<\/em><\/strong><\/p>\n\n\n\n<p><a href=\"http:\/\/g1.globo.com\/sp\/sao-carlos-regiao\/jornal-da-eptv\/videos\/v\/aparecida-roman-campos-conta-sobre-melhora-apos-tratamento-em-aguas-de-sao-pedro\/7891090\/\">http:\/\/g1.globo.com\/sp\/sao-carlos-regiao\/jornal-da-eptv\/videos\/v\/aparecida-roman-campos-conta-sobre-melhora-apos-tratamento-em-aguas-de-sao-pedro\/7891090\/<\/a><\/p>\n\n\n\n<p><br>Como la limpieza y el uso de antibi\u00f3ticos no tuvieron efecto en el tratamiento, Aparecida recuerda que la \u00fanica alternativa que los m\u00e9dicos dieron para el tratamiento fue la amputaci\u00f3n.&nbsp;\u201cFui a tres ortopedistas y me dijeron eso.&nbsp;Entonces mi yerno se enter\u00f3 de una mujer que se hab\u00eda ba\u00f1ado a causa de un f\u00e9mur fracturado y ten\u00eda la misma enfermedad \u00ab, dice.<\/p>\n\n\n\n<p>A partir de esto, la jubilada y su esposo comenzaron a \u00abturnarse\u00bb para alojarse en ambas ciudades para que ella siguiera los ba\u00f1os terap\u00e9uticos acompa\u00f1ada por un m\u00e9dico de \u00c1guas de S\u00e3o Pedro.&nbsp;La rutina ha estado funcionando durante 9 a\u00f1os, y Aparecida dice que 12 sesiones seguidas fueron suficientes para que la mejora comenzara a notarse.<\/p>\n\n\n\n<figure class=\"wp-block-image\"><img decoding=\"async\" src=\"https:\/\/s2.glbimg.com\/_UOpOEVvf7ZInhQhz5qTrC6jVDU=\/0x0:6000x4000\/640x0\/smart\/filters:strip_icc()\/i.s3.glbimg.com\/v1\/AUTH_59edd422c0c84a879bd37670ae4f538a\/internal_photos\/bs\/2019\/1\/R\/lK3NBGS0m5IR3WiCiwdA\/dsc-0285.jpg\" alt=\"\" \/><figcaption> Aparecida diz que anda normalmente ap\u00f3s tratar infec\u00e7\u00e3o \u2014 Foto: Fernando Jacomini\/G1 <\/figcaption><\/figure>\n\n\n\n<p>Una vez al a\u00f1o, el jubilado realiza una consulta de rutina en la Unicamp y, aunque una de sus piernas se ha acortado, dice que no tiene dificultad para caminar y que tiene que tomar ba\u00f1os de mantenimiento durante tres d\u00edas seguidos, quincenalmente, alquilando durante este per\u00edodo. una casa en \u00c1guas de S\u00e3o Pedro.<\/p>\n\n\n\n<p>\u00abHoy hago mis tareas dom\u00e9sticas y tengo una vida normal, gracias a Dios. Ciertamente, las aguas me ayudaron mucho\u00bb, dice. <\/p>\n\n\n\n<figure class=\"wp-block-image\"><img decoding=\"async\" src=\"https:\/\/s2.glbimg.com\/C1nRl6pq73tXqvXZMnGFRbakyT8=\/0x0:6000x4000\/640x0\/smart\/filters:strip_icc()\/i.s3.glbimg.com\/v1\/AUTH_59edd422c0c84a879bd37670ae4f538a\/internal_photos\/bs\/2019\/n\/T\/tjD5oLTIG1gD4T5tb1hA\/dsc-0292.jpg\" alt=\"\" \/><figcaption> La infecci\u00f3n comenz\u00f3 despu\u00e9s de una complicaci\u00f3n por fractura &#8211; Foto: Fernando Jacomini \/ G1 <\/figcaption><\/figure>\n\n\n\n<h2 class=\"wp-block-heading\">El esposo tambi\u00e9n comenz\u00f3 el tratamiento<\/h2>\n\n\n\n<p>Con los efectos positivos en la atenci\u00f3n m\u00e9dica de las mujeres, el esposo de Aparecida, Jos\u00e9 Sebasti\u00e3o Campos, de 63 a\u00f1os, comenz\u00f3 a ba\u00f1arse y beber agua para tratar la polimiositis, una enfermedad degenerativa que causa dolor muscular y debilidad.&nbsp;\u201cSiempre fui hospitalizado debido a los s\u00edntomas.&nbsp;Despu\u00e9s de comenzar los ba\u00f1os, nunca m\u00e1s fui hospitalizado \u201d, dice.<\/p>\n\n\n\n<p><a href=\"http:\/\/g1.globo.com\/sp\/sao-carlos-regiao\/jornal-da-eptv\/videos\/v\/jose-sebastiao-campos-conta-sobre-melhora-da-esposa-apos-tratamento-em-aguas-de-sao-pedro\/7891099\/\">http:\/\/g1.globo.com\/sp\/sao-carlos-regiao\/jornal-da-eptv\/videos\/v\/jose-sebastiao-campos-conta-sobre-melhora-da-esposa-apos-tratamento-em-aguas-de-sao-pedro\/7891099\/<\/a><\/p>\n\n\n\n<p>Sebasti\u00e3o cuenta po\u00e9ticamente sobre la atenci\u00f3n m\u00e9dica de su esposa.&nbsp;Adem\u00e1s, la felicidad de los resultados del tratamiento le hizo incluso escribir un libro in\u00e9dito sobre las aguas y la ciudad.&nbsp;<strong>[Ver video arriba]<\/strong><\/p>\n\n\n\n<p>La Sociedad Brasile\u00f1a de Reumatolog\u00eda inform\u00f3 al&nbsp;<strong>G1<\/strong>&nbsp;que no hay evidencia cient\u00edfica sobre la efectividad del agua para su tratamiento de la salud.<\/p>\n\n\n\n<figure class=\"wp-block-image\"><img decoding=\"async\" src=\"https:\/\/s2.glbimg.com\/uYGEK9RmAp7KjAfS_iacHDGWk_4=\/0x0:6000x4000\/640x0\/smart\/filters:strip_icc()\/i.s3.glbimg.com\/v1\/AUTH_59edd422c0c84a879bd37670ae4f538a\/internal_photos\/bs\/2019\/g\/Q\/9ZMvVERMWqcS37TykhsA\/dsc-0306.jpg\" alt=\"\" \/><figcaption> Jos\u00e9 Sebasti\u00e3o Campos trata la polimiositis &#8211; Foto: Fernando Jacomini \/ G1 <\/figcaption><\/figure>\n\n\n\n<h2 class=\"wp-block-heading\">Prueba cient\u00edfica en tratamientos.<\/h2>\n\n\n\n<p>El investigador Fabio Lazzerini afirma que, aunque no hay un estudio pr\u00e1ctico brasile\u00f1o reciente sobre el potencial de las aguas terap\u00e9uticas para el tratamiento m\u00e9dico, la investigaci\u00f3n internacional realizada con aguas con los mismos principios que las de \u00c1guas de S\u00e3o Pedro indica efectividad en el tratamiento de diversas enfermedades. .<\/p>\n\n\n\n<p>\u00abEn algunos pa\u00edses como Jap\u00f3n, Cuba y Europa, hay ensayos cl\u00ednicos con estas aguas que demuestran ser efectivos en el tratamiento de problemas reumatol\u00f3gicos, dermatol\u00f3gicos y emocionales. En estos lugares, las personas buscan no solo medicamentos sino tambi\u00e9n tratamiento para el bienestar\u00bb. ser \u00ab, subraya.<\/p>\n\n\n\n<p>Lazzerini indica que la diferencia de cada una de las tres aguas del complejo hidromineral en el interior de S\u00e3o Paulo est\u00e1 en la cantidad de sulfato, bicarbonato y cloruro, adem\u00e1s de la concentraci\u00f3n de gases.&nbsp;El agua de Gioconda tambi\u00e9n tiene rad\u00f3n y gas tor\u00f3n, por ejemplo.&nbsp;Las aguas terap\u00e9uticas est\u00e1n permitidas por el C\u00f3digo de Aguas Minerales de Brasil.<\/p>\n\n\n\n<figure class=\"wp-block-image\"><img decoding=\"async\" src=\"https:\/\/s2.glbimg.com\/7Py8UjyPrQw7t0pXsZYFsQpBxh0=\/0x0:4000x6000\/640x0\/smart\/filters:strip_icc()\/i.s3.glbimg.com\/v1\/AUTH_59edd422c0c84a879bd37670ae4f538a\/internal_photos\/bs\/2019\/Q\/h\/eKgFlzT7CB6KP09Lcz4w\/fontanario.jpg\" alt=\"\" \/><figcaption> Fuente municipal de Aguas de S\u00e3o Pedro &#8211; Foto: Fernando Jacomini \/ G1<br><br> <\/figcaption><\/figure>\n\n\n\n<p>Seg\u00fan el investigador, quien defendi\u00f3 una tesis doctoral sobre aguas termales, el agua juvenil es considerada una de las m\u00e1s ricas en materia org\u00e1nica en el pa\u00eds y tiene el segundo mayor contenido de azufre gaseoso en el mundo, a nivel de acidez alcalina, solo por detr\u00e1s de Italia.\u00a0Esto hace que el l\u00edquido se destaque para el cuidado de la salud, agrega. <\/p>\n\n\n\n<p>\n\n\u00abHay un control biol\u00f3gico mensual en los pozos, por lo que no es necesario tratar el agua y se usa en el ba\u00f1o y para el consumo de la forma en que sale\u00bb, dice.<\/p>\n\n\n\n<h2 class=\"wp-block-heading\">Lo que dice la Society of Dermatology<\/h2>\n\n\n\n<p>En una nota, la Sociedad Brasile\u00f1a de Dermatolog\u00eda inform\u00f3 que la constituci\u00f3n de aguas termales ayuda al sistema inmunitario y al da\u00f1o oxidativo del cuerpo, adem\u00e1s de tener acciones bactericidas y antis\u00e9pticas que agregan valor a las enfermedades de la piel, como las h\u00famedas, infecciosas, al\u00e9rgicas o con lesiones. eczema &#8211; irritaci\u00f3n.<\/p>\n\n\n\n<p>\u00abAdem\u00e1s, esta composici\u00f3n de aguas termales puede aumentar la inmunidad de la piel, mejorar la hidrataci\u00f3n y la composici\u00f3n de la capa de epidermis. [&#8230;] Existe cierta evidencia en la literatura de la mejora de las enfermedades inflamatorias y reumatol\u00f3gicas, lo que sugiere posibles beneficios. para la piel, aunque no hay un grado de evidencia cient\u00edfica al respecto \u00ab, agrega el texto.<\/p>\n\n\n\n<h2 class=\"wp-block-heading\">Sociedad infecciosa<\/h2>\n\n\n\n<p>Ana L\u00facia Munhoz Lima, profesora y jefa del departamento de infecciones del Instituto de Ortopedia y Traumatolog\u00eda de la Universidad de S\u00e3o Paulo (USP), dice que no tiene conocimiento de ninguna evidencia cient\u00edfica que diga a favor o en contra del tratamiento con aguas terap\u00e9uticas.&nbsp;El m\u00e9dico tambi\u00e9n es consultor de la Sociedad Brasile\u00f1a de Enfermedades Infecciosas (OSE).<\/p>\n\n\n\n<p>\u00abLas terapias alternativas deben considerarse y realizarse con mucho cuidado debido a esto. Entre el tratamiento de la osteomielitis est\u00e1 la cirug\u00eda para limpiar el \u00e1rea y el uso de antibi\u00f3ticos\u00bb, explica.<\/p>\n\n\n\n<p>El OSE tambi\u00e9n inform\u00f3 que ha producido una gu\u00eda panamericana para la osteomielitis disponible en Internet.<\/p>\n\n\n\n<figure class=\"wp-block-image\"><img decoding=\"async\" src=\"https:\/\/s2.glbimg.com\/bAG-CQZXrMhlK6U5TdSJtEyrjDA=\/0x0:6000x4000\/640x0\/smart\/filters:strip_icc()\/i.s3.glbimg.com\/v1\/AUTH_59edd422c0c84a879bd37670ae4f538a\/internal_photos\/bs\/2019\/O\/Y\/Bo6RzFSUOln05slTOW3w\/dsc-0357.jpg\" alt=\"\" \/><figcaption> Hay tres opciones terap\u00e9uticas de agua en \u00c1guas de S\u00e3o Pedro &#8211; Foto: Fernando Jacomini \/ G1 <\/figcaption><\/figure>\n\n\n\n<h2 class=\"wp-block-heading\">Tipos de agua<\/h2>\n\n\n\n<p>Las aguas termales de Aguas de S\u00e3o Pedro se pueden tomar en peque\u00f1as dosis diarias y una de ellas, Juventude, tambi\u00e9n se usa para los ba\u00f1os de spa del spa ubicado en la ciudad.&nbsp;Gioconda es capturado en un pozo en la vecina S\u00e3o Pedro (SP) y transportado all\u00ed diariamente en camiones.<\/p>\n\n\n\n<p>Seg\u00fan el ayuntamiento, las aguas est\u00e1n reguladas y controladas por el Ministerio de Salud y el Ministerio de Minas y Energ\u00eda.<\/p>\n\n\n\n<ul class=\"wp-block-list\"><li><strong>Juventud:<\/strong>&nbsp;agua sulfurosa, con el segundo contenido de azufre m\u00e1s alto del mundo.&nbsp;Indicado para el tratamiento del reumatismo, diabetes, alergia, asma, colitis, enfermedades de la piel, intoxicaci\u00f3n e inflamaci\u00f3n;<\/li><li><strong>Gioconda:<\/strong>&nbsp;agua radiactiva sulfatada de sodio, indicada para el tratamiento del h\u00edgado, la ves\u00edcula biliar y los intestinos;<\/li><li><strong>Almeida Salles:<\/strong>&nbsp;agua de bicarbonato de sodio, indicada para el tratamiento de acidez estomacal, exceso de acidez g\u00e1strica, diabetes y c\u00e1lculos renales.<\/li><\/ul>\n\n\n\n<h2 class=\"wp-block-heading\">Aprende a usar<\/h2>\n\n\n\n<p>Los ba\u00f1os de inmersi\u00f3n cuestan R $ 28 y se pueden tomar en el spa termal Dr. Oct\u00e1vio Moura Andrade, ubicado en la Avenida Carlos Mauro, 213, en \u00c1guas de S\u00e3o Pedro.&nbsp;En el sitio y tambi\u00e9n en la fuente al lado es posible embotellar los tres tipos de agua de forma gratuita.&nbsp;El tel\u00e9fono de informaci\u00f3n es (19) 3482-1333.<\/p>\n\n\n\n<p>Los visitantes pueden participar en actividades de escalada de \u00e1rboles, visitar el mini jard\u00edn, dar un paseo en tren tur\u00edstico y conocer fuentes terap\u00e9uticas de agua.&nbsp;La ciudad es tambi\u00e9n el punto final de Caminho do Sol, una hoja de ruta que comienza en Santana de Parna\u00edba (SP) y utilizada por peregrinos y ciclistas.&nbsp;Hay opciones gastron\u00f3micas de estilo gourmet en la ciudad, que tambi\u00e9n alberga el Grande Hotel S\u00e3o Pedro, el hotel escolar del Senac.<\/p>\n\n\n\n<p>El acceso a \u00c1guas de S\u00e3o Pedro puede ser realizado por Rodovia Geraldo de Barros (SP-304).<\/p>\n\n\n\n<p><em>* Bajo la supervisi\u00f3n de Samantha Silva, de G1 Piracicaba<\/em><\/p>\n\n\n\n<p>Fuente:<a href=\"https:\/\/glo.bo\/2lwY0DU\" target=\"_blank\" rel=\"noreferrer noopener\" aria-label=\" (opens in a new tab)\">https:\/\/glo.bo\/2lwY0DU<\/a><\/p>\n","protected":false},"excerpt":{"rendered":"<p>Hay tres opciones de agua disponibles para beber y ba\u00f1arse en \u00c1guas de S\u00e3o Pedro.&nbsp;Los informes escuchados por el G1 van desde la mejora de enfermedades raras hasta la decisi\u00f3n m\u00e9dica cambiante sobre la amputaci\u00f3n de la pierna;&nbsp;El investigador afirma que existe evidencia cient\u00edfica en el tratamiento. Por Fernando Jacomini *, G1 Piracicaba y Regi\u00f3n [&hellip;]<\/p>\n","protected":false},"author":1,"featured_media":3390,"comment_status":"open","ping_status":"open","sticky":false,"template":"","format":"standard","meta":{"footnotes":""},"categories":[16],"tags":[],"class_list":["post-3388","post","type-post","status-publish","format-standard","has-post-thumbnail","hentry","category-medicina-termal"],"_links":{"self":[{"href":"https:\/\/argentinatermal.com.ar\/index.php?rest_route=\/wp\/v2\/posts\/3388","targetHints":{"allow":["GET"]}}],"collection":[{"href":"https:\/\/argentinatermal.com.ar\/index.php?rest_route=\/wp\/v2\/posts"}],"about":[{"href":"https:\/\/argentinatermal.com.ar\/index.php?rest_route=\/wp\/v2\/types\/post"}],"author":[{"embeddable":true,"href":"https:\/\/argentinatermal.com.ar\/index.php?rest_route=\/wp\/v2\/users\/1"}],"replies":[{"embeddable":true,"href":"https:\/\/argentinatermal.com.ar\/index.php?rest_route=%2Fwp%2Fv2%2Fcomments&post=3388"}],"version-history":[{"count":1,"href":"https:\/\/argentinatermal.com.ar\/index.php?rest_route=\/wp\/v2\/posts\/3388\/revisions"}],"predecessor-version":[{"id":3391,"href":"https:\/\/argentinatermal.com.ar\/index.php?rest_route=\/wp\/v2\/posts\/3388\/revisions\/3391"}],"wp:featuredmedia":[{"embeddable":true,"href":"https:\/\/argentinatermal.com.ar\/index.php?rest_route=\/wp\/v2\/media\/3390"}],"wp:attachment":[{"href":"https:\/\/argentinatermal.com.ar\/index.php?rest_route=%2Fwp%2Fv2%2Fmedia&parent=3388"}],"wp:term":[{"taxonomy":"category","embeddable":true,"href":"https:\/\/argentinatermal.com.ar\/index.php?rest_route=%2Fwp%2Fv2%2Fcategories&post=3388"},{"taxonomy":"post_tag","embeddable":true,"href":"https:\/\/argentinatermal.com.ar\/index.php?rest_route=%2Fwp%2Fv2%2Ftags&post=3388"}],"curies":[{"name":"wp","href":"https:\/\/api.w.org\/{rel}","templated":true}]}}