{"id":3396,"date":"2019-09-05T14:15:51","date_gmt":"2019-09-05T17:15:51","guid":{"rendered":"http:\/\/argentinatermal.com.ar\/?p=3396"},"modified":"2019-09-05T14:16:46","modified_gmt":"2019-09-05T17:16:46","slug":"la-semana-termatalia-posiciona-a-ourense-como-centro-internacional-de-formacion-y-negocio-en-turismo-de-salud","status":"publish","type":"post","link":"https:\/\/argentinatermal.com.ar\/?p=3396","title":{"rendered":"La \u201cSemana Termatalia\u201d posiciona a Ourense como centro internacional de formaci\u00f3n y negocio en turismo de salud"},"content":{"rendered":"\n<h5 class=\"wp-block-heading\">&gt;&gt; Entre el 17 y el 21 de septiembre, Ourense acoger\u00e1 el Congreso Internacional sobre Termalismo y Reto Demogr\u00e1fico organizado por el proyecto \u201cRaia Termal\u201d, el III Simposio sobre Termalismo y Calidad de Vida de la Universidad de Vigo y la 19\u00aa edici\u00f3n de Termatalia<br>&gt;&gt; El comit\u00e9 asesor de Termatalia se reuni\u00f3 esta ma\u00f1ana en Expourense para conocer los programas cient\u00edficos de estos tres eventos y se comprometi\u00f3 a divulgarlos entre los profesionales de sector<\/h5>\n\n\n\n<p class=\"has-drop-cap\">Expourense acogi\u00f3 esta ma\u00f1ana una nueva reuni\u00f3n del comit\u00e9 asesor de Termatalia en la que una veintena de expertos en turismo de salud de Espa\u00f1a y Portugal conocieron al detalle los distintos programas cient\u00edficos y acad\u00e9micos de la denominada \u201cSemana Termatalia\u201d. Entre el 17 y el 21 de septiembre, Ourense se convertir\u00e1 en el epicentro mundial del conocimiento y la formaci\u00f3n especializada en turismo de salud acogiendo tres importantes eventos internacionales que contribuir\u00e1n al desarrollo del sector posicionando a Ourense capital, provincia y a Galicia en general como centros internacionales de capacitaci\u00f3n termal. Ya est\u00e1 confirmada la asistencia de profesionales de una treintena de pa\u00edses.<\/p>\n\n\n\n<figure class=\"wp-block-image\"><a href=\"https:\/\/www.termatalia.com\/index.php\" target=\"_blank\" rel=\"noreferrer noopener\"><img decoding=\"async\" width=\"800\" height=\"106\" src=\"http:\/\/argentinatermal.com.ar\/wp-content\/uploads\/2019\/09\/termatalia_galicia.gif\" alt=\"\" class=\"wp-image-3397\" \/><\/a><\/figure>\n\n\n\n<p>La \u201cSemana Termatalia\u201d arrancar\u00e1 el d\u00eda 17 de septiembre con el \u201cCongreso Internacional sobre Termalismo 2021-2027: Dinamizaci\u00f3n de los Territorios y Reto Demogr\u00e1fico\u201d organizado por el proyecto \u201cRaia Termal\u201d en el Balnearios de Lobios con el liderazgo de la Diputaci\u00f3n Provincial de Ourense, la Confederaci\u00f3n Hidrogr\u00e1fica Mi\u00f1o-Sil y los municipios termales transfronterizos de Terras de Bouro y Melga\u00e7o y financiado con Fondos Interrreg de la Uni\u00f3n Europea.&nbsp;<\/p>\n\n\n\n<p>El otro encuentro profesional de la semana ser\u00e1 la III edici\u00f3n del Simposio sobre Termalismo y Calidad de Vida liderado por el Campus del Agua de la Universidad de Vigo y que se celebrar\u00e1 en Expourense los d\u00edas 18 y 19 de septiembre. Se trata de un foro internacional abierto e interactivo, en el que investigadores y profesionales del sector termal debaten y reflexionan en torno a trabajos cient\u00edficos del agua, la salud y el bienestar, el turismo y la innovaci\u00f3n tecnol\u00f3gica; tambi\u00e9n reciben formaci\u00f3n pr\u00e1ctica a trav\u00e9s de workshops de salud, bienestar y tecnolog\u00eda. Este Simposio ha recibido m\u00e1s de 60 comunicaciones cient\u00edficas procedentes de investigadores tanto de Europa como de Am\u00e9rica Latina.<\/p>\n\n\n\n<p>Esta semana concluir\u00e1 con la celebraci\u00f3n los d\u00edas 19 y 20 de septiembre, en Expourense, de la 19\u00aa edici\u00f3n de Termatalia, Feria Internacional de Turismo Termal, Salud y Bienestar, consolidada como gran centro de negocios mundial del turismo de salud y la industria termal. El programa acad\u00e9mico de la feria estar\u00e1 incluido en el XIV Encuentro Internacional sobre Agua y Salud en el que 35 ponentes de 13 pa\u00edses y que incluye la celebraci\u00f3n de una sesi\u00f3n cient\u00edfica sobre Hidrolog\u00eda M\u00e9dica y otra sobre Turismo, Innovaci\u00f3n y Sostenibilidad.<\/p>\n\n\n\n<p>Los expertos que asistieron a la reuni\u00f3n de esta ma\u00f1ana mostraron su satisfacci\u00f3n por la calidad e innovaci\u00f3n de los programas cient\u00edficos presentados, que son fruto de la cooperaci\u00f3n interinstitucional, y se comprometieron a difundirlo y promocionarlo con el objetivo de llegar al mayor n\u00famero de profesionales posible. Est\u00e1 confirmada tambi\u00e9n la asistencia a estos foros de alumnos universitarios de carreras como Medicina o de ciclos de Formaci\u00f3n Profesional relacionados con la salud y el bienestar.&nbsp;<\/p>\n\n\n\n<p>Esta segunda reuni\u00f3n del comit\u00e9 asesor de Termatalia 2019 estuvo presidida por el vicepresidente ejecutivo de Expourense y diputado de Turismo en la Diputaci\u00f3n provincial de Ourense, Jorge Pumar, acompa\u00f1ado por la directora de la feria, Emma Gonz\u00e1lez. Asistieron a este comit\u00e9 la concejal de Turismo y Termalismo de la ciudad de Ourense, Flora Moure; el jefe del \u00e1rea provincial de Turismo de la Xunta de Galicia en Ourense, Cecilio Santalices; el director del \u00e1rea de bienestar de la Diputaci\u00f3n Provincial de Ourense, Jos\u00e9 Juan Cerdeira; el representante de Balnearios de Galicia y del Grupo Caldaria, Rafael Lua\u00f1a; representante del Cl\u00faster de Turismo de Galicia, Ovidio Fern\u00e1ndez; el presidente de la Sociedad Iberoamericana de Peloides Termales, Jos\u00e9 Luis Legido; la vicerrectora del campus de Ourense, Esther de Blas; el director de la Eurocidade Chaves- Ver\u00edn, Pablo Rivera; la profesora de la Facultad de CC. Empresariales y Turismo y miembro del Campus del Agua, Elisa Al\u00e9n; el coordinador de Termas Centro Portugal, Adriano Barreto; el presidente de la Mancomunidad Tur\u00edstica Terras do Avia, Francisco Jos\u00e9 Fern\u00e1ndez; el director del Master de Turismo de Salud del Campus de Ourense, Jos\u00e9 Antonio Fraiz; la t\u00e9cnica de Turismo de Porto e Norte, Cristina Mendes; el representante de la Asociaci\u00f3n Iberoamericana de Termalismo y Bienestar y de Gala Termal, Carlos Besada, y el director de comunicaci\u00f3n e COSAGA, Miguel \u00c1ngel \u00c1lvarez, en representaci\u00f3n de la Asociaci\u00f3n de Hospitales Privados de Galicia.<\/p>\n\n\n\n<p>La presencia en este comit\u00e9 de representantes de distintas administraciones, de empresas, asociaciones profesionales y Universidad, posiciona a Termatalia como un ejemplo de cooperaci\u00f3n p\u00fablico-privada internacional y la ratifica en su papel de puente de conexi\u00f3n entre el termalismo europeo y el latinoamericano.&nbsp;<\/p>\n\n\n\n<p>Los programas cient\u00edficos de los tres eventos pueden consultarse a trav\u00e9s de la p\u00e1gina web www.termatalia.com&nbsp;\n\n<\/p>\n\n\n\n<ul class=\"wp-block-gallery columns-3 is-cropped wp-block-gallery-1 is-layout-flex wp-block-gallery-is-layout-flex\"><li class=\"blocks-gallery-item\"><figure><img decoding=\"async\" width=\"800\" height=\"500\" src=\"http:\/\/argentinatermal.com.ar\/wp-content\/uploads\/2019\/09\/29i1TGW.jpg\" alt=\"\" data-id=\"3398\" class=\"wp-image-3398\" srcset=\"https:\/\/argentinatermal.com.ar\/wp-content\/uploads\/2019\/09\/29i1TGW.jpg 800w, https:\/\/argentinatermal.com.ar\/wp-content\/uploads\/2019\/09\/29i1TGW-300x188.jpg 300w, https:\/\/argentinatermal.com.ar\/wp-content\/uploads\/2019\/09\/29i1TGW-768x480.jpg 768w, https:\/\/argentinatermal.com.ar\/wp-content\/uploads\/2019\/09\/29i1TGW-696x435.jpg 696w, https:\/\/argentinatermal.com.ar\/wp-content\/uploads\/2019\/09\/29i1TGW-672x420.jpg 672w\" sizes=\"(max-width: 800px) 100vw, 800px\" \/><\/figure><\/li><li class=\"blocks-gallery-item\"><figure><img decoding=\"async\" width=\"800\" height=\"490\" src=\"http:\/\/argentinatermal.com.ar\/wp-content\/uploads\/2019\/09\/23CZYDE.jpg\" alt=\"\" data-id=\"3399\" data-link=\"http:\/\/argentinatermal.com.ar\/?attachment_id=3399\" class=\"wp-image-3399\" srcset=\"https:\/\/argentinatermal.com.ar\/wp-content\/uploads\/2019\/09\/23CZYDE.jpg 800w, https:\/\/argentinatermal.com.ar\/wp-content\/uploads\/2019\/09\/23CZYDE-300x184.jpg 300w, https:\/\/argentinatermal.com.ar\/wp-content\/uploads\/2019\/09\/23CZYDE-768x470.jpg 768w, https:\/\/argentinatermal.com.ar\/wp-content\/uploads\/2019\/09\/23CZYDE-696x426.jpg 696w, https:\/\/argentinatermal.com.ar\/wp-content\/uploads\/2019\/09\/23CZYDE-686x420.jpg 686w\" sizes=\"(max-width: 800px) 100vw, 800px\" \/><\/figure><\/li><li class=\"blocks-gallery-item\"><figure><img decoding=\"async\" width=\"800\" height=\"487\" src=\"http:\/\/argentinatermal.com.ar\/wp-content\/uploads\/2019\/09\/09HwhHp.jpg\" alt=\"\" data-id=\"3400\" data-link=\"http:\/\/argentinatermal.com.ar\/?attachment_id=3400\" class=\"wp-image-3400\" srcset=\"https:\/\/argentinatermal.com.ar\/wp-content\/uploads\/2019\/09\/09HwhHp.jpg 800w, https:\/\/argentinatermal.com.ar\/wp-content\/uploads\/2019\/09\/09HwhHp-300x183.jpg 300w, https:\/\/argentinatermal.com.ar\/wp-content\/uploads\/2019\/09\/09HwhHp-768x468.jpg 768w, https:\/\/argentinatermal.com.ar\/wp-content\/uploads\/2019\/09\/09HwhHp-696x424.jpg 696w, https:\/\/argentinatermal.com.ar\/wp-content\/uploads\/2019\/09\/09HwhHp-690x420.jpg 690w\" sizes=\"(max-width: 800px) 100vw, 800px\" \/><\/figure><\/li><\/ul>\n","protected":false},"excerpt":{"rendered":"<p>&gt;&gt; Entre el 17 y el 21 de septiembre, Ourense acoger\u00e1 el Congreso Internacional sobre Termalismo y Reto Demogr\u00e1fico organizado por el proyecto \u201cRaia Termal\u201d, el III Simposio sobre Termalismo y Calidad de Vida de la Universidad de Vigo y la 19\u00aa edici\u00f3n de Termatalia&gt;&gt; El comit\u00e9 asesor de Termatalia se reuni\u00f3 esta ma\u00f1ana en [&hellip;]<\/p>\n","protected":false},"author":1,"featured_media":3398,"comment_status":"open","ping_status":"open","sticky":false,"template":"","format":"standard","meta":{"footnotes":""},"categories":[12,15,14,22,17],"tags":[],"class_list":["post-3396","post","type-post","status-publish","format-standard","has-post-thumbnail","hentry","category-internacionales","category-turismo-de-bienestar","category-turismo-salud","category-turismo-sostenible","category-turismo-termal"],"_links":{"self":[{"href":"https:\/\/argentinatermal.com.ar\/index.php?rest_route=\/wp\/v2\/posts\/3396","targetHints":{"allow":["GET"]}}],"collection":[{"href":"https:\/\/argentinatermal.com.ar\/index.php?rest_route=\/wp\/v2\/posts"}],"about":[{"href":"https:\/\/argentinatermal.com.ar\/index.php?rest_route=\/wp\/v2\/types\/post"}],"author":[{"embeddable":true,"href":"https:\/\/argentinatermal.com.ar\/index.php?rest_route=\/wp\/v2\/users\/1"}],"replies":[{"embeddable":true,"href":"https:\/\/argentinatermal.com.ar\/index.php?rest_route=%2Fwp%2Fv2%2Fcomments&post=3396"}],"version-history":[{"count":3,"href":"https:\/\/argentinatermal.com.ar\/index.php?rest_route=\/wp\/v2\/posts\/3396\/revisions"}],"predecessor-version":[{"id":3629,"href":"https:\/\/argentinatermal.com.ar\/index.php?rest_route=\/wp\/v2\/posts\/3396\/revisions\/3629"}],"wp:featuredmedia":[{"embeddable":true,"href":"https:\/\/argentinatermal.com.ar\/index.php?rest_route=\/wp\/v2\/media\/3398"}],"wp:attachment":[{"href":"https:\/\/argentinatermal.com.ar\/index.php?rest_route=%2Fwp%2Fv2%2Fmedia&parent=3396"}],"wp:term":[{"taxonomy":"category","embeddable":true,"href":"https:\/\/argentinatermal.com.ar\/index.php?rest_route=%2Fwp%2Fv2%2Fcategories&post=3396"},{"taxonomy":"post_tag","embeddable":true,"href":"https:\/\/argentinatermal.com.ar\/index.php?rest_route=%2Fwp%2Fv2%2Ftags&post=3396"}],"curies":[{"name":"wp","href":"https:\/\/api.w.org\/{rel}","templated":true}]}}