{"id":3408,"date":"2019-09-08T23:43:14","date_gmt":"2019-09-09T02:43:14","guid":{"rendered":"http:\/\/argentinatermal.com.ar\/?p=3408"},"modified":"2019-09-08T23:43:16","modified_gmt":"2019-09-09T02:43:16","slug":"el-gobierno-de-galicia-reconoce-a-termatalia-2019-como-evento-de-interes-sanitario","status":"publish","type":"post","link":"https:\/\/argentinatermal.com.ar\/?p=3408","title":{"rendered":"El Gobierno de Galicia reconoce a Termatalia 2019 como \u201cEvento de Inter\u00e9s Sanitario\u201d"},"content":{"rendered":"\n<h3 class=\"wp-block-heading\">&gt;&gt; Esta declaraci\u00f3n hace referencia a la feria y al XIV Encuentro Internacional sobre Agua y Salud y en especial a su Sesi\u00f3n sobre Hidrolog\u00eda M\u00e9dica<\/h3>\n\n\n\n<p>\n\nLa Xunta de Galicia, a trav\u00e9s de la Jefatura Territorial de Ourense de la Consejer\u00eda de Sanidad, ha reconocido a Termatalia 2019 como \u201cEvento de Inter\u00e9s Sanitario\u201d ya que se trata de una cita que promueve el estudio, la difusi\u00f3n, la formaci\u00f3n o la especializaci\u00f3n de las ciencias y t\u00e9cnicas relacionadas con la salud.&nbsp;<\/p>\n\n\n\n<figure class=\"wp-block-image\"><a href=\"https:\/\/www.termatalia.com\/index.php\" target=\"_blank\" rel=\"noreferrer noopener\"><img decoding=\"async\" width=\"800\" height=\"106\" src=\"http:\/\/argentinatermal.com.ar\/wp-content\/uploads\/2019\/09\/termatalia_galicia.gif\" alt=\"\" class=\"wp-image-3397\" \/><\/a><\/figure>\n\n\n\n<p>Esta declaraci\u00f3n hace referencia a la Feria Internacional de Turismo Termal, Salud y Bienestar y tambi\u00e9n a las jornadas t\u00e9cnicas profesionales que se celebran de forma complementaria y enmarcadas dentro del Encuentro Internacional sobre Agua y Salud. Ambas citas se celebrar\u00e1n en Expourense (Ourense-Espa\u00f1a) entre los d\u00edas 19 y 20 de septiembre de 2019 posicion\u00e1ndose como CENTRO DE NEGOCIOS para el sector del TURISMO DE SALUD, el TERMALISMO, la TALASOTERAPIA, y el SPA.<\/p>\n\n\n\n<p>El Encuentro Internacional sobre Agua y Salud est\u00e1 integrado por una serie jornadas t\u00e9cnicas que abordan el sector desde una perspectiva multidisciplinar que re\u00fane a destacados expertos procedentes de distintos pa\u00edses. En este foro son presentadas las novedades en productos, servicios y equipamientos de la industria termal, las \u00faltimas investigaciones m\u00e9dicas, tratamientos pioneros relacionados con la hidroterapia, etc. Como inter\u00e9s sanitario, destaca sobre todo la sesi\u00f3n espec\u00edfica sobre Hidrolog\u00eda M\u00e9dica que cada a\u00f1o presenta os \u00faltimos estudios y avances del sector y cuenta con la participaci\u00f3n de m\u00e9dicos de distintos pa\u00edses.&nbsp;<\/p>\n\n\n\n<p>La multidisciplinaridad de Termatalia la lleva a promocionar y fomentar en cada una de sus acciones la \u201cCultura del Agua\u201d. La feria cuenta con varios puntos dinamizadores importantes estrechamente relacionados con la promoci\u00f3n de la salud, como son el Centro Termal, que recrea las distintas \u00e1reas, equipos y tratamientos que ofrecen este tipo de instalaciones; el Bar de Aguas, que ofrece la degustaci\u00f3n gratuita de aguas envasadas de diferentes pa\u00edses para fomentar su consumo y sus indicaciones para la salud y, por \u00faltimo, los asistentes a la feria pueden disfrutar de un masaje en el \u00c1rea de Relax y Bienestar. Este a\u00f1o, como novedad, habr\u00e1 un \u00e1rea de Promoci\u00f3n de H\u00e1bitos de Vida Saludables.\n\n<\/p>\n\n\n\n<ul class=\"wp-block-gallery columns-3 is-cropped wp-block-gallery-1 is-layout-flex wp-block-gallery-is-layout-flex\"><li class=\"blocks-gallery-item\"><figure><img decoding=\"async\" width=\"800\" height=\"533\" src=\"http:\/\/argentinatermal.com.ar\/wp-content\/uploads\/2019\/09\/BB2UC9F.jpg\" alt=\"\" data-id=\"3409\" class=\"wp-image-3409\" srcset=\"https:\/\/argentinatermal.com.ar\/wp-content\/uploads\/2019\/09\/BB2UC9F.jpg 800w, https:\/\/argentinatermal.com.ar\/wp-content\/uploads\/2019\/09\/BB2UC9F-300x200.jpg 300w, https:\/\/argentinatermal.com.ar\/wp-content\/uploads\/2019\/09\/BB2UC9F-768x512.jpg 768w, https:\/\/argentinatermal.com.ar\/wp-content\/uploads\/2019\/09\/BB2UC9F-696x464.jpg 696w, https:\/\/argentinatermal.com.ar\/wp-content\/uploads\/2019\/09\/BB2UC9F-630x420.jpg 630w\" sizes=\"(max-width: 800px) 100vw, 800px\" \/><\/figure><\/li><li class=\"blocks-gallery-item\"><figure><img decoding=\"async\" width=\"800\" height=\"533\" src=\"http:\/\/argentinatermal.com.ar\/wp-content\/uploads\/2019\/09\/77284FP.jpg\" alt=\"\" data-id=\"3410\" data-link=\"http:\/\/argentinatermal.com.ar\/?attachment_id=3410\" class=\"wp-image-3410\" srcset=\"https:\/\/argentinatermal.com.ar\/wp-content\/uploads\/2019\/09\/77284FP.jpg 800w, https:\/\/argentinatermal.com.ar\/wp-content\/uploads\/2019\/09\/77284FP-300x200.jpg 300w, https:\/\/argentinatermal.com.ar\/wp-content\/uploads\/2019\/09\/77284FP-768x512.jpg 768w, https:\/\/argentinatermal.com.ar\/wp-content\/uploads\/2019\/09\/77284FP-696x464.jpg 696w, https:\/\/argentinatermal.com.ar\/wp-content\/uploads\/2019\/09\/77284FP-630x420.jpg 630w\" sizes=\"(max-width: 800px) 100vw, 800px\" \/><\/figure><\/li><li class=\"blocks-gallery-item\"><figure><img decoding=\"async\" width=\"800\" height=\"533\" src=\"http:\/\/argentinatermal.com.ar\/wp-content\/uploads\/2019\/09\/x55aeX6.jpg\" alt=\"\" data-id=\"3411\" data-link=\"http:\/\/argentinatermal.com.ar\/?attachment_id=3411\" class=\"wp-image-3411\" srcset=\"https:\/\/argentinatermal.com.ar\/wp-content\/uploads\/2019\/09\/x55aeX6.jpg 800w, https:\/\/argentinatermal.com.ar\/wp-content\/uploads\/2019\/09\/x55aeX6-300x200.jpg 300w, https:\/\/argentinatermal.com.ar\/wp-content\/uploads\/2019\/09\/x55aeX6-768x512.jpg 768w, https:\/\/argentinatermal.com.ar\/wp-content\/uploads\/2019\/09\/x55aeX6-696x464.jpg 696w, https:\/\/argentinatermal.com.ar\/wp-content\/uploads\/2019\/09\/x55aeX6-630x420.jpg 630w\" sizes=\"(max-width: 800px) 100vw, 800px\" \/><\/figure><\/li><\/ul>\n","protected":false},"excerpt":{"rendered":"<p>&gt;&gt; Esta declaraci\u00f3n hace referencia a la feria y al XIV Encuentro Internacional sobre Agua y Salud y en especial a su Sesi\u00f3n sobre Hidrolog\u00eda M\u00e9dica La Xunta de Galicia, a trav\u00e9s de la Jefatura Territorial de Ourense de la Consejer\u00eda de Sanidad, ha reconocido a Termatalia 2019 como \u201cEvento de Inter\u00e9s Sanitario\u201d ya que [&hellip;]<\/p>\n","protected":false},"author":1,"featured_media":3409,"comment_status":"open","ping_status":"open","sticky":false,"template":"","format":"standard","meta":{"footnotes":""},"categories":[30],"tags":[],"class_list":["post-3408","post","type-post","status-publish","format-standard","has-post-thumbnail","hentry","category-temas-relacionados"],"_links":{"self":[{"href":"https:\/\/argentinatermal.com.ar\/index.php?rest_route=\/wp\/v2\/posts\/3408","targetHints":{"allow":["GET"]}}],"collection":[{"href":"https:\/\/argentinatermal.com.ar\/index.php?rest_route=\/wp\/v2\/posts"}],"about":[{"href":"https:\/\/argentinatermal.com.ar\/index.php?rest_route=\/wp\/v2\/types\/post"}],"author":[{"embeddable":true,"href":"https:\/\/argentinatermal.com.ar\/index.php?rest_route=\/wp\/v2\/users\/1"}],"replies":[{"embeddable":true,"href":"https:\/\/argentinatermal.com.ar\/index.php?rest_route=%2Fwp%2Fv2%2Fcomments&post=3408"}],"version-history":[{"count":1,"href":"https:\/\/argentinatermal.com.ar\/index.php?rest_route=\/wp\/v2\/posts\/3408\/revisions"}],"predecessor-version":[{"id":3412,"href":"https:\/\/argentinatermal.com.ar\/index.php?rest_route=\/wp\/v2\/posts\/3408\/revisions\/3412"}],"wp:featuredmedia":[{"embeddable":true,"href":"https:\/\/argentinatermal.com.ar\/index.php?rest_route=\/wp\/v2\/media\/3409"}],"wp:attachment":[{"href":"https:\/\/argentinatermal.com.ar\/index.php?rest_route=%2Fwp%2Fv2%2Fmedia&parent=3408"}],"wp:term":[{"taxonomy":"category","embeddable":true,"href":"https:\/\/argentinatermal.com.ar\/index.php?rest_route=%2Fwp%2Fv2%2Fcategories&post=3408"},{"taxonomy":"post_tag","embeddable":true,"href":"https:\/\/argentinatermal.com.ar\/index.php?rest_route=%2Fwp%2Fv2%2Ftags&post=3408"}],"curies":[{"name":"wp","href":"https:\/\/api.w.org\/{rel}","templated":true}]}}