{"id":3418,"date":"2019-09-14T10:17:06","date_gmt":"2019-09-14T13:17:06","guid":{"rendered":"http:\/\/argentinatermal.com.ar\/?p=3418"},"modified":"2019-09-14T10:17:09","modified_gmt":"2019-09-14T13:17:09","slug":"presentado-el-iii-simposio-internacional-sobre-agua-y-calidad-de-vida","status":"publish","type":"post","link":"https:\/\/argentinatermal.com.ar\/?p=3418","title":{"rendered":"Presentado el III Simposio Internacional sobre Agua y Calidad de Vida"},"content":{"rendered":"\n<h4 class=\"wp-block-heading\">&gt;&gt; Es una de las actividades incluidas en la Semana Termatalia y se celebrar\u00e1 en Expourense los d\u00edas 18 y 19 de septiembre<\/h4>\n\n\n\n<p class=\"has-drop-cap\">\n\nDos d\u00edas de celebraci\u00f3n, alrededor de 200 ponentes y asistentes de origen tanto estatal c\u00f3mo for\u00e1nea y cerca de 50 comunicaciones. Con estas cifras se presenta el III Simposio Internacional de Termalismo y Calidad de Vida, iniciativa bianual que forma parte del proyecto de especializaci\u00f3n del campus de Ourense como Campus del agua. La cita tendr\u00e1 lugar los d\u00edas 18 y 19 de septiembre de forma paralela y complementaria a la feria&nbsp; Termatalia, que se celebra del 19 a 20 de septiembre&nbsp; en Expourense.<\/p>\n\n\n\n<figure class=\"wp-block-image\"><a href=\"https:\/\/www.termatalia.com\/index.php\" target=\"_blank\" rel=\"noreferrer noopener\"><img decoding=\"async\" width=\"800\" height=\"106\" src=\"http:\/\/argentinatermal.com.ar\/wp-content\/uploads\/2019\/09\/termatalia_galicia.gif\" alt=\"\" class=\"wp-image-3397\" \/><\/a><\/figure>\n\n\n\n<p>El simposio cuenta con la organizaci\u00f3n junto a la&nbsp; Vicerreitor\u00eda del Campus de Ourense del Ayuntamiento y la Diputaci\u00f3n de Ourense y de Expourense. En su presentaci\u00f3n este viernes, Ana Torrado, presidenta del comit\u00e9 organizador del simposio y directora del Cl\u00faster de Investigaci\u00f3n y Transferencia Agroalimentario del Campus del agua, destac\u00f3 como \u201ccon la tercera edici\u00f3n de este simposio consideramos que ya se est\u00e1 consolidando como un evento referente a lo que acuden investigadores de forma peri\u00f3dica, habiendo participantes que vienen desde la primera edici\u00f3n\u201d. El \u201c\u00e9xito y la permanencia\u201d de esta actividad, a\u00f1adi\u00f3, \u201ctienen mucho que ver con la iniciativa y colaboraci\u00f3n de todas las instituciones que con el-organizamos este evento\u201d.<\/p>\n\n\n\n<p>Por su parte, Flora Moure, concejal de Termalismo de Ourense, indic\u00f3 como este simposio \u201cconstituye una oportunidad para avanzar en la estrategia de colaboraci\u00f3n de las instituciones p\u00fablicas de la provincia en materia de termalismo\u201d y destac\u00f3 la importancia de \u201cconsolidar un evento cient\u00edfico de gran relevancia que permita aumentar el potencial del desarrollo del proyecto de especializaci\u00f3n del Campus del agua pero tambi\u00e9n el desarrollo geot\u00e9rmico de la provincia&nbsp; y de la ciudad de Ourense\u201d. En su intervenci\u00f3n Ana Villarino Pardo, diputada de Termalismo, subray\u00f3 como \u201cOurense va a ser el epicentro del termalismo a pr\u00f3xima semana\u201d debido a la celebraci\u00f3n de este simposio, de la feria&nbsp; Termatalia y del congreso Termalismo 2021-2027. Sobre el simposio Cristina \u00c1lvarez, directora de \u00e1rea de Administraci\u00f3n de Expourense, indic\u00f3 que \u201ccumple el papel de convocar a la comunidad cient\u00edfica e investigadora en&nbsp; Termatalia\u201d, a la que, detall\u00f3, refuerza en su base cient\u00edfica \u201c aport\u00e1ndole adem\u00e1s una perspectiva innovadora\u201d.<br><strong>Cuatro \u00e1reas tem\u00e1ticas<\/strong>Segundo explic\u00f3 Ana Torrado durante la presentaci\u00f3n, el simposio constituye \u201cun evento cient\u00edfico que tiene como objetivo reunir a investigadores expertos de diversas origen y multidisciplinares con la finalidad de poner en com\u00fan y profundizar en el conocimiento de las propiedades y de todo el valor que representan las aguas&nbsp; mineromedicionais y termales desde diferentes puntos de vista\u201d. La cita est\u00e1 organizada alrededor de cuatro \u00e1reas tem\u00e1ticas. La primera de ellas es la de caracterizaci\u00f3n y aprovechamiento de aguas&nbsp; mineromedicinais y termales, abarcando desde el an\u00e1lisis y control de calidad de las aguas termales hasta su marco jur\u00eddico y administrativo. La segunda es la de bienestar y salud, acerc\u00e1ndose a temas como los resultados terap\u00e9uticos de las aguas&nbsp; mineromedicinais. El turismo termal es otro de los ejes elegidos, ahondando en temas como su planificaci\u00f3n y la gesti\u00f3n de centros termales. Por \u00faltimo, la investigaci\u00f3n y la innovaci\u00f3n tecnol\u00f3gica en termalismo es otra de las \u00e1reas que se abordar\u00e1n en esta cita, acerc\u00e1ndose a cuestiones como la aplicaci\u00f3n de las TIC o los nuevos materiales. Adem\u00e1s de las sesiones de comunicaciones y conferencias plenarias alrededor de estos cuatro ejes, el simposio contar\u00e1 con actividades como un curso pr\u00e1ctico sobre la aplicaci\u00f3n de las tecnolog\u00edas de informaci\u00f3n y comunicaci\u00f3n para el desarrollo de productos tur\u00edsticos.<\/p>\n\n\n\n<p>Con este programa la iniciativa, indican sus promotores, quiere avanzar nos sus objetivos de ser un foro de encuentro de profesionales y personal investigador estatal e internacional interesado en la tem\u00e1tica del agua y en especial del termalismo que permita establecer sinergias entre el mundo acad\u00e9mico cient\u00edfico y el sector de la empresa. Facilitar la actualizaci\u00f3n y estimular el conocimiento en este campo; fortalecer los contactos entre instituciones y equipos de investigaci\u00f3n interesados y poner en valor el potencial cient\u00edfico, econ\u00f3mico, patrimonial y tur\u00edstico de la ciudad y la provincia de Ourense como referente internacional en materia de termalismo son otros de los retos de esta acci\u00f3n.<br>Fuente:; www.uvigo.gal\n\n<\/p>\n\n\n\n<ul class=\"wp-block-gallery columns-3 is-cropped wp-block-gallery-1 is-layout-flex wp-block-gallery-is-layout-flex\"><li class=\"blocks-gallery-item\"><figure><img decoding=\"async\" width=\"800\" height=\"449\" src=\"http:\/\/argentinatermal.com.ar\/wp-content\/uploads\/2019\/09\/T19Bcl7.jpg\" alt=\"\" data-id=\"3419\" class=\"wp-image-3419\" srcset=\"https:\/\/argentinatermal.com.ar\/wp-content\/uploads\/2019\/09\/T19Bcl7.jpg 800w, https:\/\/argentinatermal.com.ar\/wp-content\/uploads\/2019\/09\/T19Bcl7-300x168.jpg 300w, https:\/\/argentinatermal.com.ar\/wp-content\/uploads\/2019\/09\/T19Bcl7-768x431.jpg 768w, https:\/\/argentinatermal.com.ar\/wp-content\/uploads\/2019\/09\/T19Bcl7-696x391.jpg 696w, https:\/\/argentinatermal.com.ar\/wp-content\/uploads\/2019\/09\/T19Bcl7-748x420.jpg 748w\" sizes=\"(max-width: 800px) 100vw, 800px\" \/><\/figure><\/li><li class=\"blocks-gallery-item\"><figure><img decoding=\"async\" width=\"800\" height=\"449\" src=\"http:\/\/argentinatermal.com.ar\/wp-content\/uploads\/2019\/09\/18I83jG.jpg\" alt=\"\" data-id=\"3420\" data-link=\"http:\/\/argentinatermal.com.ar\/?attachment_id=3420\" class=\"wp-image-3420\" srcset=\"https:\/\/argentinatermal.com.ar\/wp-content\/uploads\/2019\/09\/18I83jG.jpg 800w, https:\/\/argentinatermal.com.ar\/wp-content\/uploads\/2019\/09\/18I83jG-300x168.jpg 300w, https:\/\/argentinatermal.com.ar\/wp-content\/uploads\/2019\/09\/18I83jG-768x431.jpg 768w, https:\/\/argentinatermal.com.ar\/wp-content\/uploads\/2019\/09\/18I83jG-696x391.jpg 696w, https:\/\/argentinatermal.com.ar\/wp-content\/uploads\/2019\/09\/18I83jG-748x420.jpg 748w\" sizes=\"(max-width: 800px) 100vw, 800px\" \/><\/figure><\/li><li class=\"blocks-gallery-item\"><figure><img decoding=\"async\" width=\"800\" height=\"449\" src=\"http:\/\/argentinatermal.com.ar\/wp-content\/uploads\/2019\/09\/R61yV2p.jpg\" alt=\"\" data-id=\"3421\" data-link=\"http:\/\/argentinatermal.com.ar\/?attachment_id=3421\" class=\"wp-image-3421\" srcset=\"https:\/\/argentinatermal.com.ar\/wp-content\/uploads\/2019\/09\/R61yV2p.jpg 800w, https:\/\/argentinatermal.com.ar\/wp-content\/uploads\/2019\/09\/R61yV2p-300x168.jpg 300w, https:\/\/argentinatermal.com.ar\/wp-content\/uploads\/2019\/09\/R61yV2p-768x431.jpg 768w, https:\/\/argentinatermal.com.ar\/wp-content\/uploads\/2019\/09\/R61yV2p-696x391.jpg 696w, https:\/\/argentinatermal.com.ar\/wp-content\/uploads\/2019\/09\/R61yV2p-748x420.jpg 748w\" sizes=\"(max-width: 800px) 100vw, 800px\" \/><\/figure><\/li><\/ul>\n","protected":false},"excerpt":{"rendered":"<p>&gt;&gt; Es una de las actividades incluidas en la Semana Termatalia y se celebrar\u00e1 en Expourense los d\u00edas 18 y 19 de septiembre Dos d\u00edas de celebraci\u00f3n, alrededor de 200 ponentes y asistentes de origen tanto estatal c\u00f3mo for\u00e1nea y cerca de 50 comunicaciones. Con estas cifras se presenta el III Simposio Internacional de Termalismo [&hellip;]<\/p>\n","protected":false},"author":1,"featured_media":3421,"comment_status":"open","ping_status":"open","sticky":false,"template":"","format":"standard","meta":{"footnotes":""},"categories":[12],"tags":[],"class_list":["post-3418","post","type-post","status-publish","format-standard","has-post-thumbnail","hentry","category-internacionales"],"_links":{"self":[{"href":"https:\/\/argentinatermal.com.ar\/index.php?rest_route=\/wp\/v2\/posts\/3418","targetHints":{"allow":["GET"]}}],"collection":[{"href":"https:\/\/argentinatermal.com.ar\/index.php?rest_route=\/wp\/v2\/posts"}],"about":[{"href":"https:\/\/argentinatermal.com.ar\/index.php?rest_route=\/wp\/v2\/types\/post"}],"author":[{"embeddable":true,"href":"https:\/\/argentinatermal.com.ar\/index.php?rest_route=\/wp\/v2\/users\/1"}],"replies":[{"embeddable":true,"href":"https:\/\/argentinatermal.com.ar\/index.php?rest_route=%2Fwp%2Fv2%2Fcomments&post=3418"}],"version-history":[{"count":1,"href":"https:\/\/argentinatermal.com.ar\/index.php?rest_route=\/wp\/v2\/posts\/3418\/revisions"}],"predecessor-version":[{"id":3422,"href":"https:\/\/argentinatermal.com.ar\/index.php?rest_route=\/wp\/v2\/posts\/3418\/revisions\/3422"}],"wp:featuredmedia":[{"embeddable":true,"href":"https:\/\/argentinatermal.com.ar\/index.php?rest_route=\/wp\/v2\/media\/3421"}],"wp:attachment":[{"href":"https:\/\/argentinatermal.com.ar\/index.php?rest_route=%2Fwp%2Fv2%2Fmedia&parent=3418"}],"wp:term":[{"taxonomy":"category","embeddable":true,"href":"https:\/\/argentinatermal.com.ar\/index.php?rest_route=%2Fwp%2Fv2%2Fcategories&post=3418"},{"taxonomy":"post_tag","embeddable":true,"href":"https:\/\/argentinatermal.com.ar\/index.php?rest_route=%2Fwp%2Fv2%2Ftags&post=3418"}],"curies":[{"name":"wp","href":"https:\/\/api.w.org\/{rel}","templated":true}]}}