{"id":3428,"date":"2019-09-16T09:07:14","date_gmt":"2019-09-16T12:07:14","guid":{"rendered":"http:\/\/argentinatermal.com.ar\/?p=3428"},"modified":"2019-09-16T09:19:45","modified_gmt":"2019-09-16T12:19:45","slug":"termatalia-2019-reafirma-su-papel-de-gran-cita-mundial-del-turismo-de-salud-reuniendo-a-profesionales-de-34-paises","status":"publish","type":"post","link":"https:\/\/argentinatermal.com.ar\/?p=3428","title":{"rendered":"Termatalia 2019 reafirma su papel de gran cita mundial del turismo de salud reuniendo a profesionales de 34 pa\u00edses"},"content":{"rendered":"\n<h4 class=\"wp-block-heading\">&gt;&gt; La 19\u00aa edici\u00f3n de la Feria Internacional de Turismo Termal, Salud y Bienestar se celebra en Expourense los d\u00edas 19 y 20 de septiembre contando con Brasil como pa\u00eds invitado<br>&gt;&gt; Negocio y formaci\u00f3n ser\u00e1n los ejes de la feria que contar\u00e1 con 269 expositores, 67 ponentes y 26 touroperadores&nbsp;<br>&gt;&gt; Bar de Aguas, Centro Termal, \u00c1rea de promoci\u00f3n de h\u00e1bitos de vida saludables, zona de masajes y cocina en directo son los principales atractivos para el p\u00fablico<\/h4>\n\n\n\n<figure class=\"wp-block-image\"><a href=\"https:\/\/www.termatalia.com\/index.php\" target=\"_blank\" rel=\"noreferrer noopener\"><img decoding=\"async\" width=\"800\" height=\"106\" src=\"http:\/\/argentinatermal.com.ar\/wp-content\/uploads\/2019\/09\/termatalia_galicia.gif\" alt=\"\" class=\"wp-image-3397\" \/><\/a><\/figure>\n\n\n\n<p class=\"has-drop-cap\">Los datos que presenta la 19\u00aa edici\u00f3n de Termatalia reafirman su papel de gran cita mundial del turismo de salud y de la industria termal. Cuenta con la participaci\u00f3n de 269 expositores, 26 touroperadores y 34 pa\u00edses representados, con masiva presencia de Am\u00e9rica Latina y de Europa incorporando tambi\u00e9n a Norte de \u00c1frica y Asia-Pac\u00edfico. Estos datos, sumados a la presencia de 67 disertantes, posicionan adem\u00e1s a Galicia y a Ourense como centro de formaci\u00f3n profesional en materia de termalismo.&nbsp;<\/p>\n\n\n\n<figure class=\"wp-block-embed-youtube alignright wp-block-embed is-type-video is-provider-youtube wp-embed-aspect-16-9 wp-has-aspect-ratio\"><div class=\"wp-block-embed__wrapper\">\n<iframe title=\"Video Termatalia\" width=\"640\" height=\"360\" src=\"https:\/\/www.youtube.com\/embed\/1RWCFW09NXI?feature=oembed\" frameborder=\"0\" allow=\"accelerometer; autoplay; clipboard-write; encrypted-media; gyroscope; picture-in-picture; web-share\" referrerpolicy=\"strict-origin-when-cross-origin\" allowfullscreen><\/iframe>\n<\/div><\/figure>\n\n\n\n<p>La feria se celebrar\u00e1 en Expourense los d\u00edas 19 y 20 de septiembre pero habr\u00e1 actividades durante toda la denominada \u201cSemana Termatalia\u201d que comenzar\u00e1 los d\u00edas 17 y 18 Con el \u201cCongreso Internacional de Termalismo 2021-2027: Dinamizaci\u00f3n de los Territorios y Reto Demogr\u00e1fico\u201d organizado por el proyecto \u201cRaia Termal\u201d en el Balneario de Lobios. Los d\u00edas 18 y 19 se celebrar\u00e1 el III Simposio Internacional sobre Termalismo y Calidad de Vida organizado por el Campus del Agua de la Universidad de Vigo y ya el 19 y 20 es el turno de la propia feria Termatalia. El s\u00e1bado 21 se organizar\u00e1n varias rutas termales transfronterizas para que los profesionales participantes tengan la oportunidad de conocer in situ centros termales punteros y singulares.<\/p>\n\n\n\n<p>Termatalia 2019 se present\u00f3 esta ma\u00f1ana en Expourense en un acto al que acudieron el presidente de la Diputaci\u00f3n Provincial de Ourense y del comit\u00e9 asesor de esta edici\u00f3n de la feria y presidente electo de E.H.T.T.A., Manuel Baltar; la directora de la Agencia Gallega de Turismo, Nava Castro; la concejal de Turismo y Termalismo del Ayuntamiento de Ourense, Flora Moure, y la directora de Termatalia Emma Gonz\u00e1lez. Todos ellos destacaron el papel que juega la feria como puente de conexi\u00f3n termal entre Europa y Am\u00e9rica Latina y la gran oportunidad que ofrece de promocionar internacionalmente a Ourense y Galicia como destinos termales y como centros de capacitaci\u00f3n profesional internacionales del turismo de salud.<\/p>\n\n\n\n<p><strong>DATOS DE FERIA<\/strong><br>Representado por la Prefeitura de Foz do Igua\u00e7u, Brasil participar\u00e1 como pa\u00eds invitado en esta edici\u00f3n en la que est\u00e1n representados 34 pa\u00edses procedentes de Europa, Am\u00e9rica, \u00c1frica y Asia (Alemania, Argentina, Brasil, Cabo Verde, Canad\u00e1, Chile, Colombia, Costa Rica, Croacia, Cuba, Ecuador, Eslovenia, Espa\u00f1a, Estados Unidos, Finlandia, Francia, Guatemala, Holanda, Islandia, Israel, Italia, Jordania, M\u00e9xico, Nicaragua, Panam\u00e1, Paraguay, Per\u00fa, Polonia, Portugal, Reino Unido, Rusia, Tailandia, T\u00fanez y Uruguay).<\/p>\n\n\n\n<p>La feria cuenta con 269 expositores Estos expositores reflejan la cadena de valor de todos los agentes que intervienen en el desarrollo de la industria termal, desde la captaci\u00f3n del recurso del agua hasta la comercializaci\u00f3n del destino tur\u00edstico, pasando por el dise\u00f1o, construcci\u00f3n y gesti\u00f3n de centros termales. Proveedores, balnearios y otros centros de bienestar, turoperadores, organismos de promoci\u00f3n tur\u00edstica, aguas envasadas, villas termales, dermoest\u00e9tica, asociacionismo o formaci\u00f3n, ser\u00e1n los sectores que se encontrar\u00e1n en Termatalia 2019.&nbsp;<\/p>\n\n\n\n<p>El \u00e9xito profesional de las \u00faltimas ediciones de Termatalia, celebradas en Brasil en 2018 y en M\u00e9xico en 2016 han impulsado el inter\u00e9s de los pa\u00edses de Am\u00e9rica Latina por desarrollar sus recursos termales siguiendo el modelo europeo. Este inter\u00e9s queda patente en la presencia de amplias delegaciones de representantes institucionales y de empresarios del sector termal de numerosos pa\u00edses del continente y entre las que destaca la de Argentina que, a trav\u00e9s de acciones promovidas por la Federaci\u00f3n Empresarial Hotelera Gastron\u00f3mica de la Rep\u00fablica Argentina (FEHGRA) y la provincia de Entre R\u00edos. Tambi\u00e9n acudir\u00e1n numerosos profesionales de la Federaci\u00f3n de Municipios Libres del Per\u00fa (FEMULP), de Costa Rica, representantes de la Asociaci\u00f3n Latinoamericana de Spa (M\u00e9xico) y de la Associa\u00e7ao de Termas de Portugal.<\/p>\n\n\n\n<p>Esta nueva edici\u00f3n vuelve a incidir en las claves para el desarrollo del sector: negocio formaci\u00f3n y capital relacional ofreciendo para ello un completo programa de actividades profesionales en las queda patente la necesidad de la cooperaci\u00f3n p\u00fablico-privada para el desarrollo del Turismo Termal y de Bienestar a nivel mundial.<\/p>\n\n\n\n<p><strong>ACCIONES DE NEGOCIO<\/strong><br>Las distintas acciones profesionales convertir\u00e1n a la feria una vez m\u00e1s en el centro de negocios internacional del sector que incluir\u00e1 las distintas reuniones profesionales entre touroperadores, importadores de aguas, proveedores y expositores. En este contexto, la Bolsa de Contrataci\u00f3n Tur\u00edstica de esta edici\u00f3n contar\u00e1 con 26 operadores de viajes procedentes de Alemania, Brasil, Chile, Espa\u00f1a, Estados Unidos, Finlandia, Italia, Paraguay, Per\u00fa y Portugal. La presencia de estos mayoristas se complementa con la misi\u00f3n de prensa internacional especializada que reunir\u00e1 en la feria a 25 medios de comunicaci\u00f3n de Am\u00e9rica Latina y Europa.&nbsp;<\/p>\n\n\n\n<p>Termatalia ser\u00e1 tambi\u00e9n el marco elegido para la puesta en marcha de la primera acci\u00f3n del proyecto \u201cUn descanso en los Caminos\u201d promovido por el Cl\u00faster de Turismo de Galicia con el apoyo de la Agencia de Turismo de Galicia a petici\u00f3n de los socios Expourense, Balnearios de Galicia, Grupo Caldaria y la Federaci\u00f3n Provincial de Hosteler\u00eda de Ourense. Este proyecto busca organizar estancias en los balnearios de los distintos Caminos de Santiago. Se trata de un \u201cWorkshop y Fam trip\u201d centrado en los productos tur\u00edsticos orientados al Camino de Santiago basados en la oferta de Balnearios de Galicia.&nbsp;<\/p>\n\n\n\n<p><strong>XIV ENCUENTRO INTERNACIONAL SOBRE AGUA Y SALUD<\/strong><br>El Encuentro Internacional sobre Agua y Salud, que celebra su d\u00e9cimo cuarta edici\u00f3n convertido en uno de los foros sobre turismo de salud m\u00e1s importantes del Mundo, presentar\u00e1 los proyectos m\u00e1s innovadores y sostenibles en el desarrollo del turismo de salud y bienestar a nivel mundial. Esta edici\u00f3n contar\u00e1 con la participaci\u00f3n de 46 expertos procedentes de una docena de pa\u00edses de Europa y Am\u00e9rica Latina.<\/p>\n\n\n\n<p>El jueves 19 este encuentro comenzar\u00e1 con una sesi\u00f3n sobre la integraci\u00f3n del wellness en los centros de salud y termalismo y continuar\u00e1 por la tarde con la Sesi\u00f3n Cient\u00edfica sobre Hidrolog\u00eda M\u00e9dica que presentar\u00e1 nuevas investigaciones en balneoterapia en distintos pa\u00edses y dar a conocer los usos terap\u00e9uticos de las aguas termales para el tratamiento de distintas patolog\u00edas. Esta jornada cuenta con la colaboraci\u00f3n de la C\u00e1tedra de Hidrolog\u00eda M\u00e9dica de la Universidad de Santiago de Compostela y Balnearios de Galicia.<\/p>\n\n\n\n<p>Entre los atractivos para los profesionales del turismo destaca la jornada de formaci\u00f3n sobre comercializaci\u00f3n internacional del \u201cProducto de bienestar\u201d incluida en la Sesi\u00f3n sobre Innovaci\u00f3n, Turismo y Sostenibilidad del viernes 20 de septiembre en la que participar\u00e1n touroperadores especializados en este sector como Pravassa de Estados Unidos, Rusticae de Espa\u00f1a y Chile o Nextel o Yu Travel, de Espa\u00f1a. Esta jornada se complementa con otra sesi\u00f3n que analizar\u00e1 el desarrollo de estrategias y enfoques a nuevos mercados para el turismo de salud en la que participar\u00e1n Balnearios de Galicia, Costa C\u00e1lida Cares de Murcia o representantes de empresas del sector de pa\u00edses como Cuba (Flora y Fauna) o Eslovenia (Asociaci\u00f3n eslovena de balnearios).<\/p>\n\n\n\n<p>La innovaci\u00f3n en el sector ser\u00e1 el tema central de una mesa redonda en la que participar\u00e1n ponentes de Entre R\u00edos Argentina, de Termas Centro de Portugal y de Islandia. Ser\u00e1 en esta mesa en la que la Diputaci\u00f3n provincial de Ourense presente su programa de termalismo \u201cTren Balnearios\u201d.&nbsp;<\/p>\n\n\n\n<p>La jornada del viernes 20 incluir\u00e1 tambi\u00e9n la presentaci\u00f3n de \u201cExperiencias de gesti\u00f3n de destinos termales y de salud\u201d en la que participar\u00e1 el ayuntamiento de Ourense, capital termal; la Asociaci\u00f3n Europea de Ciudades Hist\u00f3ricas con Patrimonio Termal (EHTTA); y representantes de la c\u00e1mara municipal portuguesa de Caldas da Rainha y del Gobierno de Per\u00fa, adem\u00e1s del alcalde de la ciudad holandesa de Domburg.<\/p>\n\n\n\n<p><strong>CURSOS ESPECIALIZADOS<\/strong><br>La edici\u00f3n de 2019 de Termatalia refuerza su car\u00e1cter formativo programando un ciclo de cursos que consolidar\u00e1n el papel de esta cita como centro de capacitaci\u00f3n termal a nivel mundial y que incluyen formaci\u00f3n especializada y la realizaci\u00f3n de pr\u00e1cticas en centros termales de Galicia. Est\u00e1n dirigidos a los profesionales y en especial a los procedentes de Am\u00e9rica Latina con el fin de configurar una semana de trabajo completa. Los temas abordados en estos cursos son: \u201cCalidad en Centros Termales y Wellnes M\u00e9dico\u201d; \u201cPeloides y Cosm\u00e9tica Termal\u201d.<\/p>\n\n\n\n<p><strong>AGUA MINERAL<\/strong><br>Termatalia servir\u00e1 de plataforma para la Industria del Agua Mineral envasada con actividades como la Cata Internacional de Aguas que celebrar\u00e1 su 17\u00aa edici\u00f3n o los Cursos de Hidrosumiller (1\u00ba y 2\u00ba nivel) impartidos por la sumiller Mercedes Gonz\u00e1lez. Adem\u00e1s, la Asociaci\u00f3n Nacional de Empresas de Agua Envasada, ANEABE, presentar\u00e1 su nueva campa\u00f1a \u201cCompromiso Medioambiental de las Aguas Minerales: por el cuidado de un recurso \u00fanico que contribuye al bienestar de todos\u00bb.<\/p>\n\n\n\n<p><strong>VIVIR TERMATALIA &#8211; ACTIVIDADES PARA EL P\u00daBLICO<\/strong><\/p>\n\n\n\n<p>A pesar de que la feria adquiere un car\u00e1cter m\u00e1s profesional, la organizaci\u00f3n ha preparado un completo programa de actividades para que el p\u00fablico pueda vivir la feria \u201cregal\u00e1ndose salud y bienestar\u201d. Esta edici\u00f3n da un paso m\u00e1s en la promoci\u00f3n de estilos de vida saludables creando como novedad un \u00c1rea espec\u00edfica para ello que incluir\u00e1 la exposici\u00f3n de productos y servicios de empresas ourensanas y la organizaci\u00f3n de actividades como clases de yoga o talleres de gimnasia facial o reflexolog\u00eda.<\/p>\n\n\n\n<p>Continuando con la promoci\u00f3n de estilos de vida saludables, Termatalia 2019 organizar\u00e1 de nuevo un Aula Gastron\u00f3mica de Alimentaci\u00f3n Saludable en la que se impartir\u00e1n talleres de cocina en directo en los que participar\u00e1n reconocidos chefs de Espa\u00f1a (Carlos Parra y Miguel Gonz\u00e1lez), Portugal (Joao D\u00edas) y Costa Rica (Rodrigo Vargas). Se incluye adem\u00e1s un taller de helado artesanal realizado con agua termal de La Central Heladera.&nbsp;<\/p>\n\n\n\n<p>Termatalia contar\u00e1 adem\u00e1s con un \u00c1rea de Salud en la que participar\u00e1n distintas asociaciones de patolog\u00edas o enfermedades que pueden mejorar a trav\u00e9s de la aplicaci\u00f3n de tratamientos con agua termal o de mar y que estar\u00e1n ofreciendo informaci\u00f3n a aquellos visitantes que las padezcan o que quieran ampliar su conocimiento sobre la fibromialgia, la diabetes o enfermedades reum\u00e1ticas, por ejemplo.<\/p>\n\n\n\n<p>Con estas acciones, se ampl\u00edan en esta edici\u00f3n las actividades destinadas al p\u00fablico interesado en llevar un estilo de vida saludable. Adem\u00e1s, los visitantes tendr\u00e1n la oportunidad de recibir un masaje; visitar la recreaci\u00f3n del centro termal completamente equipado y con demostraci\u00f3n en vivo; o probar una de las aguas internacionales expuestas en el Bar de Aguas de la feria. A todo esto hay que sumar la posibilidad de conocer la oferta en turismo de salud que ofrecen los pa\u00edses representados en la feria y entre los que destacan los expositores de Espa\u00f1a y Portugal, con la presencia de las principales asociaciones nacionales de balnearios de ambos y tambi\u00e9n de las que engloban toda la oferta termal de Europa. En esta edici\u00f3n se tendr\u00e1 de nuevo la posibilidad de enviar una postal personalizada y exclusiva de Ourense (tambi\u00e9n sello y matasellos oficial) desde la propia feria donde estar\u00e1 instalado el buz\u00f3n de Correos, una acci\u00f3n que cuenta con la colaboraci\u00f3n de la Sociedad Filat\u00e9lica Mi\u00f1o.<\/p>\n\n\n\n<p>El horario de feria ser\u00e1 de 10.00 a 19.00 horas de forma ininterrumpida el jueves 19 y el viernes 20 de septiembre. Toda la informaci\u00f3n est\u00e1 disponible en www.termatalia.com&nbsp; y en sus redes sociales.&nbsp;<\/p>\n\n\n\n<p>Termatalia 2019 cuenta con el apoyo principal de la Agencia Gallega de Turismo, de la Diputaci\u00f3n Provincial de Ourense y del Ayuntamiento de Ourense.\n\n<\/p>\n\n\n\n<ul class=\"wp-block-gallery columns-3 is-cropped wp-block-gallery-1 is-layout-flex wp-block-gallery-is-layout-flex\"><li class=\"blocks-gallery-item\"><figure><img decoding=\"async\" width=\"800\" height=\"533\" src=\"http:\/\/argentinatermal.com.ar\/wp-content\/uploads\/2019\/09\/pE26XM8.jpg\" alt=\"\" data-id=\"3429\" class=\"wp-image-3429\" srcset=\"https:\/\/argentinatermal.com.ar\/wp-content\/uploads\/2019\/09\/pE26XM8.jpg 800w, https:\/\/argentinatermal.com.ar\/wp-content\/uploads\/2019\/09\/pE26XM8-300x200.jpg 300w, https:\/\/argentinatermal.com.ar\/wp-content\/uploads\/2019\/09\/pE26XM8-768x512.jpg 768w, https:\/\/argentinatermal.com.ar\/wp-content\/uploads\/2019\/09\/pE26XM8-696x464.jpg 696w, https:\/\/argentinatermal.com.ar\/wp-content\/uploads\/2019\/09\/pE26XM8-630x420.jpg 630w\" sizes=\"(max-width: 800px) 100vw, 800px\" \/><\/figure><\/li><li class=\"blocks-gallery-item\"><figure><img decoding=\"async\" width=\"800\" height=\"533\" src=\"http:\/\/argentinatermal.com.ar\/wp-content\/uploads\/2019\/09\/22521C3.jpg\" alt=\"\" data-id=\"3430\" data-link=\"http:\/\/argentinatermal.com.ar\/?attachment_id=3430\" class=\"wp-image-3430\" srcset=\"https:\/\/argentinatermal.com.ar\/wp-content\/uploads\/2019\/09\/22521C3.jpg 800w, https:\/\/argentinatermal.com.ar\/wp-content\/uploads\/2019\/09\/22521C3-300x200.jpg 300w, https:\/\/argentinatermal.com.ar\/wp-content\/uploads\/2019\/09\/22521C3-768x512.jpg 768w, https:\/\/argentinatermal.com.ar\/wp-content\/uploads\/2019\/09\/22521C3-696x464.jpg 696w, https:\/\/argentinatermal.com.ar\/wp-content\/uploads\/2019\/09\/22521C3-630x420.jpg 630w\" sizes=\"(max-width: 800px) 100vw, 800px\" \/><\/figure><\/li><li class=\"blocks-gallery-item\"><figure><img decoding=\"async\" width=\"800\" height=\"460\" src=\"http:\/\/argentinatermal.com.ar\/wp-content\/uploads\/2019\/09\/7rFnvUo.jpg\" alt=\"\" data-id=\"3431\" data-link=\"http:\/\/argentinatermal.com.ar\/?attachment_id=3431\" class=\"wp-image-3431\" srcset=\"https:\/\/argentinatermal.com.ar\/wp-content\/uploads\/2019\/09\/7rFnvUo.jpg 800w, https:\/\/argentinatermal.com.ar\/wp-content\/uploads\/2019\/09\/7rFnvUo-300x173.jpg 300w, https:\/\/argentinatermal.com.ar\/wp-content\/uploads\/2019\/09\/7rFnvUo-768x442.jpg 768w, https:\/\/argentinatermal.com.ar\/wp-content\/uploads\/2019\/09\/7rFnvUo-696x400.jpg 696w, https:\/\/argentinatermal.com.ar\/wp-content\/uploads\/2019\/09\/7rFnvUo-730x420.jpg 730w\" sizes=\"(max-width: 800px) 100vw, 800px\" \/><\/figure><\/li><\/ul>\n","protected":false},"excerpt":{"rendered":"<p>&gt;&gt; La 19\u00aa edici\u00f3n de la Feria Internacional de Turismo Termal, Salud y Bienestar se celebra en Expourense los d\u00edas 19 y 20 de septiembre contando con Brasil como pa\u00eds invitado&gt;&gt; Negocio y formaci\u00f3n ser\u00e1n los ejes de la feria que contar\u00e1 con 269 expositores, 67 ponentes y 26 touroperadores&nbsp;&gt;&gt; Bar de Aguas, Centro Termal, [&hellip;]<\/p>\n","protected":false},"author":1,"featured_media":3431,"comment_status":"open","ping_status":"open","sticky":false,"template":"","format":"standard","meta":{"footnotes":""},"categories":[12,17],"tags":[],"class_list":["post-3428","post","type-post","status-publish","format-standard","has-post-thumbnail","hentry","category-internacionales","category-turismo-termal"],"_links":{"self":[{"href":"https:\/\/argentinatermal.com.ar\/index.php?rest_route=\/wp\/v2\/posts\/3428","targetHints":{"allow":["GET"]}}],"collection":[{"href":"https:\/\/argentinatermal.com.ar\/index.php?rest_route=\/wp\/v2\/posts"}],"about":[{"href":"https:\/\/argentinatermal.com.ar\/index.php?rest_route=\/wp\/v2\/types\/post"}],"author":[{"embeddable":true,"href":"https:\/\/argentinatermal.com.ar\/index.php?rest_route=\/wp\/v2\/users\/1"}],"replies":[{"embeddable":true,"href":"https:\/\/argentinatermal.com.ar\/index.php?rest_route=%2Fwp%2Fv2%2Fcomments&post=3428"}],"version-history":[{"count":2,"href":"https:\/\/argentinatermal.com.ar\/index.php?rest_route=\/wp\/v2\/posts\/3428\/revisions"}],"predecessor-version":[{"id":3433,"href":"https:\/\/argentinatermal.com.ar\/index.php?rest_route=\/wp\/v2\/posts\/3428\/revisions\/3433"}],"wp:featuredmedia":[{"embeddable":true,"href":"https:\/\/argentinatermal.com.ar\/index.php?rest_route=\/wp\/v2\/media\/3431"}],"wp:attachment":[{"href":"https:\/\/argentinatermal.com.ar\/index.php?rest_route=%2Fwp%2Fv2%2Fmedia&parent=3428"}],"wp:term":[{"taxonomy":"category","embeddable":true,"href":"https:\/\/argentinatermal.com.ar\/index.php?rest_route=%2Fwp%2Fv2%2Fcategories&post=3428"},{"taxonomy":"post_tag","embeddable":true,"href":"https:\/\/argentinatermal.com.ar\/index.php?rest_route=%2Fwp%2Fv2%2Ftags&post=3428"}],"curies":[{"name":"wp","href":"https:\/\/api.w.org\/{rel}","templated":true}]}}