{"id":3445,"date":"2019-09-18T21:14:10","date_gmt":"2019-09-19T00:14:10","guid":{"rendered":"http:\/\/argentinatermal.com.ar\/?p=3445"},"modified":"2019-09-18T21:14:12","modified_gmt":"2019-09-19T00:14:12","slug":"en-la-semana-termatalia-galicia-aportara-normativas-para-mejorar-spa-termenses","status":"publish","type":"post","link":"https:\/\/argentinatermal.com.ar\/?p=3445","title":{"rendered":"En la semana Termatalia, Galicia aportar\u00e1 normativas para mejorar Spa termenses"},"content":{"rendered":"\n<p class=\"has-drop-cap\">La Junta de Galicia aportar\u00e1 antecedentes normativos relacionados a los servicios que brindan los Spa termales y las piletas l\u00fadicas termales para ser adaptados a los establecimientos de Termas de R\u00edo Hondo con el objeto de mejorar la prestaci\u00f3n de servicios para el turista.<\/p>\n\n\n\n<p>El acuerdo se realiz\u00f3 tras el encuentro que mantuvo el Subsecretario de Turismo de la Provincia, Ricardo Sosa, con la Directora de Turismo de la Xunta de Galicia, Nava Castro y el Gerente del Cluster de Agua mineral y Termal de Galicia, Benigno Amor, como parte de la estrat\u00e9gica alianza institucional que lleva adelante la Provincia con Galicia a trav\u00e9s de la Feria Termatalia para la adquisici\u00f3n de conocimientos cient\u00edficos, institucionales y legislativos para fortalecer la competitividad y calidad tur\u00edstica de la ciudad termal.<\/p>\n\n\n\n<figure class=\"wp-block-image\"><a href=\"https:\/\/www.termatalia.com\/noticias.php\" target=\"_blank\" rel=\"noreferrer noopener\"><img decoding=\"async\" width=\"800\" height=\"106\" src=\"http:\/\/argentinatermal.com.ar\/wp-content\/uploads\/2019\/09\/termatalia_galicia.gif\" alt=\"\" class=\"wp-image-3397\" \/><\/a><\/figure>\n\n\n\n<p>Sosa explic\u00f3 que Galicia \u00abtiene avances important\u00edsimos en materia de estudios cient\u00edficos del Termalismo y legislaci\u00f3n, existe una ley para balnearios y spa mientras que en estos momentos se encuentra presentado un anteproyecto para normatizar el funcionamiento de las piletas l\u00fadicas termales, ambos antecedentes ser\u00e1n cedidos a Santiago del Estero para que en un futuro cercano podamos incorporarlos adaptando a la realidad de nuestros establecimientos hoteleros que tienen spa, de esta manera vamos a colaborar con el sector privado en la eficientizaci\u00f3n de los recursos que utilizan para el funcionamiento de estos espacios, teniendo en cuenta que el turista casa vez es m\u00e1s exigente y sobre todo en Termas de R\u00edo Hondo que tiene el objeto de exportar su oferta termal, es decir, incrementar la cantidad de turistas extranjeros\u00bb.<\/p>\n\n\n\n<p>Record\u00f3 que a trav\u00e9s de esta alianza, \u00abel a\u00f1o pasado hemos recibido a dos expertos capacitadores espa\u00f1oles que colaboraron con los hoteles, este a\u00f1o en Fitur Madrid hemos firmado convenios con el Cluster de Turismo de Espa\u00f1a y con el Cluster de Turismo de Salud de Galicia y ahora concretamos recibir estos antecedentes normativos que ser\u00e1n de much\u00edsima utilidad, ya que una vez puestos en marcha, cuando sea el momento indicado, Termas de R\u00edo Hondo se convertir\u00e1 en la primer ciudad de Argentina con normas relacionadas a los Spa termales y piletas ludicas\u00bb.<\/p>\n\n\n\n<p>Espec\u00edfic\u00f3 que estos antecedentes ser\u00e1n incorporados una vez que sean evaluados con entidades representativas del sector y el municipio termense.<br>El funcionario Provincial destac\u00f3 que est\u00e1 apertura al extranjeros fueron lineamientos oportunamente establecidos por el Gobernador, Gerardo Zamora y es algo que las autoridades de Galicia han valorado much\u00edsimo ya que es una de las pocas provincias que apuntan a trabajar sobre la calidad y competitividad tur\u00edstica.<\/p>\n\n\n\n<p>El encuentro se produjo en Lobios, Espa\u00f1a, tras el cierre del Congreso Internacional de Termalismo que organiz\u00f3 la Interregi\u00f3n Portugal Espa\u00f1a bajo el proyecto Raia Termal que agrupa a ayuntamientos de toda la frontera norte de ambos pa\u00edses.<\/p>\n\n\n\n<p>La actividad continuar\u00e1 este jueves con el inicio de la Feria Mundial Termatalia en la ciudad de Ourense.<br>En la foto, tambi\u00e9n est\u00e1 presente el Vicepresidente de la Diputaci\u00f3n de Ourense, Rosendo Fern\u00e1ndez.\n\n<\/p>\n\n\n\n<p>Fuente:<a href=\"https:\/\/bit.ly\/2koplYG\" target=\"_blank\" rel=\"noreferrer noopener\" aria-label=\" (opens in a new tab)\">https:\/\/bit.ly\/2koplYG<\/a><\/p>\n\n\n","protected":false},"excerpt":{"rendered":"<p>La Junta de Galicia aportar\u00e1 antecedentes normativos relacionados a los servicios que brindan los Spa termales y las piletas l\u00fadicas termales para ser adaptados a los establecimientos de Termas de R\u00edo Hondo con el objeto de mejorar la prestaci\u00f3n de servicios para el turista. El acuerdo se realiz\u00f3 tras el encuentro que mantuvo el Subsecretario [&hellip;]<\/p>\n","protected":false},"author":1,"featured_media":3446,"comment_status":"open","ping_status":"open","sticky":false,"template":"","format":"standard","meta":{"footnotes":""},"categories":[29,8],"tags":[],"class_list":["post-3445","post","type-post","status-publish","format-standard","has-post-thumbnail","hentry","category-datos-utiles","category-noa"],"_links":{"self":[{"href":"https:\/\/argentinatermal.com.ar\/index.php?rest_route=\/wp\/v2\/posts\/3445","targetHints":{"allow":["GET"]}}],"collection":[{"href":"https:\/\/argentinatermal.com.ar\/index.php?rest_route=\/wp\/v2\/posts"}],"about":[{"href":"https:\/\/argentinatermal.com.ar\/index.php?rest_route=\/wp\/v2\/types\/post"}],"author":[{"embeddable":true,"href":"https:\/\/argentinatermal.com.ar\/index.php?rest_route=\/wp\/v2\/users\/1"}],"replies":[{"embeddable":true,"href":"https:\/\/argentinatermal.com.ar\/index.php?rest_route=%2Fwp%2Fv2%2Fcomments&post=3445"}],"version-history":[{"count":1,"href":"https:\/\/argentinatermal.com.ar\/index.php?rest_route=\/wp\/v2\/posts\/3445\/revisions"}],"predecessor-version":[{"id":3447,"href":"https:\/\/argentinatermal.com.ar\/index.php?rest_route=\/wp\/v2\/posts\/3445\/revisions\/3447"}],"wp:featuredmedia":[{"embeddable":true,"href":"https:\/\/argentinatermal.com.ar\/index.php?rest_route=\/wp\/v2\/media\/3446"}],"wp:attachment":[{"href":"https:\/\/argentinatermal.com.ar\/index.php?rest_route=%2Fwp%2Fv2%2Fmedia&parent=3445"}],"wp:term":[{"taxonomy":"category","embeddable":true,"href":"https:\/\/argentinatermal.com.ar\/index.php?rest_route=%2Fwp%2Fv2%2Fcategories&post=3445"},{"taxonomy":"post_tag","embeddable":true,"href":"https:\/\/argentinatermal.com.ar\/index.php?rest_route=%2Fwp%2Fv2%2Ftags&post=3445"}],"curies":[{"name":"wp","href":"https:\/\/api.w.org\/{rel}","templated":true}]}}