{"id":3449,"date":"2019-09-19T09:44:49","date_gmt":"2019-09-19T12:44:49","guid":{"rendered":"http:\/\/argentinatermal.com.ar\/?p=3449"},"modified":"2019-09-19T11:57:42","modified_gmt":"2019-09-19T14:57:42","slug":"oficialmente-quedo-inaugurada-una-nueva-edicion-de-termatalia-ourense-2019","status":"publish","type":"post","link":"https:\/\/argentinatermal.com.ar\/?p=3449","title":{"rendered":"Oficialmente quedo inaugurada una nueva edici\u00f3n de Termatalia Ourense 2019"},"content":{"rendered":"\n<p>Emma\nGonz\u00e1lez directora de Termatalia inaugura el Congreso m\u00e1s importante del mundo\nen Turismo de Salud y bienestar.<\/p>\n\n\n\n<figure class=\"wp-block-image\"><a href=\"https:\/\/www.termatalia.com\/noticias.php\" target=\"_blank\" rel=\"noreferrer noopener\"><img decoding=\"async\" width=\"800\" height=\"106\" src=\"http:\/\/argentinatermal.com.ar\/wp-content\/uploads\/2019\/09\/termatalia_galicia.gif\" alt=\"\" class=\"wp-image-3397\" \/><\/a><\/figure>\n\n\n\n<p>Autoridades\ndel panel:<\/p>\n\n\n\n<p>&nbsp;Dr. Jorge Pinar Tesouro. Vicepresidente\nEjecutivo Expourense<\/p>\n\n\n\n<p>Manuel Baltar Blanco. Presidente de la Depuraci\u00f3n provincial de Ourense.<\/p>\n\n\n\n<p>Dra.Sol Mar\u00eda V\u00e1zquez Abeal. Directora de Comercio Xunta de Galicia<\/p>\n\n\n\n<p>Miguel A. Santa luces Vieira. Presidente Parlamento de Galicia<\/p>\n\n\n\n<p>Dra. Flora Moure Iglesias. Concelleria de Turismo y Termalismo Ourense<\/p>\n\n\n\n<p>Giuseppe Bellandi. Presidente European Hist\u00f3rico Thermal Towns Associstion<\/p>\n\n\n\n<p>D. Thierry Dubois. Presidente Spas Association EHTTA<\/p>\n\n\n\n<p>D. Washington Sena. Representante Prefeitura de Foz Do Iguacu Brasil<\/p>\n\n\n\n<p>Miguel Mirones Diez. Presidente asociaci\u00f3n de Balnearios de Espa\u00f1a.<\/p>\n\n\n\n<div class=\"wp-block-image\"><figure class=\"alignright is-resized\"><img decoding=\"async\" src=\"http:\/\/argentinatermal.com.ar\/wp-content\/uploads\/2019\/09\/ff8752c3-d9fe-4e5e-abaa-a147673ce6e7-2.jpg\" alt=\"\" class=\"wp-image-3458\" width=\"363\" height=\"376\" srcset=\"https:\/\/argentinatermal.com.ar\/wp-content\/uploads\/2019\/09\/ff8752c3-d9fe-4e5e-abaa-a147673ce6e7-2.jpg 864w, https:\/\/argentinatermal.com.ar\/wp-content\/uploads\/2019\/09\/ff8752c3-d9fe-4e5e-abaa-a147673ce6e7-2-289x300.jpg 289w, https:\/\/argentinatermal.com.ar\/wp-content\/uploads\/2019\/09\/ff8752c3-d9fe-4e5e-abaa-a147673ce6e7-2-768x796.jpg 768w, https:\/\/argentinatermal.com.ar\/wp-content\/uploads\/2019\/09\/ff8752c3-d9fe-4e5e-abaa-a147673ce6e7-2-696x722.jpg 696w, https:\/\/argentinatermal.com.ar\/wp-content\/uploads\/2019\/09\/ff8752c3-d9fe-4e5e-abaa-a147673ce6e7-2-405x420.jpg 405w\" sizes=\"(max-width: 363px) 100vw, 363px\" \/><\/figure><\/div>\n\n\n\n<p>Nuestra delegada la licenciada, Teresita Van Strate represent\u00e1ndonos, una vez m\u00e1s, promocionando nuestras actividades, \u00a1\u00a1\u00a1haciendo actividades de Networking para seguir potenci\u00e1ndonos y disfrutando de reencontrarse con amigos del rubro termalismo y turismo de salud.<\/p>\n\n\n\n<p>Cabe destacar su exposici\u00f3n en el III Simposio Internacional de Termalismo y Calidad de Vida, donde se presento el trabajo concursado por Teresita Van Strate y Graciela Racedo sobre \u00a8Termalismo, base del desarrollo y mejora de la calidad de vida en Federaci\u00f3n\u00a8 (Entre R\u00edos Argentina) <\/p>\n\n\n\n<p>Una\napertura por el cual el mundo del conocimiento termal se da cita y donde\ntambi\u00e9n el anfitri\u00f3n abre sus puertas a esa gran feria que es Termatalia.<\/p>\n\n\n\n<div class=\"wp-block-image\"><figure class=\"alignright is-resized\"><img decoding=\"async\" src=\"http:\/\/argentinatermal.com.ar\/wp-content\/uploads\/2019\/09\/b0c9d857-e4e8-4d9a-8d28-8c17517f74ab-2.jpg\" alt=\"\" class=\"wp-image-3459\" width=\"422\" height=\"370\" srcset=\"https:\/\/argentinatermal.com.ar\/wp-content\/uploads\/2019\/09\/b0c9d857-e4e8-4d9a-8d28-8c17517f74ab-2.jpg 864w, https:\/\/argentinatermal.com.ar\/wp-content\/uploads\/2019\/09\/b0c9d857-e4e8-4d9a-8d28-8c17517f74ab-2-300x264.jpg 300w, https:\/\/argentinatermal.com.ar\/wp-content\/uploads\/2019\/09\/b0c9d857-e4e8-4d9a-8d28-8c17517f74ab-2-768x675.jpg 768w, https:\/\/argentinatermal.com.ar\/wp-content\/uploads\/2019\/09\/b0c9d857-e4e8-4d9a-8d28-8c17517f74ab-2-696x611.jpg 696w, https:\/\/argentinatermal.com.ar\/wp-content\/uploads\/2019\/09\/b0c9d857-e4e8-4d9a-8d28-8c17517f74ab-2-478x420.jpg 478w\" sizes=\"(max-width: 422px) 100vw, 422px\" \/><\/figure><\/div>\n\n\n\n<p>Una delegaci\u00f3n Argentina con grandes representantes del \u00e1mbito acad\u00e9mico, empresarial y gubernamental, entre ellos podemos destacar la presencia de la provincia de Entre R\u00edos quienes tienen el compromiso de traerse la posta para ser sede Termatalia el pr\u00f3ximo a\u00f1o a tierras entrerrianas, entre ellos la secretaria de Cultura y Turismo de la provincia de Entre R\u00ecos la Dra. Carolina Gaillear,\u00a0 Int. de Colon Mario Rebord, la Diputada Mayda Cresto, el Senador Angel Giano y al director de Codesal, Jose Luis Rodruiguez, Por la provincia de Santiago del Estero el subsecretario de turismo Ricardo Sosa, representantes del sector privado Alicia Puntin representando a FEHGRA y la Dra. Lorena Vela por Copahue entre otros.<\/p>\n\n\n\n<ul class=\"wp-block-gallery columns-3 is-cropped wp-block-gallery-1 is-layout-flex wp-block-gallery-is-layout-flex\"><li class=\"blocks-gallery-item\"><figure><img decoding=\"async\" width=\"768\" height=\"1024\" src=\"http:\/\/argentinatermal.com.ar\/wp-content\/uploads\/2019\/09\/a1731e13-9483-4b72-8857-76e9e306835a-768x1024.jpg\" alt=\"\" data-id=\"3452\" class=\"wp-image-3452\" srcset=\"https:\/\/argentinatermal.com.ar\/wp-content\/uploads\/2019\/09\/a1731e13-9483-4b72-8857-76e9e306835a-768x1024.jpg 768w, https:\/\/argentinatermal.com.ar\/wp-content\/uploads\/2019\/09\/a1731e13-9483-4b72-8857-76e9e306835a-225x300.jpg 225w, https:\/\/argentinatermal.com.ar\/wp-content\/uploads\/2019\/09\/a1731e13-9483-4b72-8857-76e9e306835a-696x928.jpg 696w, https:\/\/argentinatermal.com.ar\/wp-content\/uploads\/2019\/09\/a1731e13-9483-4b72-8857-76e9e306835a-315x420.jpg 315w, https:\/\/argentinatermal.com.ar\/wp-content\/uploads\/2019\/09\/a1731e13-9483-4b72-8857-76e9e306835a.jpg 864w\" sizes=\"(max-width: 768px) 100vw, 768px\" \/><\/figure><\/li><li class=\"blocks-gallery-item\"><figure><img decoding=\"async\" width=\"768\" height=\"1024\" src=\"http:\/\/argentinatermal.com.ar\/wp-content\/uploads\/2019\/09\/b0c9d857-e4e8-4d9a-8d28-8c17517f74ab-1-768x1024.jpg\" alt=\"\" data-id=\"3453\" data-link=\"http:\/\/argentinatermal.com.ar\/?attachment_id=3453\" class=\"wp-image-3453\" srcset=\"https:\/\/argentinatermal.com.ar\/wp-content\/uploads\/2019\/09\/b0c9d857-e4e8-4d9a-8d28-8c17517f74ab-1-768x1024.jpg 768w, https:\/\/argentinatermal.com.ar\/wp-content\/uploads\/2019\/09\/b0c9d857-e4e8-4d9a-8d28-8c17517f74ab-1-225x300.jpg 225w, https:\/\/argentinatermal.com.ar\/wp-content\/uploads\/2019\/09\/b0c9d857-e4e8-4d9a-8d28-8c17517f74ab-1-696x928.jpg 696w, https:\/\/argentinatermal.com.ar\/wp-content\/uploads\/2019\/09\/b0c9d857-e4e8-4d9a-8d28-8c17517f74ab-1-315x420.jpg 315w, https:\/\/argentinatermal.com.ar\/wp-content\/uploads\/2019\/09\/b0c9d857-e4e8-4d9a-8d28-8c17517f74ab-1.jpg 864w\" sizes=\"(max-width: 768px) 100vw, 768px\" \/><\/figure><\/li><li class=\"blocks-gallery-item\"><figure><img decoding=\"async\" width=\"768\" height=\"1024\" src=\"http:\/\/argentinatermal.com.ar\/wp-content\/uploads\/2019\/09\/ff8752c3-d9fe-4e5e-abaa-a147673ce6e7-1-768x1024.jpg\" alt=\"\" data-id=\"3454\" data-link=\"http:\/\/argentinatermal.com.ar\/?attachment_id=3454\" class=\"wp-image-3454\" srcset=\"https:\/\/argentinatermal.com.ar\/wp-content\/uploads\/2019\/09\/ff8752c3-d9fe-4e5e-abaa-a147673ce6e7-1-768x1024.jpg 768w, https:\/\/argentinatermal.com.ar\/wp-content\/uploads\/2019\/09\/ff8752c3-d9fe-4e5e-abaa-a147673ce6e7-1-225x300.jpg 225w, https:\/\/argentinatermal.com.ar\/wp-content\/uploads\/2019\/09\/ff8752c3-d9fe-4e5e-abaa-a147673ce6e7-1-696x928.jpg 696w, https:\/\/argentinatermal.com.ar\/wp-content\/uploads\/2019\/09\/ff8752c3-d9fe-4e5e-abaa-a147673ce6e7-1-315x420.jpg 315w, https:\/\/argentinatermal.com.ar\/wp-content\/uploads\/2019\/09\/ff8752c3-d9fe-4e5e-abaa-a147673ce6e7-1.jpg 864w\" sizes=\"(max-width: 768px) 100vw, 768px\" \/><\/figure><\/li><li class=\"blocks-gallery-item\"><figure><img decoding=\"async\" width=\"1024\" height=\"768\" src=\"http:\/\/argentinatermal.com.ar\/wp-content\/uploads\/2019\/09\/ffb4a1dd-9e07-420a-bb09-abf295198517-1024x768.jpg\" alt=\"\" data-id=\"3455\" data-link=\"http:\/\/argentinatermal.com.ar\/?attachment_id=3455\" class=\"wp-image-3455\" srcset=\"https:\/\/argentinatermal.com.ar\/wp-content\/uploads\/2019\/09\/ffb4a1dd-9e07-420a-bb09-abf295198517-1024x768.jpg 1024w, https:\/\/argentinatermal.com.ar\/wp-content\/uploads\/2019\/09\/ffb4a1dd-9e07-420a-bb09-abf295198517-300x225.jpg 300w, https:\/\/argentinatermal.com.ar\/wp-content\/uploads\/2019\/09\/ffb4a1dd-9e07-420a-bb09-abf295198517-768x576.jpg 768w, https:\/\/argentinatermal.com.ar\/wp-content\/uploads\/2019\/09\/ffb4a1dd-9e07-420a-bb09-abf295198517-80x60.jpg 80w, https:\/\/argentinatermal.com.ar\/wp-content\/uploads\/2019\/09\/ffb4a1dd-9e07-420a-bb09-abf295198517-265x198.jpg 265w, https:\/\/argentinatermal.com.ar\/wp-content\/uploads\/2019\/09\/ffb4a1dd-9e07-420a-bb09-abf295198517-696x522.jpg 696w, https:\/\/argentinatermal.com.ar\/wp-content\/uploads\/2019\/09\/ffb4a1dd-9e07-420a-bb09-abf295198517-1068x801.jpg 1068w, https:\/\/argentinatermal.com.ar\/wp-content\/uploads\/2019\/09\/ffb4a1dd-9e07-420a-bb09-abf295198517-560x420.jpg 560w, https:\/\/argentinatermal.com.ar\/wp-content\/uploads\/2019\/09\/ffb4a1dd-9e07-420a-bb09-abf295198517.jpg 1152w\" sizes=\"(max-width: 1024px) 100vw, 1024px\" \/><\/figure><\/li><\/ul>\n","protected":false},"excerpt":{"rendered":"<p>Emma Gonz\u00e1lez directora de Termatalia inaugura el Congreso m\u00e1s importante del mundo en Turismo de Salud y bienestar. Autoridades del panel: &nbsp;Dr. Jorge Pinar Tesouro. Vicepresidente Ejecutivo Expourense Manuel Baltar Blanco. Presidente de la Depuraci\u00f3n provincial de Ourense. Dra.Sol Mar\u00eda V\u00e1zquez Abeal. Directora de Comercio Xunta de Galicia Miguel A. Santa luces Vieira. Presidente Parlamento [&hellip;]<\/p>\n","protected":false},"author":1,"featured_media":3461,"comment_status":"open","ping_status":"open","sticky":false,"template":"","format":"standard","meta":{"footnotes":""},"categories":[12],"tags":[],"class_list":["post-3449","post","type-post","status-publish","format-standard","has-post-thumbnail","hentry","category-internacionales"],"_links":{"self":[{"href":"https:\/\/argentinatermal.com.ar\/index.php?rest_route=\/wp\/v2\/posts\/3449","targetHints":{"allow":["GET"]}}],"collection":[{"href":"https:\/\/argentinatermal.com.ar\/index.php?rest_route=\/wp\/v2\/posts"}],"about":[{"href":"https:\/\/argentinatermal.com.ar\/index.php?rest_route=\/wp\/v2\/types\/post"}],"author":[{"embeddable":true,"href":"https:\/\/argentinatermal.com.ar\/index.php?rest_route=\/wp\/v2\/users\/1"}],"replies":[{"embeddable":true,"href":"https:\/\/argentinatermal.com.ar\/index.php?rest_route=%2Fwp%2Fv2%2Fcomments&post=3449"}],"version-history":[{"count":6,"href":"https:\/\/argentinatermal.com.ar\/index.php?rest_route=\/wp\/v2\/posts\/3449\/revisions"}],"predecessor-version":[{"id":3465,"href":"https:\/\/argentinatermal.com.ar\/index.php?rest_route=\/wp\/v2\/posts\/3449\/revisions\/3465"}],"wp:featuredmedia":[{"embeddable":true,"href":"https:\/\/argentinatermal.com.ar\/index.php?rest_route=\/wp\/v2\/media\/3461"}],"wp:attachment":[{"href":"https:\/\/argentinatermal.com.ar\/index.php?rest_route=%2Fwp%2Fv2%2Fmedia&parent=3449"}],"wp:term":[{"taxonomy":"category","embeddable":true,"href":"https:\/\/argentinatermal.com.ar\/index.php?rest_route=%2Fwp%2Fv2%2Fcategories&post=3449"},{"taxonomy":"post_tag","embeddable":true,"href":"https:\/\/argentinatermal.com.ar\/index.php?rest_route=%2Fwp%2Fv2%2Ftags&post=3449"}],"curies":[{"name":"wp","href":"https:\/\/api.w.org\/{rel}","templated":true}]}}