{"id":3494,"date":"2019-10-12T01:01:55","date_gmt":"2019-10-12T04:01:55","guid":{"rendered":"http:\/\/argentinatermal.com.ar\/?p=3494"},"modified":"2019-10-12T01:15:36","modified_gmt":"2019-10-12T04:15:36","slug":"la-provincia-de-entre-rios-teje-lazos-para-la-organizacion-termatalia-2020","status":"publish","type":"post","link":"https:\/\/argentinatermal.com.ar\/?p=3494","title":{"rendered":"La provincia de Entre R\u00edos teje lazos para la organizaci\u00f3n, Termatalia 2020"},"content":{"rendered":"\n<p class=\"has-drop-cap\">En el marco de la FIT &#8211; Feria Internacional de Turismo llevada a cabo en la ciudad de Buenos Aires, la provincia de Entre R\u00edos convoc\u00f3 a representantes de todas las provincias ya sean del \u00e1mbito publico como privados para proponerles empezar a trabajar en la organizaci\u00f3n de Termatalia 2020.  <\/p>\n\n\n\n<p>Evento que a\u00f1o a\u00f1o refuerza los lazos en  su car\u00e1cter de puente termal entre Euroasia y Am\u00e9rica con la celebraci\u00f3n de una nueva edici\u00f3n en Argentina. <\/p>\n\n\n\n<p>La provincia de Entre R\u00edos se convertir\u00e1 en un CENTRO DE NEGOCIOS y CONOCIMIENTO que reunir\u00e1 a profesionales de m\u00e1s de 30 pa\u00edses. <\/p>\n\n\n\n<figure class=\"wp-block-embed-youtube alignright wp-block-embed is-type-video is-provider-youtube wp-embed-aspect-16-9 wp-has-aspect-ratio\"><div class=\"wp-block-embed__wrapper\">\n<iframe title=\"Dra. Carolina Guilleard\" width=\"640\" height=\"360\" src=\"https:\/\/www.youtube.com\/embed\/i7vSc_ER_08?feature=oembed\" frameborder=\"0\" allow=\"accelerometer; autoplay; clipboard-write; encrypted-media; gyroscope; picture-in-picture; web-share\" referrerpolicy=\"strict-origin-when-cross-origin\" allowfullscreen><\/iframe>\n<\/div><\/figure>\n\n\n\n<p><strong>Termatalia 2020<\/strong>&nbsp;fomentar\u00e1 el intercambio de experiencias entre distintos continentes, desde un punto de vista empresarial, institucional y social, para obtener una perspectiva global del sector, con el fin de impulsar el mercado estrat\u00e9gico del Turismo Termal y de Bienestar. <\/p>\n\n\n\n<ul class=\"wp-block-gallery columns-3 is-cropped wp-block-gallery-1 is-layout-flex wp-block-gallery-is-layout-flex\"><li class=\"blocks-gallery-item\"><figure><img decoding=\"async\" width=\"1024\" height=\"768\" src=\"http:\/\/argentinatermal.com.ar\/wp-content\/uploads\/2019\/10\/IMG_20191005_193313-1024x768.jpg\" alt=\"\" data-id=\"3496\" class=\"wp-image-3496\" srcset=\"https:\/\/argentinatermal.com.ar\/wp-content\/uploads\/2019\/10\/IMG_20191005_193313-1024x768.jpg 1024w, https:\/\/argentinatermal.com.ar\/wp-content\/uploads\/2019\/10\/IMG_20191005_193313-300x225.jpg 300w, https:\/\/argentinatermal.com.ar\/wp-content\/uploads\/2019\/10\/IMG_20191005_193313-768x576.jpg 768w, https:\/\/argentinatermal.com.ar\/wp-content\/uploads\/2019\/10\/IMG_20191005_193313-80x60.jpg 80w, https:\/\/argentinatermal.com.ar\/wp-content\/uploads\/2019\/10\/IMG_20191005_193313-265x198.jpg 265w, https:\/\/argentinatermal.com.ar\/wp-content\/uploads\/2019\/10\/IMG_20191005_193313-696x522.jpg 696w, https:\/\/argentinatermal.com.ar\/wp-content\/uploads\/2019\/10\/IMG_20191005_193313-1068x801.jpg 1068w, https:\/\/argentinatermal.com.ar\/wp-content\/uploads\/2019\/10\/IMG_20191005_193313-560x420.jpg 560w, https:\/\/argentinatermal.com.ar\/wp-content\/uploads\/2019\/10\/IMG_20191005_193313.jpg 1220w\" sizes=\"(max-width: 1024px) 100vw, 1024px\" \/><\/figure><\/li><li class=\"blocks-gallery-item\"><figure><img decoding=\"async\" width=\"1024\" height=\"768\" src=\"http:\/\/argentinatermal.com.ar\/wp-content\/uploads\/2019\/10\/IMG_20191007_122302-1024x768.jpg\" alt=\"\" data-id=\"3497\" data-link=\"http:\/\/argentinatermal.com.ar\/?attachment_id=3497\" class=\"wp-image-3497\" srcset=\"https:\/\/argentinatermal.com.ar\/wp-content\/uploads\/2019\/10\/IMG_20191007_122302-1024x768.jpg 1024w, https:\/\/argentinatermal.com.ar\/wp-content\/uploads\/2019\/10\/IMG_20191007_122302-300x225.jpg 300w, https:\/\/argentinatermal.com.ar\/wp-content\/uploads\/2019\/10\/IMG_20191007_122302-768x576.jpg 768w, https:\/\/argentinatermal.com.ar\/wp-content\/uploads\/2019\/10\/IMG_20191007_122302-80x60.jpg 80w, https:\/\/argentinatermal.com.ar\/wp-content\/uploads\/2019\/10\/IMG_20191007_122302-265x198.jpg 265w, https:\/\/argentinatermal.com.ar\/wp-content\/uploads\/2019\/10\/IMG_20191007_122302-696x522.jpg 696w, https:\/\/argentinatermal.com.ar\/wp-content\/uploads\/2019\/10\/IMG_20191007_122302-1068x801.jpg 1068w, https:\/\/argentinatermal.com.ar\/wp-content\/uploads\/2019\/10\/IMG_20191007_122302-560x420.jpg 560w, https:\/\/argentinatermal.com.ar\/wp-content\/uploads\/2019\/10\/IMG_20191007_122302.jpg 1122w\" sizes=\"(max-width: 1024px) 100vw, 1024px\" \/><\/figure><\/li><li class=\"blocks-gallery-item\"><figure><img decoding=\"async\" width=\"1024\" height=\"768\" src=\"http:\/\/argentinatermal.com.ar\/wp-content\/uploads\/2019\/10\/IMG_20191007_122313-1024x768.jpg\" alt=\"\" data-id=\"3498\" data-link=\"http:\/\/argentinatermal.com.ar\/?attachment_id=3498\" class=\"wp-image-3498\" srcset=\"https:\/\/argentinatermal.com.ar\/wp-content\/uploads\/2019\/10\/IMG_20191007_122313-1024x768.jpg 1024w, https:\/\/argentinatermal.com.ar\/wp-content\/uploads\/2019\/10\/IMG_20191007_122313-300x225.jpg 300w, https:\/\/argentinatermal.com.ar\/wp-content\/uploads\/2019\/10\/IMG_20191007_122313-768x576.jpg 768w, https:\/\/argentinatermal.com.ar\/wp-content\/uploads\/2019\/10\/IMG_20191007_122313-80x60.jpg 80w, https:\/\/argentinatermal.com.ar\/wp-content\/uploads\/2019\/10\/IMG_20191007_122313-265x198.jpg 265w, https:\/\/argentinatermal.com.ar\/wp-content\/uploads\/2019\/10\/IMG_20191007_122313-696x522.jpg 696w, https:\/\/argentinatermal.com.ar\/wp-content\/uploads\/2019\/10\/IMG_20191007_122313-1068x801.jpg 1068w, https:\/\/argentinatermal.com.ar\/wp-content\/uploads\/2019\/10\/IMG_20191007_122313-560x420.jpg 560w, https:\/\/argentinatermal.com.ar\/wp-content\/uploads\/2019\/10\/IMG_20191007_122313.jpg 1122w\" sizes=\"(max-width: 1024px) 100vw, 1024px\" \/><\/figure><\/li><li class=\"blocks-gallery-item\"><figure><img decoding=\"async\" width=\"1024\" height=\"768\" src=\"http:\/\/argentinatermal.com.ar\/wp-content\/uploads\/2019\/10\/IMG_20191007_125019-1024x768.jpg\" alt=\"\" data-id=\"3499\" data-link=\"http:\/\/argentinatermal.com.ar\/?attachment_id=3499\" class=\"wp-image-3499\" srcset=\"https:\/\/argentinatermal.com.ar\/wp-content\/uploads\/2019\/10\/IMG_20191007_125019-1024x768.jpg 1024w, https:\/\/argentinatermal.com.ar\/wp-content\/uploads\/2019\/10\/IMG_20191007_125019-300x225.jpg 300w, https:\/\/argentinatermal.com.ar\/wp-content\/uploads\/2019\/10\/IMG_20191007_125019-768x576.jpg 768w, https:\/\/argentinatermal.com.ar\/wp-content\/uploads\/2019\/10\/IMG_20191007_125019-80x60.jpg 80w, https:\/\/argentinatermal.com.ar\/wp-content\/uploads\/2019\/10\/IMG_20191007_125019-265x198.jpg 265w, https:\/\/argentinatermal.com.ar\/wp-content\/uploads\/2019\/10\/IMG_20191007_125019-696x522.jpg 696w, https:\/\/argentinatermal.com.ar\/wp-content\/uploads\/2019\/10\/IMG_20191007_125019-1068x801.jpg 1068w, https:\/\/argentinatermal.com.ar\/wp-content\/uploads\/2019\/10\/IMG_20191007_125019-560x420.jpg 560w, https:\/\/argentinatermal.com.ar\/wp-content\/uploads\/2019\/10\/IMG_20191007_125019.jpg 1122w\" sizes=\"(max-width: 1024px) 100vw, 1024px\" \/><\/figure><\/li><\/ul>\n\n\n","protected":false},"excerpt":{"rendered":"<p>En el marco de la FIT &#8211; Feria Internacional de Turismo llevada a cabo en la ciudad de Buenos Aires, la provincia de Entre R\u00edos convoc\u00f3 a representantes de todas las provincias ya sean del \u00e1mbito publico como privados para proponerles empezar a trabajar en la organizaci\u00f3n de Termatalia 2020. Evento que a\u00f1o a\u00f1o refuerza [&hellip;]<\/p>\n","protected":false},"author":1,"featured_media":3495,"comment_status":"open","ping_status":"open","sticky":false,"template":"","format":"standard","meta":{"footnotes":""},"categories":[7,23,3,15,14,22,17],"tags":[],"class_list":["post-3494","post","type-post","status-publish","format-standard","has-post-thumbnail","hentry","category-argentina","category-entrevistas","category-multimedia","category-turismo-de-bienestar","category-turismo-salud","category-turismo-sostenible","category-turismo-termal"],"_links":{"self":[{"href":"https:\/\/argentinatermal.com.ar\/index.php?rest_route=\/wp\/v2\/posts\/3494","targetHints":{"allow":["GET"]}}],"collection":[{"href":"https:\/\/argentinatermal.com.ar\/index.php?rest_route=\/wp\/v2\/posts"}],"about":[{"href":"https:\/\/argentinatermal.com.ar\/index.php?rest_route=\/wp\/v2\/types\/post"}],"author":[{"embeddable":true,"href":"https:\/\/argentinatermal.com.ar\/index.php?rest_route=\/wp\/v2\/users\/1"}],"replies":[{"embeddable":true,"href":"https:\/\/argentinatermal.com.ar\/index.php?rest_route=%2Fwp%2Fv2%2Fcomments&post=3494"}],"version-history":[{"count":3,"href":"https:\/\/argentinatermal.com.ar\/index.php?rest_route=\/wp\/v2\/posts\/3494\/revisions"}],"predecessor-version":[{"id":3502,"href":"https:\/\/argentinatermal.com.ar\/index.php?rest_route=\/wp\/v2\/posts\/3494\/revisions\/3502"}],"wp:featuredmedia":[{"embeddable":true,"href":"https:\/\/argentinatermal.com.ar\/index.php?rest_route=\/wp\/v2\/media\/3495"}],"wp:attachment":[{"href":"https:\/\/argentinatermal.com.ar\/index.php?rest_route=%2Fwp%2Fv2%2Fmedia&parent=3494"}],"wp:term":[{"taxonomy":"category","embeddable":true,"href":"https:\/\/argentinatermal.com.ar\/index.php?rest_route=%2Fwp%2Fv2%2Fcategories&post=3494"},{"taxonomy":"post_tag","embeddable":true,"href":"https:\/\/argentinatermal.com.ar\/index.php?rest_route=%2Fwp%2Fv2%2Ftags&post=3494"}],"curies":[{"name":"wp","href":"https:\/\/api.w.org\/{rel}","templated":true}]}}